{"id":242641,"date":"2024-08-30T18:10:28","date_gmt":"2024-08-30T23:10:28","guid":{"rendered":"http:\/\/vertienteglobal.com\/?p=242641"},"modified":"2024-08-30T18:10:28","modified_gmt":"2024-08-30T23:10:28","slug":"las-y-los-trabajadores-son-la-gran-fuerza-del-poder-legislativo-jorge-sanen","status":"publish","type":"post","link":"http:\/\/vertienteglobal.com\/?p=242641","title":{"rendered":"Las y los trabajadores son la gran fuerza del Poder Legislativo: Jorge San\u00e9n"},"content":{"rendered":"\n<div class=\"twitterbutton\" style=\"float: right; padding-left: 5px;\"><a href=\"http:\/\/twitter.com\/share\" class=\"twitter-share-button\" data-count=\"horizontal\" data-text=\"Las y los trabajadores son la gran fuerza del Poder Legislativo: Jorge San\u00e9n\" data-via=\"https:\/\/twitter.com\/VertienteGloba1\" data-url=\"http:\/\/vertienteglobal.com\/?p=242641\" data-lang=\"es\" data-related=\"Informaci\u00f3n general:S\u00edguenos para que est\u00e9ss informado\"><\/a><\/div>\n<figure class=\"wp-block-image size-full\"><img loading=\"lazy\" decoding=\"async\" width=\"692\" height=\"360\" src=\"http:\/\/vertienteglobal.com\/wp-content\/uploads\/2024\/09\/1000539448.png\" alt=\"\" class=\"wp-image-242642\" srcset=\"http:\/\/vertienteglobal.com\/wp-content\/uploads\/2024\/09\/1000539448.png 692w, http:\/\/vertienteglobal.com\/wp-content\/uploads\/2024\/09\/1000539448-300x156.png 300w, http:\/\/vertienteglobal.com\/wp-content\/uploads\/2024\/09\/1000539448-150x78.png 150w\" sizes=\"auto, (max-width: 692px) 100vw, 692px\" \/><\/figure>\n\n\n\n<p>(Redacci\u00f3n)<\/p>\n\n\n\n<p>Convive presidente de la Jugocopo con integrantes del Comit\u00e9 Directivo del Sindicato del Congreso.<\/p>\n\n\n\n<p>Chetumal, Quintana Roo 26 de septiembre del 2024. \u2013 El diputado Jorge San\u00e9n Cervantes, presidente de la Junta de Gobierno y Coordinaci\u00f3n Pol\u00edtica (Jugocopo), sostuvo un encuentro fraterno con las y los integrantes del comit\u00e9 directivo del Sindicato \u00danico de Trabajadores al Servicio del H. Congreso del Estado (SUTAHCE) encabezado por Mercedes Rodr\u00edguez Ocejo, a quienes les reiter\u00f3 el compromiso de la XVIII Legislatura de garantizar la estabilidad y armon\u00eda al interior del Poder Legislativo.<\/p>\n\n\n\n<p>Acompa\u00f1ado por la secretaria general Lirio Calder\u00f3n Gonz\u00e1lez, la subsecretaria de Servicios Administrativos Ilse Garrido Cervera y la subsecretaria de Servicios Legislativos Jennifer Santana Casar\u00edn, el l\u00edder del Congreso visit\u00f3 las oficinas del SUTAHCE para conocer y platicar con los integrantes del Comit\u00e9 Directivo.<\/p>\n\n\n\n<p>En este sentido, el presidente Jorge San\u00e9n coment\u00f3 que tanto Morena y el PVEM, las dos principales fuerzas pol\u00edticas en el Congreso, est\u00e1n a favor de continuar impulsando acciones que beneficien al personal legislativo.<\/p>\n\n\n\n<p>El legislador record\u00f3 que la gran fuerza del Poder Legislativo radica en las y los trabajadores de base y de confianza, por lo que les pidi\u00f3 que tengan la certeza y la seguridad de que se trabajar\u00e1 como un solo equipo y con una visi\u00f3n humanista para continuar con la transformaci\u00f3n de Quintana Roo.<\/p>\n\n\n\n<figure class=\"wp-block-image size-large\"><img loading=\"lazy\" decoding=\"async\" width=\"1024\" height=\"641\" src=\"http:\/\/vertienteglobal.com\/wp-content\/uploads\/2024\/09\/1000539449-1024x641.jpg\" alt=\"\" class=\"wp-image-242643\" srcset=\"http:\/\/vertienteglobal.com\/wp-content\/uploads\/2024\/09\/1000539449-1024x641.jpg 1024w, http:\/\/vertienteglobal.com\/wp-content\/uploads\/2024\/09\/1000539449-300x188.jpg 300w, http:\/\/vertienteglobal.com\/wp-content\/uploads\/2024\/09\/1000539449-150x94.jpg 150w, http:\/\/vertienteglobal.com\/wp-content\/uploads\/2024\/09\/1000539449-768x481.jpg 768w, http:\/\/vertienteglobal.com\/wp-content\/uploads\/2024\/09\/1000539449.jpg 1346w\" sizes=\"auto, (max-width: 1024px) 100vw, 1024px\" \/><\/figure>\n","protected":false},"excerpt":{"rendered":"<p>(Redacci\u00f3n) Convive presidente de la Jugocopo con integrantes del Comit\u00e9 Directivo del Sindicato del Congreso. Chetumal, Quintana Roo 26 de septiembre del 2024. \u2013 El diputado Jorge San\u00e9n Cervantes, presidente de la Junta de Gobierno y Coordinaci\u00f3n Pol\u00edtica (Jugocopo), sostuvo un encuentro fraterno con las y los integrantes del comit\u00e9 directivo del Sindicato \u00danico de [&hellip;]<\/p>\n","protected":false},"author":1,"featured_media":242642,"comment_status":"open","ping_status":"open","sticky":false,"template":"","format":"standard","meta":{"footnotes":""},"categories":[3],"tags":[],"class_list":["post-242641","post","type-post","status-publish","format-standard","has-post-thumbnail","hentry","category-quintana-roo","entry","has-media"],"jetpack_featured_media_url":"http:\/\/vertienteglobal.com\/wp-content\/uploads\/2024\/09\/1000539448.png","_links":{"self":[{"href":"http:\/\/vertienteglobal.com\/index.php?rest_route=\/wp\/v2\/posts\/242641","targetHints":{"allow":["GET"]}}],"collection":[{"href":"http:\/\/vertienteglobal.com\/index.php?rest_route=\/wp\/v2\/posts"}],"about":[{"href":"http:\/\/vertienteglobal.com\/index.php?rest_route=\/wp\/v2\/types\/post"}],"author":[{"embeddable":true,"href":"http:\/\/vertienteglobal.com\/index.php?rest_route=\/wp\/v2\/users\/1"}],"replies":[{"embeddable":true,"href":"http:\/\/vertienteglobal.com\/index.php?rest_route=%2Fwp%2Fv2%2Fcomments&post=242641"}],"version-history":[{"count":0,"href":"http:\/\/vertienteglobal.com\/index.php?rest_route=\/wp\/v2\/posts\/242641\/revisions"}],"wp:featuredmedia":[{"embeddable":true,"href":"http:\/\/vertienteglobal.com\/index.php?rest_route=\/wp\/v2\/media\/242642"}],"wp:attachment":[{"href":"http:\/\/vertienteglobal.com\/index.php?rest_route=%2Fwp%2Fv2%2Fmedia&parent=242641"}],"wp:term":[{"taxonomy":"category","embeddable":true,"href":"http:\/\/vertienteglobal.com\/index.php?rest_route=%2Fwp%2Fv2%2Fcategories&post=242641"},{"taxonomy":"post_tag","embeddable":true,"href":"http:\/\/vertienteglobal.com\/index.php?rest_route=%2Fwp%2Fv2%2Ftags&post=242641"}],"curies":[{"name":"wp","href":"https:\/\/api.w.org\/{rel}","templated":true}]}}