{"id":242587,"date":"2024-08-30T18:10:21","date_gmt":"2024-08-30T23:10:21","guid":{"rendered":"http:\/\/vertienteglobal.com\/?p=242587"},"modified":"2024-08-30T18:10:21","modified_gmt":"2024-08-30T23:10:21","slug":"avala-quintana-roo-reforma-constitucional-federal-sobre-la-guardia-nacional","status":"publish","type":"post","link":"http:\/\/vertienteglobal.com\/?p=242587","title":{"rendered":"Avala Quintana Roo reforma constitucional federal sobre la Guardia Nacional"},"content":{"rendered":"\n<div class=\"twitterbutton\" style=\"float: right; padding-left: 5px;\"><a href=\"http:\/\/twitter.com\/share\" class=\"twitter-share-button\" data-count=\"horizontal\" data-text=\"Avala Quintana Roo reforma constitucional federal sobre la Guardia Nacional\" data-via=\"https:\/\/twitter.com\/VertienteGloba1\" data-url=\"http:\/\/vertienteglobal.com\/?p=242587\" data-lang=\"es\" data-related=\"Informaci\u00f3n general:S\u00edguenos para que est\u00e9ss informado\"><\/a><\/div>\n<figure class=\"wp-block-image size-full\"><img loading=\"lazy\" decoding=\"async\" width=\"720\" height=\"480\" src=\"http:\/\/vertienteglobal.com\/wp-content\/uploads\/2024\/09\/1000537538.jpg\" alt=\"\" class=\"wp-image-242588\" srcset=\"http:\/\/vertienteglobal.com\/wp-content\/uploads\/2024\/09\/1000537538.jpg 720w, http:\/\/vertienteglobal.com\/wp-content\/uploads\/2024\/09\/1000537538-300x200.jpg 300w, http:\/\/vertienteglobal.com\/wp-content\/uploads\/2024\/09\/1000537538-150x100.jpg 150w\" sizes=\"auto, (max-width: 720px) 100vw, 720px\" \/><\/figure>\n\n\n\n<p>(Redaccion)<\/p>\n\n\n\n<p>Se aprob\u00f3 tambi\u00e9n la minuta federal en materia de pueblos y comunidades ind\u00edgenas y afromexicanos.<\/p>\n\n\n\n<p>Chetumal, Quintana Roo 25 de septiembre del 2024.- El Congreso de Quintana Roo aprob\u00f3 la minuta de reforma constitucional enviada por el Senado de la Rep\u00fablica que permitir\u00e1 consolidar a la Guardia Nacional como una fuerza de seguridad p\u00fablica, profesional, de car\u00e1cter permanente e integrada por personas militares con formaci\u00f3n policial, dependiente del ramo de Defensa Nacional.<\/p>\n\n\n\n<p>En tribuna, el presidente de la Junta de Gobierno y Coordinaci\u00f3n Pol\u00edtica (JUGOCOPO) diputado Jorge San\u00e9n Cervantes destac\u00f3 que la reforma busca profesionalizar el trabajo de las instituciones implicadas en garantizar la seguridad p\u00fablica en nuestro pa\u00eds.<\/p>\n\n\n\n<p>De acuerdo con la reforma federal avalada por el Pleno de la XVIII Legislatura del Estado, se establece que la funci\u00f3n de la Guardia Nacional ser\u00e1 la de ejecutar la Estrategia Nacional de Seguridad P\u00fablica dentro de su \u00e1mbito de competencia.<\/p>\n\n\n\n<p>Por su parte, el diputado Ricardo Velazco Rodr\u00edguez, presidente de la Comisi\u00f3n de Seguridad Ciudadana, Protecci\u00f3n Civil y Bomberos se\u00f1al\u00f3 que la reforma representa un hito significativo en la configuraci\u00f3n del sistema de seguridad p\u00fablica de M\u00e9xico, ya que generar\u00e1 un mayor fortalecimiento institucional y mejorar\u00e1 la coordinaci\u00f3n que se traduzca en una respuesta m\u00e1s efectiva ante los desaf\u00edos de seguridad p\u00fablica.<\/p>\n\n\n\n<p>Adem\u00e1s, el Congreso del Estado de Quintana Roo aprob\u00f3 la reforma federal en materia de pueblos y comunidades ind\u00edgenas y afromexicanos, mediante la cual se les reconoce como sujetos de derecho p\u00fablico, con personalidad jur\u00eddica y patrimonio propio.<\/p>\n\n\n\n<p>Con la reforma se salda una deuda hist\u00f3rica con la protecci\u00f3n de la identidad cultural, modos de vida, expresiones espirituales y biodiversidad que integran el patrimonio de los pueblos originarios.<\/p>\n\n\n\n<figure class=\"wp-block-image size-full\"><img loading=\"lazy\" decoding=\"async\" width=\"720\" height=\"480\" src=\"http:\/\/vertienteglobal.com\/wp-content\/uploads\/2024\/09\/1000537535.jpg\" alt=\"\" class=\"wp-image-242589\" srcset=\"http:\/\/vertienteglobal.com\/wp-content\/uploads\/2024\/09\/1000537535.jpg 720w, http:\/\/vertienteglobal.com\/wp-content\/uploads\/2024\/09\/1000537535-300x200.jpg 300w, http:\/\/vertienteglobal.com\/wp-content\/uploads\/2024\/09\/1000537535-150x100.jpg 150w\" sizes=\"auto, (max-width: 720px) 100vw, 720px\" \/><\/figure>\n","protected":false},"excerpt":{"rendered":"<p>(Redaccion) Se aprob\u00f3 tambi\u00e9n la minuta federal en materia de pueblos y comunidades ind\u00edgenas y afromexicanos. Chetumal, Quintana Roo 25 de septiembre del 2024.- El Congreso de Quintana Roo aprob\u00f3 la minuta de reforma constitucional enviada por el Senado de la Rep\u00fablica que permitir\u00e1 consolidar a la Guardia Nacional como una fuerza de seguridad p\u00fablica, [&hellip;]<\/p>\n","protected":false},"author":1,"featured_media":242589,"comment_status":"open","ping_status":"open","sticky":false,"template":"","format":"standard","meta":{"footnotes":""},"categories":[3],"tags":[],"class_list":["post-242587","post","type-post","status-publish","format-standard","has-post-thumbnail","hentry","category-quintana-roo","entry","has-media"],"jetpack_featured_media_url":"http:\/\/vertienteglobal.com\/wp-content\/uploads\/2024\/09\/1000537535.jpg","_links":{"self":[{"href":"http:\/\/vertienteglobal.com\/index.php?rest_route=\/wp\/v2\/posts\/242587","targetHints":{"allow":["GET"]}}],"collection":[{"href":"http:\/\/vertienteglobal.com\/index.php?rest_route=\/wp\/v2\/posts"}],"about":[{"href":"http:\/\/vertienteglobal.com\/index.php?rest_route=\/wp\/v2\/types\/post"}],"author":[{"embeddable":true,"href":"http:\/\/vertienteglobal.com\/index.php?rest_route=\/wp\/v2\/users\/1"}],"replies":[{"embeddable":true,"href":"http:\/\/vertienteglobal.com\/index.php?rest_route=%2Fwp%2Fv2%2Fcomments&post=242587"}],"version-history":[{"count":0,"href":"http:\/\/vertienteglobal.com\/index.php?rest_route=\/wp\/v2\/posts\/242587\/revisions"}],"wp:featuredmedia":[{"embeddable":true,"href":"http:\/\/vertienteglobal.com\/index.php?rest_route=\/wp\/v2\/media\/242589"}],"wp:attachment":[{"href":"http:\/\/vertienteglobal.com\/index.php?rest_route=%2Fwp%2Fv2%2Fmedia&parent=242587"}],"wp:term":[{"taxonomy":"category","embeddable":true,"href":"http:\/\/vertienteglobal.com\/index.php?rest_route=%2Fwp%2Fv2%2Fcategories&post=242587"},{"taxonomy":"post_tag","embeddable":true,"href":"http:\/\/vertienteglobal.com\/index.php?rest_route=%2Fwp%2Fv2%2Ftags&post=242587"}],"curies":[{"name":"wp","href":"https:\/\/api.w.org\/{rel}","templated":true}]}}