{"id":242223,"date":"2024-08-30T22:19:00","date_gmt":"2024-08-31T03:19:00","guid":{"rendered":"http:\/\/vertienteglobal.com\/?p=242223"},"modified":"2024-08-31T08:04:13","modified_gmt":"2024-08-31T13:04:13","slug":"presenta-anahuac-mayab-y-asociaciones-de-periodistas-el-taller-de-profesionalizacion","status":"publish","type":"post","link":"http:\/\/vertienteglobal.com\/?p=242223","title":{"rendered":"Presenta An\u00e1huac Mayab y asociaciones de periodistas, el taller de profesionalizaci\u00f3n"},"content":{"rendered":"\n<div class=\"twitterbutton\" style=\"float: right; padding-left: 5px;\"><a href=\"http:\/\/twitter.com\/share\" class=\"twitter-share-button\" data-count=\"horizontal\" data-text=\"Presenta An\u00e1huac Mayab y asociaciones de periodistas, el taller de profesionali...\" data-via=\"https:\/\/twitter.com\/VertienteGloba1\" data-url=\"http:\/\/vertienteglobal.com\/?p=242223\" data-lang=\"es\" data-related=\"Informaci\u00f3n general:S\u00edguenos para que est\u00e9ss informado\"><\/a><\/div>\n<figure class=\"wp-block-image size-large\"><img loading=\"lazy\" decoding=\"async\" width=\"1024\" height=\"615\" src=\"http:\/\/vertienteglobal.com\/wp-content\/uploads\/2024\/08\/IMG-20240830-WA0227-1024x615.jpg\" alt=\"\" class=\"wp-image-242224\" srcset=\"http:\/\/vertienteglobal.com\/wp-content\/uploads\/2024\/08\/IMG-20240830-WA0227-1024x615.jpg 1024w, http:\/\/vertienteglobal.com\/wp-content\/uploads\/2024\/08\/IMG-20240830-WA0227-300x180.jpg 300w, http:\/\/vertienteglobal.com\/wp-content\/uploads\/2024\/08\/IMG-20240830-WA0227-150x90.jpg 150w, http:\/\/vertienteglobal.com\/wp-content\/uploads\/2024\/08\/IMG-20240830-WA0227-768x461.jpg 768w, http:\/\/vertienteglobal.com\/wp-content\/uploads\/2024\/08\/IMG-20240830-WA0227.jpg 1336w\" sizes=\"auto, (max-width: 1024px) 100vw, 1024px\" \/><\/figure>\n\n\n\n<p>(Redacci\u00f3n)<\/p>\n\n\n\n<p>Con la participaci\u00f3n de Carlos Trujeque (Sports Marketing &amp; Branding); Daniela Cort\u00e9s (Social Media TUDN M\u00e9xico y USA) y Abraham Torres (Sembra Media LAB Hispanoam\u00e9rica).<\/p>\n\n\n\n<p>El Taller de Periodismo Inmersivo y Creaci\u00f3n de Contenido tiene alcance local, nacional e internacional.<\/p>\n\n\n\n<p>M\u00e9rida, Yucat\u00e1n a viernes 30 de agosto de 2024.- Con el compromiso de impulsar la formaci\u00f3n acad\u00e9mica y profesionalizaci\u00f3n del periodismo, la Universidad An\u00e1huac Mayab a trav\u00e9s de la Escuela de Comunicaci\u00f3n y Direcci\u00f3n de Empresas de Entretenimiento en alianza con seis asociaciones de periodistas present\u00f3 el Taller de Periodismo Inmersivo y Creaci\u00f3n de Contenido.<\/p>\n\n\n\n<p>En conferencia de prensa director de la escuela de Comunicaci\u00f3n y Direcci\u00f3n de Empresas de Entretenimiento de la Universidad An\u00e1huac Mayab, Carlos P\u00e9rez V\u00e1rguez y los representantes de la Uni\u00f3n de Periodistas Independientes de Yucat\u00e1n Eligio Ancona; Daniel Barquet Loeza; Asociaci\u00f3n de Comunicadores \u201c7 de Junio\u201d,. Norma Guadalupe M\u00e9ndez Castillo; Asociaci\u00f3n Nacional de Locutores, Jos\u00e9 Felipe Vera Mart\u00ednez; Asociaci\u00f3n de Mujeres Periodistas y Comunicadoras de Yucat\u00e1n, Yoisi Moguel Rosel; la Asociaci\u00f3n de Cronistas Deportivos de Yucat\u00e1n, Marco Moreno y Foro Nacional de Periodistas, Roberto Ojeda, dieron a conocer los detalles sobre el taller de capacitaci\u00f3n.<\/p>\n\n\n\n<p>Carlos P\u00e9rez V\u00e1rguez, precis\u00f3 que el programa se desarrollar\u00e1 en tres talleres, sin costo, enfocados al periodismo digital, desde la creaci\u00f3n de contenido en redes sociales hasta generar las noticias a trav\u00e9s de medios.<\/p>\n\n\n\n<p>El Taller de Periodismo y Creaci\u00f3n de Contenido, destac\u00f3, se realiza en el marco del 40 Aniversario de la casa de estudios y est\u00e1 dirigido principalmente a los periodistas en activo, que laboren en alg\u00fan medio o de manera independiente, no incluye p\u00e1ginas de Facebook.<\/p>\n\n\n\n<p>Esta capacitaci\u00f3n, detall\u00f3, se realizar\u00e1 durante tres s\u00e1bados: 7 y 21 de septiembre, a trav\u00e9s de la plataforma zoom, y 28 de septiembre en las instalaciones de la An\u00e1huac Mayab, donde al finalizar se entregan los reconocimientos a los participantes. El horario ser\u00e1 de 9 am a 1 pm.<\/p>\n\n\n\n<p>Sobre los m\u00f3dulos explic\u00f3 que el primero, \u201cBrand content, estrategias de posicionamiento period\u00edstico\u201d, estar\u00e1 a cargo de Carlos Trujeque (Sports Marketing &amp; Branding).<\/p>\n\n\n\n<p>El segundo, anot\u00f3, \u201cTecnolog\u00edas y herramientas period\u00edsticas 360\u201d, estar\u00e1 a cargo de Daniela Cort\u00e9s (Social Media TUDN M\u00e9xico y USA).<\/p>\n\n\n\n<p>Y el \u00faltimo presencial, \u201cEl nuevo enfoque para posicionar en Google y no perder m\u00e1s tu tiempo\u201d, ser\u00e1 impartido por Abraham Torres (Sembra Media LAB Hispanoam\u00e9rica).<\/p>\n\n\n\n<p>P\u00e9rez V\u00e1rguez consider\u00f3 que la importancia del taller radica en aprender a crear contenido valioso, es por eso queremos abonar a la formaci\u00f3n acad\u00e9mica del periodista,<\/p>\n\n\n\n<p>Por su parte, Yoisi Ivette Moguel Rosel, presidenta de la Asociaci\u00f3n de Mujeres Periodistas y Comunicadoras de Yucat\u00e1n, resalt\u00f3 la importancia de la participaci\u00f3n en este taller que busca elevar los conocimientos de los periodistas de Yucat\u00e1n.<\/p>\n\n\n\n<p>Esta invitaci\u00f3n, afirm\u00f3, ya lleg\u00f3 a otros estados como Campeche y Quintana Roo, donde hay inter\u00e9s por participar. \u201cEstoy convencida de que en la medida que nosotros nos preparemos y especialicemos aportaremos m\u00e1s a la sociedad\u201d.<\/p>\n\n\n\n<p>Para finalizar, Roberto Omar Ojeda Ben\u00edtez, presidente del Foro Nacional de Periodistas y Comunicadores, coment\u00f3 que es importante que como profesionales del periodismo sigan avanzando.<\/p>\n\n\n\n<p>Daniel Barquet se\u00f1al\u00f3 que en Yucat\u00e1n hay m\u00e1s de 2,000 medios, pero no se cuenta con un registro formal.<\/p>\n\n\n\n<p>Para registrarse, accedan al siguiente link: https:\/\/docs.google.com\/forms\/d\/e\/1FAIpQLSeh3Sy1K8f0mYMoZMh9fA_3sMi9SunZk7jLMAJkvlKVSaRD0g\/viewform<\/p>\n","protected":false},"excerpt":{"rendered":"<p>(Redacci\u00f3n) Con la participaci\u00f3n de Carlos Trujeque (Sports Marketing &amp; Branding); Daniela Cort\u00e9s (Social Media TUDN M\u00e9xico y USA) y Abraham Torres (Sembra Media LAB Hispanoam\u00e9rica). El Taller de Periodismo Inmersivo y Creaci\u00f3n de Contenido tiene alcance local, nacional e internacional. M\u00e9rida, Yucat\u00e1n a viernes 30 de agosto de 2024.- Con el compromiso de impulsar [&hellip;]<\/p>\n","protected":false},"author":1,"featured_media":242224,"comment_status":"open","ping_status":"open","sticky":false,"template":"","format":"standard","meta":{"footnotes":""},"categories":[9,2],"tags":[],"class_list":["post-242223","post","type-post","status-publish","format-standard","has-post-thumbnail","hentry","category-educacion","category-yucatan","entry","has-media"],"jetpack_featured_media_url":"http:\/\/vertienteglobal.com\/wp-content\/uploads\/2024\/08\/IMG-20240830-WA0227.jpg","_links":{"self":[{"href":"http:\/\/vertienteglobal.com\/index.php?rest_route=\/wp\/v2\/posts\/242223","targetHints":{"allow":["GET"]}}],"collection":[{"href":"http:\/\/vertienteglobal.com\/index.php?rest_route=\/wp\/v2\/posts"}],"about":[{"href":"http:\/\/vertienteglobal.com\/index.php?rest_route=\/wp\/v2\/types\/post"}],"author":[{"embeddable":true,"href":"http:\/\/vertienteglobal.com\/index.php?rest_route=\/wp\/v2\/users\/1"}],"replies":[{"embeddable":true,"href":"http:\/\/vertienteglobal.com\/index.php?rest_route=%2Fwp%2Fv2%2Fcomments&post=242223"}],"version-history":[{"count":0,"href":"http:\/\/vertienteglobal.com\/index.php?rest_route=\/wp\/v2\/posts\/242223\/revisions"}],"wp:featuredmedia":[{"embeddable":true,"href":"http:\/\/vertienteglobal.com\/index.php?rest_route=\/wp\/v2\/media\/242224"}],"wp:attachment":[{"href":"http:\/\/vertienteglobal.com\/index.php?rest_route=%2Fwp%2Fv2%2Fmedia&parent=242223"}],"wp:term":[{"taxonomy":"category","embeddable":true,"href":"http:\/\/vertienteglobal.com\/index.php?rest_route=%2Fwp%2Fv2%2Fcategories&post=242223"},{"taxonomy":"post_tag","embeddable":true,"href":"http:\/\/vertienteglobal.com\/index.php?rest_route=%2Fwp%2Fv2%2Ftags&post=242223"}],"curies":[{"name":"wp","href":"https:\/\/api.w.org\/{rel}","templated":true}]}}