{"id":242158,"date":"2024-08-22T17:58:00","date_gmt":"2024-08-22T22:58:00","guid":{"rendered":"http:\/\/vertienteglobal.com\/?p=242158"},"modified":"2024-08-23T02:01:01","modified_gmt":"2024-08-23T07:01:01","slug":"la-gobernadora-mara-lezama-espinosa-se-reune-con-omar-garcia-harfuch-para-fortaleza-y-seguridad-en-quintana-roo","status":"publish","type":"post","link":"http:\/\/vertienteglobal.com\/?p=242158","title":{"rendered":"La gobernadora Mara Lezama Espinosa se re\u00fane con Omar Garc\u00eda Harfuch para fortaleza y seguridad en Quintana Roo"},"content":{"rendered":"\n<div class=\"twitterbutton\" style=\"float: right; padding-left: 5px;\"><a href=\"http:\/\/twitter.com\/share\" class=\"twitter-share-button\" data-count=\"horizontal\" data-text=\"La gobernadora Mara Lezama Espinosa se re\u00fane con Omar Garc\u00eda Harfuch para fort...\" data-via=\"https:\/\/twitter.com\/VertienteGloba1\" data-url=\"http:\/\/vertienteglobal.com\/?p=242158\" data-lang=\"es\" data-related=\"Informaci\u00f3n general:S\u00edguenos para que est\u00e9ss informado\"><\/a><\/div>\n<figure class=\"wp-block-image size-full\"><img loading=\"lazy\" decoding=\"async\" width=\"720\" height=\"533\" src=\"http:\/\/vertienteglobal.com\/wp-content\/uploads\/2024\/08\/FB_IMG_1724396270769.jpg\" alt=\"\" class=\"wp-image-242159\" srcset=\"http:\/\/vertienteglobal.com\/wp-content\/uploads\/2024\/08\/FB_IMG_1724396270769.jpg 720w, http:\/\/vertienteglobal.com\/wp-content\/uploads\/2024\/08\/FB_IMG_1724396270769-300x222.jpg 300w, http:\/\/vertienteglobal.com\/wp-content\/uploads\/2024\/08\/FB_IMG_1724396270769-150x111.jpg 150w\" sizes=\"auto, (max-width: 720px) 100vw, 720px\" \/><\/figure>\n\n\n\n<p>(Redacci\u00f3n)<\/p>\n\n\n\n<p>La gobernadora destac\u00f3 la importancia de esta colaboraci\u00f3n con el pr\u00f3ximo Secretario de Seguridad P\u00fablica, quien cuenta con una amplia trayectoria en la materia, y reiter\u00f3 su compromiso de seguir impulsando acciones que beneficien a la poblaci\u00f3n de Quintana Roo<\/p>\n\n\n\n<p>Ciudad de M\u00e9xico, 22 de agosto del 2024.- En un esfuerzo por reforzar la seguridad y promover la paz en Quintana Roo, la gobernadora Mara Lezama sostuvo una importante reuni\u00f3n en la Ciudad de M\u00e9xico con Omar Garc\u00eda Harfuch, quien ha sido designado como pr\u00f3ximo Secretario de Seguridad P\u00fablica por la Dra. Claudia Sheinbaum, Presidenta Electa de M\u00e9xico.<\/p>\n\n\n\n<p>Durante el encuentro, Lezama Espinosa y Garc\u00eda Harfuch discutieron a fondo las estrategias y planificaron las acciones que ser\u00e1n implementadas en el estado para garantizar la tranquilidad de sus habitantes. \u00ab\ud835\udc75\ud835\udc90\ud835\udc94 \ud835\udc93\ud835\udc86\ud835\udc96\ud835\udc8f\ud835\udc8a\ud835\udc8e\ud835\udc90\ud835\udc94 \ud835\udc86\ud835\udc8f \ud835\udc6a\ud835\udc6b\ud835\udc74\ud835\udc7f \ud835\udc91\ud835\udc82\ud835\udc93\ud835\udc82 \ud835\udc84\ud835\udc90\ud835\udc8f\ud835\udc97\ud835\udc86\ud835\udc93\ud835\udc94\ud835\udc82\ud835\udc93, \ud835\udc82\ud835\udc8f\ud835\udc82\ud835\udc8d\ud835\udc8a\ud835\udc9b\ud835\udc82\ud835\udc93 \ud835\udc8d\ud835\udc82\ud835\udc94 \ud835\udc86\ud835\udc94\ud835\udc95\ud835\udc93\ud835\udc82\ud835\udc95\ud835\udc86\ud835\udc88\ud835\udc8a\ud835\udc82\ud835\udc94 \ud835\udc9a \ud835\udc91\ud835\udc8d\ud835\udc82\ud835\udc8f\ud835\udc8a\ud835\udc87\ud835\udc8a\ud835\udc84\ud835\udc82\ud835\udc93 \ud835\udc8d\ud835\udc82\ud835\udc94 \ud835\udc82\ud835\udc84\ud835\udc84\ud835\udc8a\ud835\udc90\ud835\udc8f\ud835\udc86\ud835\udc94 \ud835\udc91\ud835\udc82\ud835\udc93\ud835\udc82 \ud835\udc82\ud835\udc97\ud835\udc82\ud835\udc8f\ud835\udc9b\ud835\udc82\ud835\udc93 \ud835\udc86\ud835\udc8f \ud835\udc8d\ud835\udc82 \ud835\udc84\ud835\udc90\ud835\udc8f\ud835\udc94\ud835\udc95\ud835\udc93\ud835\udc96\ud835\udc84\ud835\udc84\ud835\udc8a\ud835\udc90\u0301\ud835\udc8f \ud835\udc85\ud835\udc86 \ud835\udc91\ud835\udc82\ud835\udc9b \ud835\udc9a \ud835\udc95\ud835\udc93\ud835\udc82\ud835\udc8f\ud835\udc92\ud835\udc96\ud835\udc8a\ud835\udc8d\ud835\udc8a\ud835\udc85\ud835\udc82\ud835\udc85 \ud835\udc91\ud835\udc82\ud835\udc93\ud835\udc82 \ud835\udc8f\ud835\udc96\ud835\udc86\ud835\udc94\ud835\udc95\ud835\udc93\ud835\udc90 \ud835\udc86\ud835\udc94\ud835\udc95\ud835\udc82\ud835\udc85\ud835\udc90 \ud835\udc9a \ud835\udc94\ud835\udc96 \ud835\udc91\ud835\udc90\ud835\udc83\ud835\udc8d\ud835\udc82\ud835\udc84\ud835\udc8a\ud835\udc90\u0301\ud835\udc8f\u00bb, declar\u00f3 la gobernadora.<\/p>\n\n\n\n<p>Este encuentro subraya el compromiso del gobierno estatal de Quintana Roo de trabajar en estrecha colaboraci\u00f3n con las autoridades federales para abordar los desaf\u00edos en materia de seguridad y asegurar un ambiente seguro para todos los ciudadanos.<\/p>\n\n\n\n<p>La gobernadora destac\u00f3 la importancia de esta colaboraci\u00f3n con el pr\u00f3ximo Secretario de Seguridad P\u00fablica, quien cuenta con una amplia trayectoria en la materia, y reiter\u00f3 su compromiso de seguir impulsando acciones que beneficien a la poblaci\u00f3n de Quintana Roo.<\/p>\n\n\n\n<p>Con estas acciones, se espera que Quintana Roo contin\u00fae avanzando en la consolidaci\u00f3n de un entorno de paz y seguridad, clave para el desarrollo y bienestar de sus ciudadanos.<\/p>\n","protected":false},"excerpt":{"rendered":"<p>(Redacci\u00f3n) La gobernadora destac\u00f3 la importancia de esta colaboraci\u00f3n con el pr\u00f3ximo Secretario de Seguridad P\u00fablica, quien cuenta con una amplia trayectoria en la materia, y reiter\u00f3 su compromiso de seguir impulsando acciones que beneficien a la poblaci\u00f3n de Quintana Roo Ciudad de M\u00e9xico, 22 de agosto del 2024.- En un esfuerzo por reforzar la [&hellip;]<\/p>\n","protected":false},"author":1,"featured_media":242159,"comment_status":"open","ping_status":"open","sticky":false,"template":"","format":"standard","meta":{"footnotes":""},"categories":[8,3],"tags":[],"class_list":["post-242158","post","type-post","status-publish","format-standard","has-post-thumbnail","hentry","category-pais","category-quintana-roo","entry","has-media"],"jetpack_featured_media_url":"http:\/\/vertienteglobal.com\/wp-content\/uploads\/2024\/08\/FB_IMG_1724396270769.jpg","_links":{"self":[{"href":"http:\/\/vertienteglobal.com\/index.php?rest_route=\/wp\/v2\/posts\/242158","targetHints":{"allow":["GET"]}}],"collection":[{"href":"http:\/\/vertienteglobal.com\/index.php?rest_route=\/wp\/v2\/posts"}],"about":[{"href":"http:\/\/vertienteglobal.com\/index.php?rest_route=\/wp\/v2\/types\/post"}],"author":[{"embeddable":true,"href":"http:\/\/vertienteglobal.com\/index.php?rest_route=\/wp\/v2\/users\/1"}],"replies":[{"embeddable":true,"href":"http:\/\/vertienteglobal.com\/index.php?rest_route=%2Fwp%2Fv2%2Fcomments&post=242158"}],"version-history":[{"count":0,"href":"http:\/\/vertienteglobal.com\/index.php?rest_route=\/wp\/v2\/posts\/242158\/revisions"}],"wp:featuredmedia":[{"embeddable":true,"href":"http:\/\/vertienteglobal.com\/index.php?rest_route=\/wp\/v2\/media\/242159"}],"wp:attachment":[{"href":"http:\/\/vertienteglobal.com\/index.php?rest_route=%2Fwp%2Fv2%2Fmedia&parent=242158"}],"wp:term":[{"taxonomy":"category","embeddable":true,"href":"http:\/\/vertienteglobal.com\/index.php?rest_route=%2Fwp%2Fv2%2Fcategories&post=242158"},{"taxonomy":"post_tag","embeddable":true,"href":"http:\/\/vertienteglobal.com\/index.php?rest_route=%2Fwp%2Fv2%2Ftags&post=242158"}],"curies":[{"name":"wp","href":"https:\/\/api.w.org\/{rel}","templated":true}]}}