{"id":242107,"date":"2024-08-22T13:56:00","date_gmt":"2024-08-22T18:56:00","guid":{"rendered":"http:\/\/vertienteglobal.com\/?p=242107"},"modified":"2024-08-22T18:59:12","modified_gmt":"2024-08-22T23:59:12","slug":"claudia-sheinbaum-anuncia-que-el-proximo-lunes-presentara-al-nuevo-titular-de-pemex","status":"publish","type":"post","link":"http:\/\/vertienteglobal.com\/?p=242107","title":{"rendered":"Claudia Sheinbaum anuncia que el pr\u00f3ximo lunes presentar\u00e1 al nuevo titular de Pemex"},"content":{"rendered":"\n<div class=\"twitterbutton\" style=\"float: right; padding-left: 5px;\"><a href=\"http:\/\/twitter.com\/share\" class=\"twitter-share-button\" data-count=\"horizontal\" data-text=\"Claudia Sheinbaum anuncia que el pr\u00f3ximo lunes presentar\u00e1 al nuevo titular de ...\" data-via=\"https:\/\/twitter.com\/VertienteGloba1\" data-url=\"http:\/\/vertienteglobal.com\/?p=242107\" data-lang=\"es\" data-related=\"Informaci\u00f3n general:S\u00edguenos para que est\u00e9ss informado\"><\/a><\/div>\n<figure class=\"wp-block-image size-full\"><img loading=\"lazy\" decoding=\"async\" width=\"1024\" height=\"683\" src=\"http:\/\/vertienteglobal.com\/wp-content\/uploads\/2024\/08\/240706xeva20240822133949.webp\" alt=\"\" class=\"wp-image-242108\" srcset=\"http:\/\/vertienteglobal.com\/wp-content\/uploads\/2024\/08\/240706xeva20240822133949.webp 1024w, http:\/\/vertienteglobal.com\/wp-content\/uploads\/2024\/08\/240706xeva20240822133949-300x200.webp 300w, http:\/\/vertienteglobal.com\/wp-content\/uploads\/2024\/08\/240706xeva20240822133949-150x100.webp 150w, http:\/\/vertienteglobal.com\/wp-content\/uploads\/2024\/08\/240706xeva20240822133949-768x512.webp 768w\" sizes=\"auto, (max-width: 1024px) 100vw, 1024px\" \/><\/figure>\n\n\n\n<p>(Redacci\u00f3n)<\/p>\n\n\n\n<p>Indic\u00f3 que el 26 de agosto har\u00e1 el nombramiento oficial de Pemex, sin dar m\u00e1s detalles, aunque el mi\u00e9rcoles neg\u00f3 que recibiera presiones para este esperado anuncio<\/p>\n\n\n\n<p>Ciudad de M\u00e9xico 22 de agosto del 2024.-La presidenta electa de M\u00e9xico, Claudia Sheinbaum, anunci\u00f3 este jueves que el pr\u00f3ximo lunes presentar\u00e1 a quien ser\u00e1 el nuevo titular de Petr\u00f3leos Mexicanos (Pemex), uno de los nombramientos m\u00e1s esperados por los mercados para su Gobierno, que inicia el 1 de octubre.<\/p>\n\n\n\n<p>Y es que en conferencia de prensa, Sheinbaum, doctora en Ingenier\u00eda en Energ\u00eda, indic\u00f3 que el 26 de agosto har\u00e1 el nombramiento oficial de Pemex, sin dar m\u00e1s detalles, aunque el mi\u00e9rcoles neg\u00f3 que recibiera presiones para este esperado anuncio.<\/p>\n\n\n\n<p>Sheinbaum tambi\u00e9n inform\u00f3 que el mi\u00e9rcoles se public\u00f3 en el Diario Oficial de la Federaci\u00f3n \u00abla formalidad de la transici\u00f3n\u00bb del Gobierno, para la que se instalar\u00e1 \u00abuna mesa de coordinaci\u00f3n\u00bb, encabezada por la actual y la pr\u00f3xima secretaria de Gobernaci\u00f3n.<\/p>\n\n\n\n<p>\u00abProbablemente, quiz\u00e1 el lunes o antes, se instale formalmente la mesa entre Luisa Mar\u00eda Alcalde y Rosa Icela Rodr\u00edguez\u2026 A partir de ah\u00ed, ya se determinar\u00e1n los calendarios y todo el procedimiento normal que ocurre cuando hay transici\u00f3n entre gobiernos\u00bb, agreg\u00f3.<\/p>\n\n\n\n<p>La futura presidenta apunt\u00f3 que as\u00ed comenzar\u00e1 el \u00abproceso formal\u00bb de transici\u00f3n, que durar\u00e1 lo que resta de agosto y todo septiembre.<\/p>\n\n\n\n<p>Aunque precis\u00f3 que ya \u00abha habido de manera informal\u00bb charlas e intercambio de informaci\u00f3n entre el gabinete de las administraciones saliente y la entrante.<\/p>\n\n\n\n<p>Asimismo, Sheinbaum confirm\u00f3 que el pr\u00f3ximo martes se reunir\u00e1 con el presidente Andr\u00e9s Manuel L\u00f3pez Obrador, cuyo mandato termina el 30 de septiembre, para discutir el presupuesto del Gobierno, tal como adelant\u00f3 el mandatario saliente en su conferencia matutina.<\/p>\n\n\n\n<p>Tras ganar las elecciones del 2 de junio con casi 60 % de los votos, desde finales de ese mes Sheinbaum comenz\u00f3 a anunciar a los pr\u00f3ximos integrantes de su gabinete, donde destacan perfiles repetidos del Gobierno actual.<\/p>\n\n\n\n<p>Hasta ahora, de los 29 perfiles que ha anunciado Sheinbaum para su gabinete legal y ampliado, 16 ya han ocupado un cargo de alto nivel con L\u00f3pez Obrador. Adem\u00e1s, tambi\u00e9n desde junio, Sheinbaum comenz\u00f3 la denominada \u00abgira de la transici\u00f3n\u00bb junto con el presidente saliente para recorrer el pa\u00eds y revisar proyectos prioritarios.<\/p>\n\n\n\n<p>Entre ellos, a principios de agosto, inauguraron la refiner\u00eda en Dos Bocas, en Tabasco (sureste), junto al actual titular de Pemex, Octavio Romero Oropeza, proyecto que ha recibido cr\u00edticas por sobrecostos y retrasos en su construcci\u00f3n.(Fuente:EFE\/Xeva)<\/p>\n","protected":false},"excerpt":{"rendered":"<p>(Redacci\u00f3n) Indic\u00f3 que el 26 de agosto har\u00e1 el nombramiento oficial de Pemex, sin dar m\u00e1s detalles, aunque el mi\u00e9rcoles neg\u00f3 que recibiera presiones para este esperado anuncio Ciudad de M\u00e9xico 22 de agosto del 2024.-La presidenta electa de M\u00e9xico, Claudia Sheinbaum, anunci\u00f3 este jueves que el pr\u00f3ximo lunes presentar\u00e1 a quien ser\u00e1 el nuevo [&hellip;]<\/p>\n","protected":false},"author":1,"featured_media":242108,"comment_status":"open","ping_status":"open","sticky":false,"template":"","format":"standard","meta":{"footnotes":""},"categories":[8],"tags":[],"class_list":["post-242107","post","type-post","status-publish","format-standard","has-post-thumbnail","hentry","category-pais","entry","has-media"],"jetpack_featured_media_url":"http:\/\/vertienteglobal.com\/wp-content\/uploads\/2024\/08\/240706xeva20240822133949.webp","_links":{"self":[{"href":"http:\/\/vertienteglobal.com\/index.php?rest_route=\/wp\/v2\/posts\/242107","targetHints":{"allow":["GET"]}}],"collection":[{"href":"http:\/\/vertienteglobal.com\/index.php?rest_route=\/wp\/v2\/posts"}],"about":[{"href":"http:\/\/vertienteglobal.com\/index.php?rest_route=\/wp\/v2\/types\/post"}],"author":[{"embeddable":true,"href":"http:\/\/vertienteglobal.com\/index.php?rest_route=\/wp\/v2\/users\/1"}],"replies":[{"embeddable":true,"href":"http:\/\/vertienteglobal.com\/index.php?rest_route=%2Fwp%2Fv2%2Fcomments&post=242107"}],"version-history":[{"count":0,"href":"http:\/\/vertienteglobal.com\/index.php?rest_route=\/wp\/v2\/posts\/242107\/revisions"}],"wp:featuredmedia":[{"embeddable":true,"href":"http:\/\/vertienteglobal.com\/index.php?rest_route=\/wp\/v2\/media\/242108"}],"wp:attachment":[{"href":"http:\/\/vertienteglobal.com\/index.php?rest_route=%2Fwp%2Fv2%2Fmedia&parent=242107"}],"wp:term":[{"taxonomy":"category","embeddable":true,"href":"http:\/\/vertienteglobal.com\/index.php?rest_route=%2Fwp%2Fv2%2Fcategories&post=242107"},{"taxonomy":"post_tag","embeddable":true,"href":"http:\/\/vertienteglobal.com\/index.php?rest_route=%2Fwp%2Fv2%2Ftags&post=242107"}],"curies":[{"name":"wp","href":"https:\/\/api.w.org\/{rel}","templated":true}]}}