{"id":241967,"date":"2024-08-19T19:52:00","date_gmt":"2024-08-20T00:52:00","guid":{"rendered":"http:\/\/vertienteglobal.com\/?p=241967"},"modified":"2024-08-20T16:09:42","modified_gmt":"2024-08-20T21:09:42","slug":"clara-brugada-anuncia-integracion-de-su-gabinete-en-la-cdmx","status":"publish","type":"post","link":"http:\/\/vertienteglobal.com\/?p=241967","title":{"rendered":"Clara Brugada anuncia integraci\u00f3n de su gabinete en la CDMX"},"content":{"rendered":"\n<div class=\"twitterbutton\" style=\"float: right; padding-left: 5px;\"><a href=\"http:\/\/twitter.com\/share\" class=\"twitter-share-button\" data-count=\"horizontal\" data-text=\"Clara Brugada anuncia integraci\u00f3n de su gabinete en la CDMX\" data-via=\"https:\/\/twitter.com\/VertienteGloba1\" data-url=\"http:\/\/vertienteglobal.com\/?p=241967\" data-lang=\"es\" data-related=\"Informaci\u00f3n general:S\u00edguenos para que est\u00e9ss informado\"><\/a><\/div>\n<figure class=\"wp-block-image size-large\"><img loading=\"lazy\" decoding=\"async\" width=\"1024\" height=\"673\" src=\"http:\/\/vertienteglobal.com\/wp-content\/uploads\/2024\/08\/20240820_103147-1024x673.jpg\" alt=\"\" class=\"wp-image-241968\" srcset=\"http:\/\/vertienteglobal.com\/wp-content\/uploads\/2024\/08\/20240820_103147-1024x673.jpg 1024w, http:\/\/vertienteglobal.com\/wp-content\/uploads\/2024\/08\/20240820_103147-300x197.jpg 300w, http:\/\/vertienteglobal.com\/wp-content\/uploads\/2024\/08\/20240820_103147-150x99.jpg 150w, http:\/\/vertienteglobal.com\/wp-content\/uploads\/2024\/08\/20240820_103147-768x505.jpg 768w, http:\/\/vertienteglobal.com\/wp-content\/uploads\/2024\/08\/20240820_103147-1536x1010.jpg 1536w, http:\/\/vertienteglobal.com\/wp-content\/uploads\/2024\/08\/20240820_103147.jpg 2048w\" sizes=\"auto, (max-width: 1024px) 100vw, 1024px\" \/><\/figure>\n\n\n\n<p>(Redacci\u00f3n)<\/p>\n\n\n\n<p>Destaca la creaci\u00f3n de nuevas secretar\u00edas: la Secretar\u00eda de Gesti\u00f3n Sustentable del Agua, la Secretar\u00eda de Atenci\u00f3n Ciudadana y la Secretar\u00eda de Vivienda, asimismo se renueva la Secretar\u00eda de Planeaci\u00f3n y Ordenamiento Territorial<\/p>\n\n\n\n<p>Ciudad de M\u00e9xico 19 de agosto del 2024.-La jefa de gobierno electa de la Ciudad de M\u00e9xico, Clara Brugada, anunci\u00f3 a los integrantes de su gabinete.<\/p>\n\n\n\n<p>Y es que desde el Anfiteatro Sim\u00f3n Bol\u00edvar del Antiguo Colegio de San Ildelfonso, ubicado en el Centro Hist\u00f3rico, Brugada dio el anuncio estando acompa\u00f1ada por los 20 funcionarios.<\/p>\n\n\n\n<p>Seg\u00fan la exalcaldesa de Iztapalapa indic\u00f3 que con ello se avanza a la integraci\u00f3n del gobierno electo, el cual iniciar\u00e1 funciones el pr\u00f3ximo 5 de octubre.<\/p>\n\n\n\n<p>Adem\u00e1s mantiene a tres secretarios que trabajaron con Claudia Sheinbaum: Pablo V\u00e1zquez, Inti Mu\u00f1oz y Myriam Urz\u00faa.<\/p>\n\n\n\n<p>Igualmente hay personajes que fueron funcionarios del presidente L\u00f3pez Obrador como Alejandra Frausto, Nadine Gasman, Juan Pablo De Botton Falc\u00f3n, Er\u00e9ndira CruzVillegas Fuentes y Alejandro Encinas.<\/p>\n\n\n\n<p>Tambi\u00e9n, destaca la creaci\u00f3n de nuevas secretar\u00edas: la Secretar\u00eda de Gesti\u00f3n Sustentable del Agua, la Secretar\u00eda de Atenci\u00f3n Ciudadana y la Secretar\u00eda de Vivienda, asimismo se renueva la Secretar\u00eda de Planeaci\u00f3n y Ordenamiento Territorial.<\/p>\n\n\n\n<p>Este es el gabinete de Clara Brugada:<\/p>\n\n\n\n<p>C\u00e9sar Cravioto \u2013 Secretar\u00eda de Gobierno de la Ciudad de M\u00e9xico<br>Alejandra Frausto \u2013 Secretar\u00eda de Turismo de la Ciudad de M\u00e9xico (actual secretaria de Cultura del Gobierno federal)<br>Araceli Dami\u00e1n Gonz\u00e1lez \u2013 Secretar\u00eda de Bienestar e Inclusi\u00f3n Social (actual directora del Consejo de Evaluaci\u00f3n de CDMX)<br>Nadine Gasman \u2013 Secretar\u00eda de Salud de la CDMX (actual directora del Instituto Nacional de las Mujeres)<br>Ana Francis Mor \u2013 Secretar\u00eda de Cultura de la CDMX (diputada local de Morena en el Congreso capitalino)<br>Julia \u00c1lvarez Icaza \u2013 Secretar\u00eda del Medio Ambiente de la CDMX<br>Myriam Urz\u00faa \u2013 Se queda en la Secretar\u00eda de Gesti\u00f3n Integral de Riesgos y Protecci\u00f3n Civil, cargo que ocupa desde 2018<br>In\u00e9s Gonz\u00e1lez Nicol\u00e1s \u2013 Secretar\u00eda de Trabajo y Fomento al Empleo (es actual coordinadora de la Red de Mujeres Sindicalistas)<br>Nelly Antonia Ju\u00e1rez Audelo \u2013 Secretar\u00eda de Pueblos y Barrios Originarios (exdiputada constituyente)<br>Manola Zabalza Aldama \u2013 Secretar\u00eda de Desarrollo Econ\u00f3mico<br>Alejandro Encinas \u2013 Secretar\u00eda de Planeaci\u00f3n, Ordenamiento Territorial y Metr\u00f3polis<br>Pablo V\u00e1zquez Camacho \u2013 Se mantiene en la Secretar\u00eda de Seguridad Ciudadana<br>Juan Pablo De Botton Falc\u00f3n \u2013 Secretar\u00eda de Finanzas (es el actual subsecretario de Egresos de la SHCP)<br>Ra\u00fal Basulto Luviano \u2013 Secretar\u00eda de Obras (actual alcalde en Iztapalapa tras renuncia de Brugada)<br>Tom\u00e1s Pliego \u2013 Secretar\u00eda de Atenci\u00f3n Ciudadana<br>H\u00e9ctor Ulises Garc\u00eda Nieto \u2013 Secretar\u00eda de Movilidad<br>Inti Mu\u00f1oz Santini \u2013 Secretar\u00eda de Vivienda (es actual secretario de Vivienda en la Secretar\u00eda de Desarrollo Urbano)<br>Pablo Enrique Yanes Rizo \u2013 Secretar\u00eda de Educaci\u00f3n, Ciencia, Tecnolog\u00eda e Innovaci\u00f3n<br>Er\u00e9ndira CruzVillegas Fuentes \u2013 Consejer\u00eda Jur\u00eddica y de Servicios Legales<br>Daptnhe Cuevas Ortiz \u2013 Secretar\u00eda de Mujeres<br>Mario Esparza \u2013 Secretar\u00eda de Gesti\u00f3n Sustentable del Agua.(Fuente:24-Horas\/Xeva)<\/p>\n\n\n\n<figure class=\"wp-block-image size-large\"><img loading=\"lazy\" decoding=\"async\" width=\"1024\" height=\"674\" src=\"http:\/\/vertienteglobal.com\/wp-content\/uploads\/2024\/08\/20240820_103155-1024x674.jpg\" alt=\"\" class=\"wp-image-241969\" srcset=\"http:\/\/vertienteglobal.com\/wp-content\/uploads\/2024\/08\/20240820_103155-1024x674.jpg 1024w, http:\/\/vertienteglobal.com\/wp-content\/uploads\/2024\/08\/20240820_103155-300x197.jpg 300w, http:\/\/vertienteglobal.com\/wp-content\/uploads\/2024\/08\/20240820_103155-150x99.jpg 150w, http:\/\/vertienteglobal.com\/wp-content\/uploads\/2024\/08\/20240820_103155-768x506.jpg 768w, http:\/\/vertienteglobal.com\/wp-content\/uploads\/2024\/08\/20240820_103155-1536x1011.jpg 1536w, http:\/\/vertienteglobal.com\/wp-content\/uploads\/2024\/08\/20240820_103155-2048x1348.jpg 2048w\" sizes=\"auto, (max-width: 1024px) 100vw, 1024px\" \/><\/figure>\n\n\n\n<figure class=\"wp-block-image size-large\"><img loading=\"lazy\" decoding=\"async\" width=\"1024\" height=\"652\" src=\"http:\/\/vertienteglobal.com\/wp-content\/uploads\/2024\/08\/20240820_103151-1024x652.jpg\" alt=\"\" class=\"wp-image-241970\" srcset=\"http:\/\/vertienteglobal.com\/wp-content\/uploads\/2024\/08\/20240820_103151-1024x652.jpg 1024w, http:\/\/vertienteglobal.com\/wp-content\/uploads\/2024\/08\/20240820_103151-300x191.jpg 300w, http:\/\/vertienteglobal.com\/wp-content\/uploads\/2024\/08\/20240820_103151-150x95.jpg 150w, http:\/\/vertienteglobal.com\/wp-content\/uploads\/2024\/08\/20240820_103151-768x489.jpg 768w, http:\/\/vertienteglobal.com\/wp-content\/uploads\/2024\/08\/20240820_103151-1536x977.jpg 1536w, http:\/\/vertienteglobal.com\/wp-content\/uploads\/2024\/08\/20240820_103151.jpg 2048w\" sizes=\"auto, (max-width: 1024px) 100vw, 1024px\" \/><\/figure>\n","protected":false},"excerpt":{"rendered":"<p>(Redacci\u00f3n) Destaca la creaci\u00f3n de nuevas secretar\u00edas: la Secretar\u00eda de Gesti\u00f3n Sustentable del Agua, la Secretar\u00eda de Atenci\u00f3n Ciudadana y la Secretar\u00eda de Vivienda, asimismo se renueva la Secretar\u00eda de Planeaci\u00f3n y Ordenamiento Territorial Ciudad de M\u00e9xico 19 de agosto del 2024.-La jefa de gobierno electa de la Ciudad de M\u00e9xico, Clara Brugada, anunci\u00f3 a [&hellip;]<\/p>\n","protected":false},"author":1,"featured_media":241968,"comment_status":"open","ping_status":"open","sticky":false,"template":"","format":"standard","meta":{"footnotes":""},"categories":[8],"tags":[],"class_list":["post-241967","post","type-post","status-publish","format-standard","has-post-thumbnail","hentry","category-pais","entry","has-media"],"jetpack_featured_media_url":"http:\/\/vertienteglobal.com\/wp-content\/uploads\/2024\/08\/20240820_103147.jpg","_links":{"self":[{"href":"http:\/\/vertienteglobal.com\/index.php?rest_route=\/wp\/v2\/posts\/241967","targetHints":{"allow":["GET"]}}],"collection":[{"href":"http:\/\/vertienteglobal.com\/index.php?rest_route=\/wp\/v2\/posts"}],"about":[{"href":"http:\/\/vertienteglobal.com\/index.php?rest_route=\/wp\/v2\/types\/post"}],"author":[{"embeddable":true,"href":"http:\/\/vertienteglobal.com\/index.php?rest_route=\/wp\/v2\/users\/1"}],"replies":[{"embeddable":true,"href":"http:\/\/vertienteglobal.com\/index.php?rest_route=%2Fwp%2Fv2%2Fcomments&post=241967"}],"version-history":[{"count":0,"href":"http:\/\/vertienteglobal.com\/index.php?rest_route=\/wp\/v2\/posts\/241967\/revisions"}],"wp:featuredmedia":[{"embeddable":true,"href":"http:\/\/vertienteglobal.com\/index.php?rest_route=\/wp\/v2\/media\/241968"}],"wp:attachment":[{"href":"http:\/\/vertienteglobal.com\/index.php?rest_route=%2Fwp%2Fv2%2Fmedia&parent=241967"}],"wp:term":[{"taxonomy":"category","embeddable":true,"href":"http:\/\/vertienteglobal.com\/index.php?rest_route=%2Fwp%2Fv2%2Fcategories&post=241967"},{"taxonomy":"post_tag","embeddable":true,"href":"http:\/\/vertienteglobal.com\/index.php?rest_route=%2Fwp%2Fv2%2Ftags&post=241967"}],"curies":[{"name":"wp","href":"https:\/\/api.w.org\/{rel}","templated":true}]}}