{"id":241839,"date":"2024-08-15T20:50:00","date_gmt":"2024-08-16T01:50:00","guid":{"rendered":"http:\/\/vertienteglobal.com\/?p=241839"},"modified":"2024-08-17T17:21:07","modified_gmt":"2024-08-17T22:21:07","slug":"quintana-roo-esta-con-claudia-sheinbaum-rumbo-al-segundo-piso-de-la-transformacion-en-una-transicion-historica-mara-lezama","status":"publish","type":"post","link":"http:\/\/vertienteglobal.com\/?p=241839","title":{"rendered":"Quintana Roo est\u00e1 con Claudia Sheinbaum rumbo al Segundo Piso de la Transformaci\u00f3n en una transici\u00f3n hist\u00f3rica: Mara Lezama"},"content":{"rendered":"\n<div class=\"twitterbutton\" style=\"float: right; padding-left: 5px;\"><a href=\"http:\/\/twitter.com\/share\" class=\"twitter-share-button\" data-count=\"horizontal\" data-text=\"Quintana Roo est\u00e1 con Claudia Sheinbaum rumbo al Segundo Piso de la Transformac...\" data-via=\"https:\/\/twitter.com\/VertienteGloba1\" data-url=\"http:\/\/vertienteglobal.com\/?p=241839\" data-lang=\"es\" data-related=\"Informaci\u00f3n general:S\u00edguenos para que est\u00e9ss informado\"><\/a><\/div>\n<figure class=\"wp-block-image size-large\"><img loading=\"lazy\" decoding=\"async\" width=\"1024\" height=\"682\" src=\"http:\/\/vertienteglobal.com\/wp-content\/uploads\/2024\/08\/5c4d0a0b-3aa4-4ea0-b968-634880a2b066-1-1024x682.jpeg\" alt=\"\" class=\"wp-image-241840\" srcset=\"http:\/\/vertienteglobal.com\/wp-content\/uploads\/2024\/08\/5c4d0a0b-3aa4-4ea0-b968-634880a2b066-1-1024x682.jpeg 1024w, http:\/\/vertienteglobal.com\/wp-content\/uploads\/2024\/08\/5c4d0a0b-3aa4-4ea0-b968-634880a2b066-1-300x200.jpeg 300w, http:\/\/vertienteglobal.com\/wp-content\/uploads\/2024\/08\/5c4d0a0b-3aa4-4ea0-b968-634880a2b066-1-150x100.jpeg 150w, http:\/\/vertienteglobal.com\/wp-content\/uploads\/2024\/08\/5c4d0a0b-3aa4-4ea0-b968-634880a2b066-1-768x512.jpeg 768w, http:\/\/vertienteglobal.com\/wp-content\/uploads\/2024\/08\/5c4d0a0b-3aa4-4ea0-b968-634880a2b066-1-1536x1023.jpeg 1536w, http:\/\/vertienteglobal.com\/wp-content\/uploads\/2024\/08\/5c4d0a0b-3aa4-4ea0-b968-634880a2b066-1.jpeg 1600w\" sizes=\"auto, (max-width: 1024px) 100vw, 1024px\" \/><\/figure>\n\n\n\n<p>(Redacci\u00f3n)<\/p>\n\n\n\n<p>Mara Lezama asisti\u00f3 a la ceremonia en la que Claudia Sheinbaum Pardo recibi\u00f3 la constancia que la acredita como Presidenta Electa de M\u00e9xico<\/p>\n\n\n\n<p>Se destac\u00f3 el compromiso de trabajar en proyectos prioritarios, como la consolidaci\u00f3n del Tren Maya y el tren de carga para Quintana Roo y todo el Sureste<\/p>\n\n\n\n<p>Ciudad de M\u00e9xico, 15 de agosto del 2014.- La gobernadora de Quintana Roo, Mara Lezama Espinosa, acompa\u00f1\u00f3 a Claudia Sheinbaum Pardo en la recepci\u00f3n de la constancia que la acredita como Presidenta Electa de M\u00e9xico.<\/p>\n\n\n\n<p>La titular del Ejecutivo afirm\u00f3 que Quintana Roo respalda, en esta transici\u00f3n hist\u00f3rica, a la primera mujer Presidenta de M\u00e9xico en la construcci\u00f3n, juntas y juntos, del segundo piso de la Cuarta Transformaci\u00f3n.<\/p>\n\n\n\n<p>\u201cHoy M\u00e9xico vive un d\u00eda hist\u00f3rico, con la entrega de su constancia de mayor\u00eda como Presidenta Electa del pa\u00eds. Despu\u00e9s de m\u00e1s de 200 a\u00f1os, por primera vez una mujer liderar\u00e1 nuestra naci\u00f3n. Con su liderazgo, humanismo, compromiso, amor al pueblo y su lucha incansable por la justicia social y el bienestar de los mexicanos, se continuar\u00e1 consolidando la transformaci\u00f3n de M\u00e9xico\u201d expres\u00f3 Mara Lezama en redes sociales.<\/p>\n\n\n\n<p>Destac\u00f3 que el triunfo de Claudia Sheinbaum representa el triunfo de todas las mujeres mexicanas, marcando un nuevo cap\u00edtulo en la historia de la democracia del pa\u00eds, avanzando hacia un futuro m\u00e1s justo, inclusivo y equitativo.<\/p>\n\n\n\n<p>La cercan\u00eda de la gobernadora Mara Lezama con la Presidenta Electa permite continuar con la gran gesti\u00f3n de recursos y apoyo para el estado.<\/p>\n\n\n\n<p>Claudia Sheinbaum ha expresado su decisi\u00f3n e inter\u00e9s en seguir trabajando para el sur de M\u00e9xico, para trabajar en proyectos prioritarios, como la consolidaci\u00f3n del Tren Maya y el tren de carga.<\/p>\n\n\n\n<p>La gobernadora de Quintana Roo destac\u00f3 que este trabajo conjunto permitir\u00e1 seguir llevando justicia social, prosperidad compartida y bienestar a las y los quintanarroenses a trav\u00e9s del Nuevo Acuerdo por el Bienestar y Desarrollo.<\/p>\n\n\n\n<figure class=\"wp-block-image size-full\"><img loading=\"lazy\" decoding=\"async\" width=\"585\" height=\"813\" src=\"http:\/\/vertienteglobal.com\/wp-content\/uploads\/2024\/08\/b39d8d0e-0752-49bc-aebe-3f602bb2f739-585x813-1.jpeg\" alt=\"\" class=\"wp-image-241841\" srcset=\"http:\/\/vertienteglobal.com\/wp-content\/uploads\/2024\/08\/b39d8d0e-0752-49bc-aebe-3f602bb2f739-585x813-1.jpeg 585w, http:\/\/vertienteglobal.com\/wp-content\/uploads\/2024\/08\/b39d8d0e-0752-49bc-aebe-3f602bb2f739-585x813-1-216x300.jpeg 216w, http:\/\/vertienteglobal.com\/wp-content\/uploads\/2024\/08\/b39d8d0e-0752-49bc-aebe-3f602bb2f739-585x813-1-108x150.jpeg 108w\" sizes=\"auto, (max-width: 585px) 100vw, 585px\" \/><\/figure>\n\n\n\n<figure class=\"wp-block-image size-full\"><img loading=\"lazy\" decoding=\"async\" width=\"585\" height=\"329\" src=\"http:\/\/vertienteglobal.com\/wp-content\/uploads\/2024\/08\/69c76cac-8347-40e4-b917-b768a194036f-585x329-1.jpeg\" alt=\"\" class=\"wp-image-241842\" srcset=\"http:\/\/vertienteglobal.com\/wp-content\/uploads\/2024\/08\/69c76cac-8347-40e4-b917-b768a194036f-585x329-1.jpeg 585w, http:\/\/vertienteglobal.com\/wp-content\/uploads\/2024\/08\/69c76cac-8347-40e4-b917-b768a194036f-585x329-1-300x169.jpeg 300w, http:\/\/vertienteglobal.com\/wp-content\/uploads\/2024\/08\/69c76cac-8347-40e4-b917-b768a194036f-585x329-1-150x84.jpeg 150w\" sizes=\"auto, (max-width: 585px) 100vw, 585px\" \/><\/figure>\n\n\n\n<figure class=\"wp-block-image size-full\"><img loading=\"lazy\" decoding=\"async\" width=\"585\" height=\"366\" src=\"http:\/\/vertienteglobal.com\/wp-content\/uploads\/2024\/08\/bf8a0275-c7ea-48b1-98fa-1aa7839c8500-585x366-1.jpeg\" alt=\"\" class=\"wp-image-241843\" srcset=\"http:\/\/vertienteglobal.com\/wp-content\/uploads\/2024\/08\/bf8a0275-c7ea-48b1-98fa-1aa7839c8500-585x366-1.jpeg 585w, http:\/\/vertienteglobal.com\/wp-content\/uploads\/2024\/08\/bf8a0275-c7ea-48b1-98fa-1aa7839c8500-585x366-1-300x188.jpeg 300w, http:\/\/vertienteglobal.com\/wp-content\/uploads\/2024\/08\/bf8a0275-c7ea-48b1-98fa-1aa7839c8500-585x366-1-150x94.jpeg 150w\" sizes=\"auto, (max-width: 585px) 100vw, 585px\" \/><\/figure>\n\n\n\n<figure class=\"wp-block-image size-full\"><img loading=\"lazy\" decoding=\"async\" width=\"585\" height=\"459\" src=\"http:\/\/vertienteglobal.com\/wp-content\/uploads\/2024\/08\/2e270537-8745-47ea-b8e8-6fe14e1e9baa-585x459-1.jpeg\" alt=\"\" class=\"wp-image-241844\" srcset=\"http:\/\/vertienteglobal.com\/wp-content\/uploads\/2024\/08\/2e270537-8745-47ea-b8e8-6fe14e1e9baa-585x459-1.jpeg 585w, http:\/\/vertienteglobal.com\/wp-content\/uploads\/2024\/08\/2e270537-8745-47ea-b8e8-6fe14e1e9baa-585x459-1-300x235.jpeg 300w, http:\/\/vertienteglobal.com\/wp-content\/uploads\/2024\/08\/2e270537-8745-47ea-b8e8-6fe14e1e9baa-585x459-1-150x118.jpeg 150w\" sizes=\"auto, (max-width: 585px) 100vw, 585px\" \/><\/figure>\n","protected":false},"excerpt":{"rendered":"<p>(Redacci\u00f3n) Mara Lezama asisti\u00f3 a la ceremonia en la que Claudia Sheinbaum Pardo recibi\u00f3 la constancia que la acredita como Presidenta Electa de M\u00e9xico Se destac\u00f3 el compromiso de trabajar en proyectos prioritarios, como la consolidaci\u00f3n del Tren Maya y el tren de carga para Quintana Roo y todo el Sureste Ciudad de M\u00e9xico, 15 [&hellip;]<\/p>\n","protected":false},"author":1,"featured_media":241840,"comment_status":"open","ping_status":"open","sticky":false,"template":"","format":"standard","meta":{"footnotes":""},"categories":[8,3],"tags":[],"class_list":["post-241839","post","type-post","status-publish","format-standard","has-post-thumbnail","hentry","category-pais","category-quintana-roo","entry","has-media"],"jetpack_featured_media_url":"http:\/\/vertienteglobal.com\/wp-content\/uploads\/2024\/08\/5c4d0a0b-3aa4-4ea0-b968-634880a2b066-1.jpeg","_links":{"self":[{"href":"http:\/\/vertienteglobal.com\/index.php?rest_route=\/wp\/v2\/posts\/241839","targetHints":{"allow":["GET"]}}],"collection":[{"href":"http:\/\/vertienteglobal.com\/index.php?rest_route=\/wp\/v2\/posts"}],"about":[{"href":"http:\/\/vertienteglobal.com\/index.php?rest_route=\/wp\/v2\/types\/post"}],"author":[{"embeddable":true,"href":"http:\/\/vertienteglobal.com\/index.php?rest_route=\/wp\/v2\/users\/1"}],"replies":[{"embeddable":true,"href":"http:\/\/vertienteglobal.com\/index.php?rest_route=%2Fwp%2Fv2%2Fcomments&post=241839"}],"version-history":[{"count":0,"href":"http:\/\/vertienteglobal.com\/index.php?rest_route=\/wp\/v2\/posts\/241839\/revisions"}],"wp:featuredmedia":[{"embeddable":true,"href":"http:\/\/vertienteglobal.com\/index.php?rest_route=\/wp\/v2\/media\/241840"}],"wp:attachment":[{"href":"http:\/\/vertienteglobal.com\/index.php?rest_route=%2Fwp%2Fv2%2Fmedia&parent=241839"}],"wp:term":[{"taxonomy":"category","embeddable":true,"href":"http:\/\/vertienteglobal.com\/index.php?rest_route=%2Fwp%2Fv2%2Fcategories&post=241839"},{"taxonomy":"post_tag","embeddable":true,"href":"http:\/\/vertienteglobal.com\/index.php?rest_route=%2Fwp%2Fv2%2Ftags&post=241839"}],"curies":[{"name":"wp","href":"https:\/\/api.w.org\/{rel}","templated":true}]}}