{"id":241672,"date":"2024-08-12T09:19:00","date_gmt":"2024-08-12T14:19:00","guid":{"rendered":"http:\/\/vertienteglobal.com\/?p=241672"},"modified":"2024-08-13T09:20:43","modified_gmt":"2024-08-13T14:20:43","slug":"todos-los-kilometros-del-tren-maya-seran-concluidos-a-inicios-de-septiembre-proximo-amlo","status":"publish","type":"post","link":"http:\/\/vertienteglobal.com\/?p=241672","title":{"rendered":"Todos los kil\u00f3metros del Tren maya ser\u00e1n concluidos a inicios de septiembre pr\u00f3ximo: AMLO"},"content":{"rendered":"\n<div class=\"twitterbutton\" style=\"float: right; padding-left: 5px;\"><a href=\"http:\/\/twitter.com\/share\" class=\"twitter-share-button\" data-count=\"horizontal\" data-text=\"Todos los kil\u00f3metros del Tren maya ser\u00e1n concluidos a inicios de septiembre pr...\" data-via=\"https:\/\/twitter.com\/VertienteGloba1\" data-url=\"http:\/\/vertienteglobal.com\/?p=241672\" data-lang=\"es\" data-related=\"Informaci\u00f3n general:S\u00edguenos para que est\u00e9ss informado\"><\/a><\/div>\n<figure class=\"wp-block-image size-full\"><img loading=\"lazy\" decoding=\"async\" width=\"1024\" height=\"683\" src=\"http:\/\/vertienteglobal.com\/wp-content\/uploads\/2024\/08\/239813xeva20240812094418.webp\" alt=\"\" class=\"wp-image-241673\" srcset=\"http:\/\/vertienteglobal.com\/wp-content\/uploads\/2024\/08\/239813xeva20240812094418.webp 1024w, http:\/\/vertienteglobal.com\/wp-content\/uploads\/2024\/08\/239813xeva20240812094418-300x200.webp 300w, http:\/\/vertienteglobal.com\/wp-content\/uploads\/2024\/08\/239813xeva20240812094418-150x100.webp 150w, http:\/\/vertienteglobal.com\/wp-content\/uploads\/2024\/08\/239813xeva20240812094418-768x512.webp 768w\" sizes=\"auto, (max-width: 1024px) 100vw, 1024px\" \/><\/figure>\n\n\n\n<p>(Redacci\u00f3n)<\/p>\n\n\n\n<p>Reconoce AMLO que construcci\u00f3n del tramo 5 del Tren Maya \u201cha costado mucho trabajo<\/p>\n\n\n\n<p>Ciudad de M\u00e9xico 12 de agosto del 2024.-El presidente de M\u00e9xico, Andr\u00e9s Manuel L\u00f3pez Obrador, reconoci\u00f3 que el tramo 5 del Tren Maya, es el que m\u00e1s trabajo le ha costado construir a su Gobierno, adem\u00e1s apunt\u00f3 que pese a cuidar el medioambiente en dicho tramo, pseudoambientalistas, artistas famosos y hasta empresarios han obstaculizado su construcci\u00f3n con protestas y amparos.<\/p>\n\n\n\n<p>\u00abEs un tramo que nos ha costado trabajo, mucho trabajo, es un tramo relativamente corto, sin embargo, se han cuidado cenotes, r\u00edos submarinos, subterr\u00e1neos y cuevas\u00bb, dijo, al tiempo que asever\u00f3 que se han construido 80 kil\u00f3metros de viaductos y segundos pisos para \u201cno afectar cenotes\u201d que se encuentran en la zona.<\/p>\n\n\n\n<p>\u201cNosotros estamos construyendo el Tren Maya cuidado no afectando el medio ambiente. Nada m\u00e1s para que se tenga idea, de Tulum a Canc\u00fan son alrededor de 120 kil\u00f3metros y para no afectar 80 kil\u00f3metros son viaductos, segundos pisos. Es una inversi\u00f3n de dos, tres veces m\u00e1s que lo que costar\u00eda hacer el tren en el piso\u201d, destac\u00f3.<\/p>\n\n\n\n<p>Cabe agregar que una de las obras insignias del gobierno de L\u00f3pez Obrador, el Tren Maya contempla m\u00e1s de mil 500 kil\u00f3metros de v\u00eda f\u00e9rrea para transporte de carga, turistas y pasajeros locales en los cinco estados del sureste del pa\u00eds: Campeche, Chiapas, Quintana Roo, Tabasco y Yucat\u00e1n.<\/p>\n\n\n\n<p>El presidente L\u00f3pez Obrador ha asegurado que todos los kil\u00f3metros del Tren maya ser\u00e1n concluidos a inicios de septiembre pr\u00f3ximo, a tan solo unos d\u00edas de que concluya su sexenio.(Fuente: LD\/Xeva)<\/p>\n","protected":false},"excerpt":{"rendered":"<p>(Redacci\u00f3n) Reconoce AMLO que construcci\u00f3n del tramo 5 del Tren Maya \u201cha costado mucho trabajo Ciudad de M\u00e9xico 12 de agosto del 2024.-El presidente de M\u00e9xico, Andr\u00e9s Manuel L\u00f3pez Obrador, reconoci\u00f3 que el tramo 5 del Tren Maya, es el que m\u00e1s trabajo le ha costado construir a su Gobierno, adem\u00e1s apunt\u00f3 que pese a [&hellip;]<\/p>\n","protected":false},"author":1,"featured_media":241673,"comment_status":"open","ping_status":"open","sticky":false,"template":"","format":"standard","meta":{"footnotes":""},"categories":[8],"tags":[],"class_list":["post-241672","post","type-post","status-publish","format-standard","has-post-thumbnail","hentry","category-pais","entry","has-media"],"jetpack_featured_media_url":"http:\/\/vertienteglobal.com\/wp-content\/uploads\/2024\/08\/239813xeva20240812094418.webp","_links":{"self":[{"href":"http:\/\/vertienteglobal.com\/index.php?rest_route=\/wp\/v2\/posts\/241672","targetHints":{"allow":["GET"]}}],"collection":[{"href":"http:\/\/vertienteglobal.com\/index.php?rest_route=\/wp\/v2\/posts"}],"about":[{"href":"http:\/\/vertienteglobal.com\/index.php?rest_route=\/wp\/v2\/types\/post"}],"author":[{"embeddable":true,"href":"http:\/\/vertienteglobal.com\/index.php?rest_route=\/wp\/v2\/users\/1"}],"replies":[{"embeddable":true,"href":"http:\/\/vertienteglobal.com\/index.php?rest_route=%2Fwp%2Fv2%2Fcomments&post=241672"}],"version-history":[{"count":0,"href":"http:\/\/vertienteglobal.com\/index.php?rest_route=\/wp\/v2\/posts\/241672\/revisions"}],"wp:featuredmedia":[{"embeddable":true,"href":"http:\/\/vertienteglobal.com\/index.php?rest_route=\/wp\/v2\/media\/241673"}],"wp:attachment":[{"href":"http:\/\/vertienteglobal.com\/index.php?rest_route=%2Fwp%2Fv2%2Fmedia&parent=241672"}],"wp:term":[{"taxonomy":"category","embeddable":true,"href":"http:\/\/vertienteglobal.com\/index.php?rest_route=%2Fwp%2Fv2%2Fcategories&post=241672"},{"taxonomy":"post_tag","embeddable":true,"href":"http:\/\/vertienteglobal.com\/index.php?rest_route=%2Fwp%2Fv2%2Ftags&post=241672"}],"curies":[{"name":"wp","href":"https:\/\/api.w.org\/{rel}","templated":true}]}}