{"id":241260,"date":"2024-07-30T22:52:00","date_gmt":"2024-07-31T03:52:00","guid":{"rendered":"http:\/\/vertienteglobal.com\/?p=241260"},"modified":"2024-07-31T16:15:46","modified_gmt":"2024-07-31T21:15:46","slug":"gobierno-de-isla-mujeres-se-suma-a-la-lucha-contra-la-trata-de-personas","status":"publish","type":"post","link":"http:\/\/vertienteglobal.com\/?p=241260","title":{"rendered":"Gobierno de Isla Mujeres se suma a la lucha contra la trata de personas"},"content":{"rendered":"\n<div class=\"twitterbutton\" style=\"float: right; padding-left: 5px;\"><a href=\"http:\/\/twitter.com\/share\" class=\"twitter-share-button\" data-count=\"horizontal\" data-text=\"Gobierno de Isla Mujeres se suma a la lucha contra la trata de personas\" data-via=\"https:\/\/twitter.com\/VertienteGloba1\" data-url=\"http:\/\/vertienteglobal.com\/?p=241260\" data-lang=\"es\" data-related=\"Informaci\u00f3n general:S\u00edguenos para que est\u00e9ss informado\"><\/a><\/div>\n<figure class=\"wp-block-image size-full\"><img loading=\"lazy\" decoding=\"async\" width=\"720\" height=\"480\" src=\"http:\/\/vertienteglobal.com\/wp-content\/uploads\/2024\/07\/FB_IMG_1722460304507.jpg\" alt=\"\" class=\"wp-image-241261\" srcset=\"http:\/\/vertienteglobal.com\/wp-content\/uploads\/2024\/07\/FB_IMG_1722460304507.jpg 720w, http:\/\/vertienteglobal.com\/wp-content\/uploads\/2024\/07\/FB_IMG_1722460304507-300x200.jpg 300w, http:\/\/vertienteglobal.com\/wp-content\/uploads\/2024\/07\/FB_IMG_1722460304507-150x100.jpg 150w\" sizes=\"auto, (max-width: 720px) 100vw, 720px\" \/><\/figure>\n\n\n\n<p>(Redaccion)<\/p>\n\n\n\n<p>La alcaldesa isle\u00f1a recalc\u00f3 que en su Gobierno se trabaja incansablemente para prevenir y erradicar este delito que afecta severamente la vida de las v\u00edctimas, y al cual son m\u00e1s vulnerables los destinos tur\u00edsticos<\/p>\n\n\n\n<p>Isla Mujeres, Quintana Roo, 30 de julio de 2024.-El Gobierno Municipal de Isla Mujeres, que encabeza la alcaldesa Atenea G\u00f3mez Ricalde , se suma a la lucha contra la trata de personas a trav\u00e9s de la Campa\u00f1a Estatal \u201cLa Trata no es Parte del Juego\u201d y de la \u201cEstrategia contra la Explotaci\u00f3n Sexual Comercial en Quintana Roo\u201d, que promueve el Gobierno del Estado.<\/p>\n\n\n\n<p>En el marco del lanzamiento de la \u201cEstrategia contra la Explotaci\u00f3n Sexual Comercial en Quintana Roo\u201d, la alcaldesa isle\u00f1a recalc\u00f3 que en su Gobierno se trabaja incansablemente para prevenir y erradicar este delito que afecta severamente la vida de las v\u00edctimas, y al cual son m\u00e1s vulnerables los destinos tur\u00edsticos.<\/p>\n\n\n\n<p>Desde que inici\u00f3 su administraci\u00f3n, la alcaldesa isle\u00f1a ha trabajado de la mano y en estrecha coordinaci\u00f3n con la primera mujer Gobernadora de Quintana Roo, Mara Lezama Espinosa, con la finalidad de generar bienestar y prosperidad compartida, combatiendo de manera frontal las conductas delictivas.<\/p>\n\n\n\n<p>Atenea G\u00f3mez refrend\u00f3 su compromiso con la comunidad isle\u00f1a, al afirmar que trabajar\u00e1 en conjunto con los tres niveles de Gobierno, la Iniciativa Privada (IP), los medios de comunicaci\u00f3n y las organizaciones de la sociedad civil para prevenir la trata de personas y seguir construyendo un municipio seguro y ordenado.<\/p>\n\n\n\n<figure class=\"wp-block-image size-full\"><img loading=\"lazy\" decoding=\"async\" width=\"720\" height=\"480\" src=\"http:\/\/vertienteglobal.com\/wp-content\/uploads\/2024\/07\/FB_IMG_1722460307230.jpg\" alt=\"\" class=\"wp-image-241262\" srcset=\"http:\/\/vertienteglobal.com\/wp-content\/uploads\/2024\/07\/FB_IMG_1722460307230.jpg 720w, http:\/\/vertienteglobal.com\/wp-content\/uploads\/2024\/07\/FB_IMG_1722460307230-300x200.jpg 300w, http:\/\/vertienteglobal.com\/wp-content\/uploads\/2024\/07\/FB_IMG_1722460307230-150x100.jpg 150w\" sizes=\"auto, (max-width: 720px) 100vw, 720px\" \/><\/figure>\n","protected":false},"excerpt":{"rendered":"<p>(Redaccion) La alcaldesa isle\u00f1a recalc\u00f3 que en su Gobierno se trabaja incansablemente para prevenir y erradicar este delito que afecta severamente la vida de las v\u00edctimas, y al cual son m\u00e1s vulnerables los destinos tur\u00edsticos Isla Mujeres, Quintana Roo, 30 de julio de 2024.-El Gobierno Municipal de Isla Mujeres, que encabeza la alcaldesa Atenea G\u00f3mez [&hellip;]<\/p>\n","protected":false},"author":1,"featured_media":241261,"comment_status":"open","ping_status":"open","sticky":false,"template":"","format":"standard","meta":{"footnotes":""},"categories":[3],"tags":[],"class_list":["post-241260","post","type-post","status-publish","format-standard","has-post-thumbnail","hentry","category-quintana-roo","entry","has-media"],"jetpack_featured_media_url":"http:\/\/vertienteglobal.com\/wp-content\/uploads\/2024\/07\/FB_IMG_1722460304507.jpg","_links":{"self":[{"href":"http:\/\/vertienteglobal.com\/index.php?rest_route=\/wp\/v2\/posts\/241260","targetHints":{"allow":["GET"]}}],"collection":[{"href":"http:\/\/vertienteglobal.com\/index.php?rest_route=\/wp\/v2\/posts"}],"about":[{"href":"http:\/\/vertienteglobal.com\/index.php?rest_route=\/wp\/v2\/types\/post"}],"author":[{"embeddable":true,"href":"http:\/\/vertienteglobal.com\/index.php?rest_route=\/wp\/v2\/users\/1"}],"replies":[{"embeddable":true,"href":"http:\/\/vertienteglobal.com\/index.php?rest_route=%2Fwp%2Fv2%2Fcomments&post=241260"}],"version-history":[{"count":0,"href":"http:\/\/vertienteglobal.com\/index.php?rest_route=\/wp\/v2\/posts\/241260\/revisions"}],"wp:featuredmedia":[{"embeddable":true,"href":"http:\/\/vertienteglobal.com\/index.php?rest_route=\/wp\/v2\/media\/241261"}],"wp:attachment":[{"href":"http:\/\/vertienteglobal.com\/index.php?rest_route=%2Fwp%2Fv2%2Fmedia&parent=241260"}],"wp:term":[{"taxonomy":"category","embeddable":true,"href":"http:\/\/vertienteglobal.com\/index.php?rest_route=%2Fwp%2Fv2%2Fcategories&post=241260"},{"taxonomy":"post_tag","embeddable":true,"href":"http:\/\/vertienteglobal.com\/index.php?rest_route=%2Fwp%2Fv2%2Ftags&post=241260"}],"curies":[{"name":"wp","href":"https:\/\/api.w.org\/{rel}","templated":true}]}}