{"id":241070,"date":"2024-07-21T16:49:00","date_gmt":"2024-07-21T21:49:00","guid":{"rendered":"http:\/\/vertienteglobal.com\/?p=241070"},"modified":"2024-07-22T08:52:44","modified_gmt":"2024-07-22T13:52:44","slug":"alcanza-benito-juarez-el-nivel-mas-alto-en-transparencia-ana-paty-peralta","status":"publish","type":"post","link":"http:\/\/vertienteglobal.com\/?p=241070","title":{"rendered":"Alcanza Benito Ju\u00e1rez el nivel m\u00e1s alto en Transparencia: Ana Paty Peralta"},"content":{"rendered":"\n<div class=\"twitterbutton\" style=\"float: right; padding-left: 5px;\"><a href=\"http:\/\/twitter.com\/share\" class=\"twitter-share-button\" data-count=\"horizontal\" data-text=\"Alcanza Benito Ju\u00e1rez el nivel m\u00e1s alto en Transparencia: Ana Paty Peralta\" data-via=\"https:\/\/twitter.com\/VertienteGloba1\" data-url=\"http:\/\/vertienteglobal.com\/?p=241070\" data-lang=\"es\" data-related=\"Informaci\u00f3n general:S\u00edguenos para que est\u00e9ss informado\"><\/a><\/div>\n<figure class=\"wp-block-image size-full\"><img loading=\"lazy\" decoding=\"async\" width=\"720\" height=\"568\" src=\"http:\/\/vertienteglobal.com\/wp-content\/uploads\/2024\/07\/FB_IMG_1721655943156.jpg\" alt=\"\" class=\"wp-image-241071\" srcset=\"http:\/\/vertienteglobal.com\/wp-content\/uploads\/2024\/07\/FB_IMG_1721655943156.jpg 720w, http:\/\/vertienteglobal.com\/wp-content\/uploads\/2024\/07\/FB_IMG_1721655943156-300x237.jpg 300w, http:\/\/vertienteglobal.com\/wp-content\/uploads\/2024\/07\/FB_IMG_1721655943156-150x118.jpg 150w\" sizes=\"auto, (max-width: 720px) 100vw, 720px\" \/><\/figure>\n\n\n\n<p>(Redaccion)<\/p>\n\n\n\n<p>La Primera Autoridad Municipal resalt\u00f3 que el municipio obtuvo en el \u00cdndice Global de Cumplimiento de las Obligaciones de Transparencia (IGCOT) dentro del rango de \u201cBuenas Pr\u00e1cticas de Transparencia\u201d, respecto a la informaci\u00f3n publicada en la Plataforma Nacional de Transparencia, as\u00ed como en su portal de internet.\u00f1<\/p>\n\n\n\n<p>Canc\u00fan, Quintana Roo., a 21 de julio de 2024..-Como resultado de las buenas pr\u00e1cticas de gobierno y la rendici\u00f3n de cuentas, la Presidenta Municipal, Ana Paty Peralta , recibi\u00f3 la notificaci\u00f3n que el Ayuntamiento de Benito Ju\u00e1rez obtuvo un 93.01 por ciento de cumplimiento de obligaciones de transparencia.<\/p>\n\n\n\n<p>En ese marco, la Primera Autoridad Municipal resalt\u00f3 que el municipio obtuvo en el \u00cdndice Global de Cumplimiento de las Obligaciones de Transparencia (IGCOT) dentro del rango de \u201cBuenas Pr\u00e1cticas de Transparencia\u201d, respecto a la informaci\u00f3n publicada en la Plataforma Nacional de Transparencia, as\u00ed como en su portal de internet.<\/p>\n\n\n\n<p>Explic\u00f3 que el pasado 15 de julio, el pleno del Instituto de Acceso a la Informaci\u00f3n y Protecci\u00f3n de Datos Personales de Quintana Roo (IDAIPQROO) llev\u00f3 a cabo su sesi\u00f3n ordinaria y aprob\u00f3 los dict\u00e1menes derivados de la verificaci\u00f3n al ejercicio fiscal 2023, por tanto recibi\u00f3 la notificaci\u00f3n de la dependencia, con el aval de su comisionada presidenta, Magda Eugenia de Jes\u00fas Lozano Ocman.<\/p>\n\n\n\n<p>De igual forma, se\u00f1al\u00f3 que ese dictamen avala que el municipio cumpli\u00f3 con la publicaci\u00f3n y actualizaci\u00f3n de ese rubro de transparencia comunes y espec\u00edficas respecto a los art\u00edculos 91, 92 y 93 de la Ley de Transparencia y Acceso a la Informaci\u00f3n P\u00fablica para el Estado de Quintana Roo, del Ejercicio 2023.<\/p>\n\n\n\n<p>Por \u00faltimo, Ana Paty Peralta indic\u00f3 que esta evaluaci\u00f3n es importante porque se est\u00e1 actualizando la aplicaci\u00f3n de transparencia a nivel nacional dentro de un portal, para que cualquier ciudadano pueda ingresar y confirmar que Benito Ju\u00e1rez est\u00e9 reportando la informaci\u00f3n que tiene que ser p\u00fablica.<\/p>\n\n\n\n<p>La Plataforma Nacional de Transparencia es el espacio en el que se puede consultar todo lo que producen o resguardan las instituciones p\u00fablicas de M\u00e9xico, y es tambi\u00e9n el medio para solicitarles informaci\u00f3n.<\/p>\n\n\n\n<p>Sirve tambi\u00e9n como herramienta digital para agilizar el proceso de atenci\u00f3n de las solicitudes, elaboradas por el p\u00fablico atendiendo al Derecho de Acceso a la Informaci\u00f3n y protegiendo los datos personales de los solicitantes.<\/p>\n\n\n\n<figure class=\"wp-block-image size-large\"><img loading=\"lazy\" decoding=\"async\" width=\"614\" height=\"1024\" src=\"http:\/\/vertienteglobal.com\/wp-content\/uploads\/2024\/07\/FB_IMG_1721656152440-614x1024.jpg\" alt=\"\" class=\"wp-image-241072\" srcset=\"http:\/\/vertienteglobal.com\/wp-content\/uploads\/2024\/07\/FB_IMG_1721656152440-614x1024.jpg 614w, http:\/\/vertienteglobal.com\/wp-content\/uploads\/2024\/07\/FB_IMG_1721656152440-180x300.jpg 180w, http:\/\/vertienteglobal.com\/wp-content\/uploads\/2024\/07\/FB_IMG_1721656152440-90x150.jpg 90w, http:\/\/vertienteglobal.com\/wp-content\/uploads\/2024\/07\/FB_IMG_1721656152440.jpg 720w\" sizes=\"auto, (max-width: 614px) 100vw, 614px\" \/><\/figure>\n\n\n\n<figure class=\"wp-block-image size-large\"><img loading=\"lazy\" decoding=\"async\" width=\"544\" height=\"1024\" src=\"http:\/\/vertienteglobal.com\/wp-content\/uploads\/2024\/07\/FB_IMG_1721656144304-544x1024.jpg\" alt=\"\" class=\"wp-image-241073\" srcset=\"http:\/\/vertienteglobal.com\/wp-content\/uploads\/2024\/07\/FB_IMG_1721656144304-544x1024.jpg 544w, http:\/\/vertienteglobal.com\/wp-content\/uploads\/2024\/07\/FB_IMG_1721656144304-159x300.jpg 159w, http:\/\/vertienteglobal.com\/wp-content\/uploads\/2024\/07\/FB_IMG_1721656144304-80x150.jpg 80w, http:\/\/vertienteglobal.com\/wp-content\/uploads\/2024\/07\/FB_IMG_1721656144304.jpg 720w\" sizes=\"auto, (max-width: 544px) 100vw, 544px\" \/><\/figure>\n","protected":false},"excerpt":{"rendered":"<p>(Redaccion) La Primera Autoridad Municipal resalt\u00f3 que el municipio obtuvo en el \u00cdndice Global de Cumplimiento de las Obligaciones de Transparencia (IGCOT) dentro del rango de \u201cBuenas Pr\u00e1cticas de Transparencia\u201d, respecto a la informaci\u00f3n publicada en la Plataforma Nacional de Transparencia, as\u00ed como en su portal de internet.\u00f1 Canc\u00fan, Quintana Roo., a 21 de julio [&hellip;]<\/p>\n","protected":false},"author":1,"featured_media":241071,"comment_status":"open","ping_status":"open","sticky":false,"template":"","format":"standard","meta":{"footnotes":""},"categories":[3],"tags":[],"class_list":["post-241070","post","type-post","status-publish","format-standard","has-post-thumbnail","hentry","category-quintana-roo","entry","has-media"],"jetpack_featured_media_url":"http:\/\/vertienteglobal.com\/wp-content\/uploads\/2024\/07\/FB_IMG_1721655943156.jpg","_links":{"self":[{"href":"http:\/\/vertienteglobal.com\/index.php?rest_route=\/wp\/v2\/posts\/241070","targetHints":{"allow":["GET"]}}],"collection":[{"href":"http:\/\/vertienteglobal.com\/index.php?rest_route=\/wp\/v2\/posts"}],"about":[{"href":"http:\/\/vertienteglobal.com\/index.php?rest_route=\/wp\/v2\/types\/post"}],"author":[{"embeddable":true,"href":"http:\/\/vertienteglobal.com\/index.php?rest_route=\/wp\/v2\/users\/1"}],"replies":[{"embeddable":true,"href":"http:\/\/vertienteglobal.com\/index.php?rest_route=%2Fwp%2Fv2%2Fcomments&post=241070"}],"version-history":[{"count":0,"href":"http:\/\/vertienteglobal.com\/index.php?rest_route=\/wp\/v2\/posts\/241070\/revisions"}],"wp:featuredmedia":[{"embeddable":true,"href":"http:\/\/vertienteglobal.com\/index.php?rest_route=\/wp\/v2\/media\/241071"}],"wp:attachment":[{"href":"http:\/\/vertienteglobal.com\/index.php?rest_route=%2Fwp%2Fv2%2Fmedia&parent=241070"}],"wp:term":[{"taxonomy":"category","embeddable":true,"href":"http:\/\/vertienteglobal.com\/index.php?rest_route=%2Fwp%2Fv2%2Fcategories&post=241070"},{"taxonomy":"post_tag","embeddable":true,"href":"http:\/\/vertienteglobal.com\/index.php?rest_route=%2Fwp%2Fv2%2Ftags&post=241070"}],"curies":[{"name":"wp","href":"https:\/\/api.w.org\/{rel}","templated":true}]}}