{"id":241006,"date":"2024-07-13T12:11:00","date_gmt":"2024-07-13T17:11:00","guid":{"rendered":"http:\/\/vertienteglobal.com\/?p=241006"},"modified":"2024-07-17T10:16:11","modified_gmt":"2024-07-17T15:16:11","slug":"oms-clasifica-el-talco-como-sustancia-probablemente-cancerigeno","status":"publish","type":"post","link":"http:\/\/vertienteglobal.com\/?p=241006","title":{"rendered":"OMS clasifica el talco como sustancia probablemente cancer\u00edgeno"},"content":{"rendered":"\n<div class=\"twitterbutton\" style=\"float: right; padding-left: 5px;\"><a href=\"http:\/\/twitter.com\/share\" class=\"twitter-share-button\" data-count=\"horizontal\" data-text=\"OMS clasifica el talco como sustancia probablemente cancer\u00edgeno\" data-via=\"https:\/\/twitter.com\/VertienteGloba1\" data-url=\"http:\/\/vertienteglobal.com\/?p=241006\" data-lang=\"es\" data-related=\"Informaci\u00f3n general:S\u00edguenos para que est\u00e9ss informado\"><\/a><\/div>\n<figure class=\"wp-block-image size-full\"><img loading=\"lazy\" decoding=\"async\" width=\"1024\" height=\"683\" src=\"http:\/\/vertienteglobal.com\/wp-content\/uploads\/2024\/07\/237173xeva20240705075057.webp\" alt=\"\" class=\"wp-image-241007\" srcset=\"http:\/\/vertienteglobal.com\/wp-content\/uploads\/2024\/07\/237173xeva20240705075057.webp 1024w, http:\/\/vertienteglobal.com\/wp-content\/uploads\/2024\/07\/237173xeva20240705075057-300x200.webp 300w, http:\/\/vertienteglobal.com\/wp-content\/uploads\/2024\/07\/237173xeva20240705075057-150x100.webp 150w, http:\/\/vertienteglobal.com\/wp-content\/uploads\/2024\/07\/237173xeva20240705075057-768x512.webp 768w\" sizes=\"auto, (max-width: 1024px) 100vw, 1024px\" \/><\/figure>\n\n\n\n<p>(Redaccion)<\/p>\n\n\n\n<p>La exposici\u00f3n ocurre principalmente a trav\u00e9s del uso de cosm\u00e9ticos y polvos corporales que contienen talco, no obstante, los expertos no descartan ciertos sesgos en los estudios que han mostrado un aumento en la incidencia de c\u00e1ncer<\/p>\n\n\n\n<p>Ciudad de M\u00e9xico 13 de julio del 2024.- La Agencia para el c\u00e1ncer de la Organizaci\u00f3n Mundial de la Salud (OMS) clasific\u00f3 el talco como probablemente cancer\u00edgeno, de igual forma ha clasificado como cancer\u00edgeno el acrilonitrilo, un compuesto utilizado en la producci\u00f3n de pol\u00edmeros.<\/p>\n\n\n\n<p>Los expertos del Centro Internacional de Investigaciones sobre el C\u00e1ncer (CIRC\/IARC), reunidos en Lyon (Francia), publicaron sus resultados el viernes en la revista The Lancet Oncology, en donde se\u00f1alaron que el talco, un mineral natural extra\u00eddo en muchas regiones del mundo, es \u00abprobablemente cancer\u00edgeno\u00bb para los seres humanos.<\/p>\n\n\n\n<p>A partir de una combinaci\u00f3n de estudios parciales en seres humanos (c\u00e1ncer de ovario) y pruebas suficientes obtenidas a partir de animales de laboratorio; seg\u00fan esos expertos, la exposici\u00f3n ocurre principalmente en el entorno laboral durante la extracci\u00f3n, molienda o procesamiento del talco, o durante la fabricaci\u00f3n de productos que lo contienen.<\/p>\n\n\n\n<p>Para la poblaci\u00f3n en general, la exposici\u00f3n ocurre principalmente a trav\u00e9s del uso de cosm\u00e9ticos y polvos corporales que contienen talco, no obstante, los expertos no descartan ciertos sesgos en los estudios que han mostrado un aumento en la incidencia de c\u00e1ncer.<\/p>\n\n\n\n<p>Cabe agregar que la agencia de la OMS, tambi\u00e9n ha clasificado como \u00abcancer\u00edgeno\u00bb para los humanos el acrilonitrilo, un compuesto org\u00e1nico vol\u00e1til utilizado principalmente en la producci\u00f3n de pol\u00edmeros, decisi\u00f3n que se basa en \u00abpruebas suficientes de c\u00e1ncer de pulm\u00f3n\u00bb y \u00abpruebas limitadas\u00bb de c\u00e1ncer de vejiga en humanos, seg\u00fan la IARC.<\/p>\n\n\n\n<p>Estos pol\u00edmeros se utilizan en fibras para ropa, alfombras, pl\u00e1sticos para productos de consumo o piezas de autom\u00f3viles, adem\u00e1s el acrilonitrilo tambi\u00e9n est\u00e1 presente en el humo del cigarrillo.(Fuente: El Universal\/Foto: istockphoto\/Xeca)<\/p>\n","protected":false},"excerpt":{"rendered":"<p>(Redaccion) La exposici\u00f3n ocurre principalmente a trav\u00e9s del uso de cosm\u00e9ticos y polvos corporales que contienen talco, no obstante, los expertos no descartan ciertos sesgos en los estudios que han mostrado un aumento en la incidencia de c\u00e1ncer Ciudad de M\u00e9xico 13 de julio del 2024.- La Agencia para el c\u00e1ncer de la Organizaci\u00f3n Mundial [&hellip;]<\/p>\n","protected":false},"author":1,"featured_media":241007,"comment_status":"open","ping_status":"open","sticky":false,"template":"","format":"standard","meta":{"footnotes":""},"categories":[8],"tags":[],"class_list":["post-241006","post","type-post","status-publish","format-standard","has-post-thumbnail","hentry","category-pais","entry","has-media"],"jetpack_featured_media_url":"http:\/\/vertienteglobal.com\/wp-content\/uploads\/2024\/07\/237173xeva20240705075057.webp","_links":{"self":[{"href":"http:\/\/vertienteglobal.com\/index.php?rest_route=\/wp\/v2\/posts\/241006","targetHints":{"allow":["GET"]}}],"collection":[{"href":"http:\/\/vertienteglobal.com\/index.php?rest_route=\/wp\/v2\/posts"}],"about":[{"href":"http:\/\/vertienteglobal.com\/index.php?rest_route=\/wp\/v2\/types\/post"}],"author":[{"embeddable":true,"href":"http:\/\/vertienteglobal.com\/index.php?rest_route=\/wp\/v2\/users\/1"}],"replies":[{"embeddable":true,"href":"http:\/\/vertienteglobal.com\/index.php?rest_route=%2Fwp%2Fv2%2Fcomments&post=241006"}],"version-history":[{"count":0,"href":"http:\/\/vertienteglobal.com\/index.php?rest_route=\/wp\/v2\/posts\/241006\/revisions"}],"wp:featuredmedia":[{"embeddable":true,"href":"http:\/\/vertienteglobal.com\/index.php?rest_route=\/wp\/v2\/media\/241007"}],"wp:attachment":[{"href":"http:\/\/vertienteglobal.com\/index.php?rest_route=%2Fwp%2Fv2%2Fmedia&parent=241006"}],"wp:term":[{"taxonomy":"category","embeddable":true,"href":"http:\/\/vertienteglobal.com\/index.php?rest_route=%2Fwp%2Fv2%2Fcategories&post=241006"},{"taxonomy":"post_tag","embeddable":true,"href":"http:\/\/vertienteglobal.com\/index.php?rest_route=%2Fwp%2Fv2%2Ftags&post=241006"}],"curies":[{"name":"wp","href":"https:\/\/api.w.org\/{rel}","templated":true}]}}