{"id":240849,"date":"2024-07-05T05:19:00","date_gmt":"2024-07-05T10:19:00","guid":{"rendered":"http:\/\/vertienteglobal.com\/?p=240849"},"modified":"2024-07-05T18:08:24","modified_gmt":"2024-07-05T23:08:24","slug":"el-huracan-beryl-impacta-esta-madrugada-quintana-roo","status":"publish","type":"post","link":"http:\/\/vertienteglobal.com\/?p=240849","title":{"rendered":"El hurac\u00e1n \u201cBeryl\u201d impacta esta madrugada Quintana Roo"},"content":{"rendered":"\n<div class=\"twitterbutton\" style=\"float: right; padding-left: 5px;\"><a href=\"http:\/\/twitter.com\/share\" class=\"twitter-share-button\" data-count=\"horizontal\" data-text=\"El hurac\u00e1n \u201cBeryl\u201d impacta esta madrugada Quintana Roo\" data-via=\"https:\/\/twitter.com\/VertienteGloba1\" data-url=\"http:\/\/vertienteglobal.com\/?p=240849\" data-lang=\"es\" data-related=\"Informaci\u00f3n general:S\u00edguenos para que est\u00e9ss informado\"><\/a><\/div>\n<figure class=\"wp-block-image size-full\"><img loading=\"lazy\" decoding=\"async\" width=\"720\" height=\"728\" src=\"http:\/\/vertienteglobal.com\/wp-content\/uploads\/2024\/07\/FB_IMG_1720172623839.jpg\" alt=\"\" class=\"wp-image-240850\" srcset=\"http:\/\/vertienteglobal.com\/wp-content\/uploads\/2024\/07\/FB_IMG_1720172623839.jpg 720w, http:\/\/vertienteglobal.com\/wp-content\/uploads\/2024\/07\/FB_IMG_1720172623839-297x300.jpg 297w, http:\/\/vertienteglobal.com\/wp-content\/uploads\/2024\/07\/FB_IMG_1720172623839-148x150.jpg 148w\" sizes=\"auto, (max-width: 720px) 100vw, 720px\" \/><\/figure>\n\n\n\n<p>(Redaccion)<\/p>\n\n\n\n<p>Con todo el estado en alerta roja de peligro m\u00e1ximo, el hurac\u00e1n \u201cBeryl\u201d impacto a Quintana Roo durante la madrugada de este d\u00eda<\/p>\n\n\n\n<p>Las autoridades municipales, estatales y federales informaron su trayectoria que indicaba que golpear\u00eda a Tulum, afectando a Solidaridad y Cozumel como hurac\u00e1n categor\u00eda 2<\/p>\n\n\n\n<p>Canc\u00fan Quintana Roo 05 de julio del 2024.-El gobierno de Quintana Roo que encabeza la gobernadora Mara Lezama Espinosa, alist\u00f3 120 refugios temporales distribuidos en los 11 municipios del estado, anticipando la necesidad de evacuar a miles de personas.<\/p>\n\n\n\n<p>Y es que desde la noche del jueves, varios municipios como Canc\u00fan, Puerto Morelos y Tulum comenzaron a experimentar intensas lluvias y fuertes vientos debido a la proximidad de \u201cBeryl\u201d.<\/p>\n\n\n\n<p>El hurac\u00e1n provocar\u00e1 lluvias torrenciales con acumulados de 150 a 250 mm, oleaje de 6 a 8 metros de altura, marea de tormenta de 3 a 5 metros y la posible formaci\u00f3n de trombas marinas, generando un panorama preocupante para las comunidades costeras.<\/p>\n\n\n\n<p>Durante todo el viernes, \u201cBeryl\u201d se desplazar\u00e1 sobre Yucat\u00e1n, donde se prev\u00e9 que afectar\u00e1 a cerca de 37 municipios, causando estragos similares a los observados en Quintana Roo. Se espera que para las 18 horas de hoy, el hurac\u00e1n haya salido de la Pen\u00ednsula de Yucat\u00e1n y se adentre en el Golfo de M\u00e9xico, aunque las secuelas de su paso seguir\u00e1n siendo atendidas.<\/p>\n\n\n\n<p>Por su parte, el presidente Andr\u00e9s Manuel L\u00f3pez Obrador urgi\u00f3 a los quintanarroenses a refugiarse:<\/p>\n\n\n\n<p>A trav\u00e9s de su cuenta de redes sociales, escribi\u00f3: \u201cHasta ahora la trayectoria del hurac\u00e1n Beryl categor\u00eda 3 indica que entrar\u00e1 por Tulum, que es una zona poblada y cercana al mar. Por eso es recomendable trasladarse a partes altas, a refugios o casas de familiares y amigos en otros sitios. No titubeemos, lo material se recupera. Lo m\u00e1s importante es la vida\u201d:<\/p>\n\n\n\n<p>Por ello, hoy desde temprano, elementos de la Sedena y la Marina se desplegar\u00e1n en las \u00e1reas afectadas para identificar da\u00f1os, proporcionar auxilio y comenzar a llevar los apoyos necesarios.<\/p>\n\n\n\n<p>De igual forma las autoridades locales trabajan en coordinaci\u00f3n con el gobierno federal para asegurar la pronta recuperaci\u00f3n de las zonas afectadas.<\/p>\n\n\n\n<p>Adem\u00e1s, se reportan cortes de energ\u00eda el\u00e9ctrica y la interrupci\u00f3n de servicios b\u00e1sicos en varias localidades.<\/p>\n\n\n\n<p>Mientras que la Comisi\u00f3n Federal de Electricidad (CFE) ha enviado brigadas para restablecer el suministro el\u00e9ctrico lo antes posible.<\/p>\n\n\n\n<p>Asimismo, el sector tur\u00edstico tambi\u00e9n se ve gravemente afectado, con hoteles y negocios cerrados y turistas siendo evacuados a zonas seguras.<\/p>\n\n\n\n<p>Cabe destacar que la poblaci\u00f3n de Quintana Roo y Yucat\u00e1n permanece en alerta, siguiendo las recomendaciones de Protecci\u00f3n Civil y acudiendo a los refugios temporales habilitados, ya que las autoridades reiteran el llamado a mantener la calma y colaborar con las medidas de seguridad implementadas.(Fuente: Agencias)<\/p>\n\n\n\n<figure class=\"wp-block-image size-full\"><img loading=\"lazy\" decoding=\"async\" width=\"720\" height=\"423\" src=\"http:\/\/vertienteglobal.com\/wp-content\/uploads\/2024\/07\/FB_IMG_1720172618396.jpg\" alt=\"\" class=\"wp-image-240851\" srcset=\"http:\/\/vertienteglobal.com\/wp-content\/uploads\/2024\/07\/FB_IMG_1720172618396.jpg 720w, http:\/\/vertienteglobal.com\/wp-content\/uploads\/2024\/07\/FB_IMG_1720172618396-300x176.jpg 300w, http:\/\/vertienteglobal.com\/wp-content\/uploads\/2024\/07\/FB_IMG_1720172618396-150x88.jpg 150w\" sizes=\"auto, (max-width: 720px) 100vw, 720px\" \/><\/figure>\n\n\n\n<figure class=\"wp-block-image size-full\"><img loading=\"lazy\" decoding=\"async\" width=\"962\" height=\"579\" src=\"http:\/\/vertienteglobal.com\/wp-content\/uploads\/2024\/07\/20240704_214129.jpg\" alt=\"\" class=\"wp-image-240852\" srcset=\"http:\/\/vertienteglobal.com\/wp-content\/uploads\/2024\/07\/20240704_214129.jpg 962w, http:\/\/vertienteglobal.com\/wp-content\/uploads\/2024\/07\/20240704_214129-300x181.jpg 300w, http:\/\/vertienteglobal.com\/wp-content\/uploads\/2024\/07\/20240704_214129-150x90.jpg 150w, http:\/\/vertienteglobal.com\/wp-content\/uploads\/2024\/07\/20240704_214129-768x462.jpg 768w\" sizes=\"auto, (max-width: 962px) 100vw, 962px\" \/><\/figure>\n","protected":false},"excerpt":{"rendered":"<p>(Redaccion) Con todo el estado en alerta roja de peligro m\u00e1ximo, el hurac\u00e1n \u201cBeryl\u201d impacto a Quintana Roo durante la madrugada de este d\u00eda Las autoridades municipales, estatales y federales informaron su trayectoria que indicaba que golpear\u00eda a Tulum, afectando a Solidaridad y Cozumel como hurac\u00e1n categor\u00eda 2 Canc\u00fan Quintana Roo 05 de julio del [&hellip;]<\/p>\n","protected":false},"author":1,"featured_media":240851,"comment_status":"open","ping_status":"open","sticky":false,"template":"","format":"standard","meta":{"footnotes":""},"categories":[8,3],"tags":[],"class_list":["post-240849","post","type-post","status-publish","format-standard","has-post-thumbnail","hentry","category-pais","category-quintana-roo","entry","has-media"],"jetpack_featured_media_url":"http:\/\/vertienteglobal.com\/wp-content\/uploads\/2024\/07\/FB_IMG_1720172618396.jpg","_links":{"self":[{"href":"http:\/\/vertienteglobal.com\/index.php?rest_route=\/wp\/v2\/posts\/240849","targetHints":{"allow":["GET"]}}],"collection":[{"href":"http:\/\/vertienteglobal.com\/index.php?rest_route=\/wp\/v2\/posts"}],"about":[{"href":"http:\/\/vertienteglobal.com\/index.php?rest_route=\/wp\/v2\/types\/post"}],"author":[{"embeddable":true,"href":"http:\/\/vertienteglobal.com\/index.php?rest_route=\/wp\/v2\/users\/1"}],"replies":[{"embeddable":true,"href":"http:\/\/vertienteglobal.com\/index.php?rest_route=%2Fwp%2Fv2%2Fcomments&post=240849"}],"version-history":[{"count":0,"href":"http:\/\/vertienteglobal.com\/index.php?rest_route=\/wp\/v2\/posts\/240849\/revisions"}],"wp:featuredmedia":[{"embeddable":true,"href":"http:\/\/vertienteglobal.com\/index.php?rest_route=\/wp\/v2\/media\/240851"}],"wp:attachment":[{"href":"http:\/\/vertienteglobal.com\/index.php?rest_route=%2Fwp%2Fv2%2Fmedia&parent=240849"}],"wp:term":[{"taxonomy":"category","embeddable":true,"href":"http:\/\/vertienteglobal.com\/index.php?rest_route=%2Fwp%2Fv2%2Fcategories&post=240849"},{"taxonomy":"post_tag","embeddable":true,"href":"http:\/\/vertienteglobal.com\/index.php?rest_route=%2Fwp%2Fv2%2Ftags&post=240849"}],"curies":[{"name":"wp","href":"https:\/\/api.w.org\/{rel}","templated":true}]}}