{"id":240339,"date":"2024-06-02T10:52:00","date_gmt":"2024-06-02T15:52:00","guid":{"rendered":"http:\/\/vertienteglobal.com\/?p=240339"},"modified":"2024-06-21T14:11:57","modified_gmt":"2024-06-21T19:11:57","slug":"autoridades-en-quintana-roo-instalan-el-centro-de-mando-y-monitoreo-electoral-2024","status":"publish","type":"post","link":"http:\/\/vertienteglobal.com\/?p=240339","title":{"rendered":"Autoridades en Quintana Roo instalan el Centro de Mando y Monitoreo Electoral 2024"},"content":{"rendered":"\n<div class=\"twitterbutton\" style=\"float: right; padding-left: 5px;\"><a href=\"http:\/\/twitter.com\/share\" class=\"twitter-share-button\" data-count=\"horizontal\" data-text=\"Autoridades en Quintana Roo instalan el Centro de Mando y Monitoreo Electoral 20...\" data-via=\"https:\/\/twitter.com\/VertienteGloba1\" data-url=\"http:\/\/vertienteglobal.com\/?p=240339\" data-lang=\"es\" data-related=\"Informaci\u00f3n general:S\u00edguenos para que est\u00e9ss informado\"><\/a><\/div>\n<figure class=\"wp-block-image size-full\"><img loading=\"lazy\" decoding=\"async\" width=\"720\" height=\"450\" src=\"http:\/\/vertienteglobal.com\/wp-content\/uploads\/2024\/06\/FB_IMG_1718996957134.jpg\" alt=\"\" class=\"wp-image-240340\" srcset=\"http:\/\/vertienteglobal.com\/wp-content\/uploads\/2024\/06\/FB_IMG_1718996957134.jpg 720w, http:\/\/vertienteglobal.com\/wp-content\/uploads\/2024\/06\/FB_IMG_1718996957134-300x188.jpg 300w, http:\/\/vertienteglobal.com\/wp-content\/uploads\/2024\/06\/FB_IMG_1718996957134-150x94.jpg 150w\" sizes=\"auto, (max-width: 720px) 100vw, 720px\" \/><\/figure>\n\n\n\n<p>(Redaccion)<\/p>\n\n\n\n<p>Fiscal\u00eda General del Estado, Secretar\u00eda de Seguridad Ciudadana, Secretar\u00eda de Marina, Ej\u00e9rcito y Guardia Nacional instalan mesa de seguridad para garantizar la seguridad en la jornada electoral en el municipio Solidaridad<\/p>\n\n\n\n<p>Solidaridad, Quintana Roo 02 de junio del 2024.- Autoridades de los tres \u00f3rdenes de gobierno instalaron el Centro de Mando y Monitoreo Electoral 2024 en Solidaridad con el objetivo de garantizar una jornada electoral en paz y armon\u00eda.<\/p>\n\n\n\n<p>El inicio de las operaciones de este Centro de Mando, estuvo encabezado por el Fiscal General del Estado, Raciel L\u00f3pez Salazar, y el Secretario de Seguridad Ciudadana, el Contraalmirante, Julio C\u00e9sar G\u00f3mez Torres.<\/p>\n\n\n\n<p>Ambos, agradecieron el apoyo y la estrecha coordinaci\u00f3n de la Guardia Nacional, Secretar\u00eda de la Defensa Nacional y Secretar\u00eda de Marina.<\/p>\n\n\n\n<p>Finalmente, el Fiscal General del Estado y el Secretario de Seguridad Ciudadana hicieron un llamado para que esta jornada electoral sea un ejemplo de civilidad y respeto, y que sirva para consolidar la paz social.<\/p>\n\n\n\n<p>Reafirmaron su disposici\u00f3n de actuar con firmeza contra cualquier intento de alteraci\u00f3n del orden p\u00fablico, y aseguraron que se tomar\u00e1n las medidas necesarias para proteger la integridad del proceso democr\u00e1tico.<\/p>\n\n\n\n<p>En caso de alguna emergencia o incidencia, puedes comunicarte al 911.<\/p>\n\n\n\n<figure class=\"wp-block-image size-full\"><img loading=\"lazy\" decoding=\"async\" width=\"720\" height=\"467\" src=\"http:\/\/vertienteglobal.com\/wp-content\/uploads\/2024\/06\/FB_IMG_1718996950644.jpg\" alt=\"\" class=\"wp-image-240341\" srcset=\"http:\/\/vertienteglobal.com\/wp-content\/uploads\/2024\/06\/FB_IMG_1718996950644.jpg 720w, http:\/\/vertienteglobal.com\/wp-content\/uploads\/2024\/06\/FB_IMG_1718996950644-300x195.jpg 300w, http:\/\/vertienteglobal.com\/wp-content\/uploads\/2024\/06\/FB_IMG_1718996950644-150x97.jpg 150w\" sizes=\"auto, (max-width: 720px) 100vw, 720px\" \/><\/figure>\n\n\n\n<figure class=\"wp-block-image size-full\"><img loading=\"lazy\" decoding=\"async\" width=\"720\" height=\"372\" src=\"http:\/\/vertienteglobal.com\/wp-content\/uploads\/2024\/06\/FB_IMG_1718996963323.jpg\" alt=\"\" class=\"wp-image-240342\" srcset=\"http:\/\/vertienteglobal.com\/wp-content\/uploads\/2024\/06\/FB_IMG_1718996963323.jpg 720w, http:\/\/vertienteglobal.com\/wp-content\/uploads\/2024\/06\/FB_IMG_1718996963323-300x155.jpg 300w, http:\/\/vertienteglobal.com\/wp-content\/uploads\/2024\/06\/FB_IMG_1718996963323-150x78.jpg 150w\" sizes=\"auto, (max-width: 720px) 100vw, 720px\" \/><\/figure>\n","protected":false},"excerpt":{"rendered":"<p>(Redaccion) Fiscal\u00eda General del Estado, Secretar\u00eda de Seguridad Ciudadana, Secretar\u00eda de Marina, Ej\u00e9rcito y Guardia Nacional instalan mesa de seguridad para garantizar la seguridad en la jornada electoral en el municipio Solidaridad Solidaridad, Quintana Roo 02 de junio del 2024.- Autoridades de los tres \u00f3rdenes de gobierno instalaron el Centro de Mando y Monitoreo Electoral [&hellip;]<\/p>\n","protected":false},"author":1,"featured_media":240340,"comment_status":"open","ping_status":"open","sticky":false,"template":"","format":"standard","meta":{"footnotes":""},"categories":[3],"tags":[],"class_list":["post-240339","post","type-post","status-publish","format-standard","has-post-thumbnail","hentry","category-quintana-roo","entry","has-media"],"jetpack_featured_media_url":"http:\/\/vertienteglobal.com\/wp-content\/uploads\/2024\/06\/FB_IMG_1718996957134.jpg","_links":{"self":[{"href":"http:\/\/vertienteglobal.com\/index.php?rest_route=\/wp\/v2\/posts\/240339","targetHints":{"allow":["GET"]}}],"collection":[{"href":"http:\/\/vertienteglobal.com\/index.php?rest_route=\/wp\/v2\/posts"}],"about":[{"href":"http:\/\/vertienteglobal.com\/index.php?rest_route=\/wp\/v2\/types\/post"}],"author":[{"embeddable":true,"href":"http:\/\/vertienteglobal.com\/index.php?rest_route=\/wp\/v2\/users\/1"}],"replies":[{"embeddable":true,"href":"http:\/\/vertienteglobal.com\/index.php?rest_route=%2Fwp%2Fv2%2Fcomments&post=240339"}],"version-history":[{"count":0,"href":"http:\/\/vertienteglobal.com\/index.php?rest_route=\/wp\/v2\/posts\/240339\/revisions"}],"wp:featuredmedia":[{"embeddable":true,"href":"http:\/\/vertienteglobal.com\/index.php?rest_route=\/wp\/v2\/media\/240340"}],"wp:attachment":[{"href":"http:\/\/vertienteglobal.com\/index.php?rest_route=%2Fwp%2Fv2%2Fmedia&parent=240339"}],"wp:term":[{"taxonomy":"category","embeddable":true,"href":"http:\/\/vertienteglobal.com\/index.php?rest_route=%2Fwp%2Fv2%2Fcategories&post=240339"},{"taxonomy":"post_tag","embeddable":true,"href":"http:\/\/vertienteglobal.com\/index.php?rest_route=%2Fwp%2Fv2%2Ftags&post=240339"}],"curies":[{"name":"wp","href":"https:\/\/api.w.org\/{rel}","templated":true}]}}