{"id":240164,"date":"2024-05-27T09:52:00","date_gmt":"2024-05-27T14:52:00","guid":{"rendered":"http:\/\/vertienteglobal.com\/?p=240164"},"modified":"2024-05-29T07:37:11","modified_gmt":"2024-05-29T12:37:11","slug":"amlo-llama-a-decidir-el-futuro-de-mexico","status":"publish","type":"post","link":"http:\/\/vertienteglobal.com\/?p=240164","title":{"rendered":"AMLO llama a decidir el \u00abfuturo de M\u00e9xico\u00bb"},"content":{"rendered":"\n<div class=\"twitterbutton\" style=\"float: right; padding-left: 5px;\"><a href=\"http:\/\/twitter.com\/share\" class=\"twitter-share-button\" data-count=\"horizontal\" data-text=\"AMLO llama a decidir el \u00abfuturo de M\u00e9xico\u00bb\" data-via=\"https:\/\/twitter.com\/VertienteGloba1\" data-url=\"http:\/\/vertienteglobal.com\/?p=240164\" data-lang=\"es\" data-related=\"Informaci\u00f3n general:S\u00edguenos para que est\u00e9ss informado\"><\/a><\/div>\n<figure class=\"wp-block-image size-full\"><img loading=\"lazy\" decoding=\"async\" width=\"718\" height=\"452\" src=\"http:\/\/vertienteglobal.com\/wp-content\/uploads\/2024\/05\/FB_IMG_1716985740158.jpg\" alt=\"\" class=\"wp-image-240165\" srcset=\"http:\/\/vertienteglobal.com\/wp-content\/uploads\/2024\/05\/FB_IMG_1716985740158.jpg 718w, http:\/\/vertienteglobal.com\/wp-content\/uploads\/2024\/05\/FB_IMG_1716985740158-300x189.jpg 300w, http:\/\/vertienteglobal.com\/wp-content\/uploads\/2024\/05\/FB_IMG_1716985740158-150x94.jpg 150w\" sizes=\"auto, (max-width: 718px) 100vw, 718px\" \/><\/figure>\n\n\n\n<p>(Redaccion)<\/p>\n\n\n\n<p>Afirmo que esta jornada electoral no es solo para elegir autoridades o partidos, sino para decidir el proyecto de naci\u00f3n que se desea<\/p>\n\n\n\n<p>Ciudad de M\u00e9xico 27 de mayo del 2024.- El presidente Andr\u00e9s Manuel L\u00f3pez Obrador, sostuvo que las elecciones del 2 de junio son un refer\u00e9ndum sobre el proyecto de naci\u00f3n y la democracia aut\u00e9ntica en M\u00e9xico.<\/p>\n\n\n\n<p>L\u00f3pez Obrador, dej\u00f3 en claro la importancia de las elecciones del pr\u00f3ximo 2 de junio, calific\u00e1ndolas como un refer\u00e9ndum sobre el futuro del pa\u00eds.<\/p>\n\n\n\n<p>Afirmo que esta jornada electoral no es solo para elegir autoridades o partidos, sino para decidir el proyecto de naci\u00f3n que se desea.<\/p>\n\n\n\n<p>Detall\u00f3 que las elecciones del 2 de junio son m\u00e1s que una simple votaci\u00f3n; son un refer\u00e9ndum y un plebiscito.<\/p>\n\n\n\n<p>El presidente plantea que la elecci\u00f3n decidir\u00e1 si M\u00e9xico contin\u00faa siendo un pa\u00eds donde una minor\u00eda controla el poder bajo una fachada de democracia, o si avanza hacia una aut\u00e9ntica democracia donde el gobierno es verdaderamente del pueblo.<\/p>\n\n\n\n<p>\u00abEs m\u00e1s que una elecci\u00f3n lo del domingo: es un refer\u00e9ndum, es un plebiscito, es una consulta. No es nada m\u00e1s elegir a las autoridades, elegir al partido. No. Es elegir el proyecto de naci\u00f3n que queremos\u00bb, declar\u00f3 el mandatario en Palacio Nacional.<\/p>\n\n\n\n<p>L\u00f3pez Obrador cuestion\u00f3 a sus opositores, se\u00f1alando que hablan de democracia sin tomar en cuenta al pueblo. Critic\u00f3 la visi\u00f3n de una democracia gestionada por las \u00e9lites pol\u00edticas y econ\u00f3micas, argumentando que eso no representa una aut\u00e9ntica democracia.<\/p>\n\n\n\n<p>\u00ab\u00bfC\u00f3mo vas a hablar de democracia si no tomas en cuenta al pueblo? Si crees que la democracia es lo que resuelven los de arriba, lo de la c\u00fapula del poder pol\u00edtico, econ\u00f3mico? Eso no es democracia\u00bb, apunt\u00f3.<\/p>\n","protected":false},"excerpt":{"rendered":"<p>(Redaccion) Afirmo que esta jornada electoral no es solo para elegir autoridades o partidos, sino para decidir el proyecto de naci\u00f3n que se desea Ciudad de M\u00e9xico 27 de mayo del 2024.- El presidente Andr\u00e9s Manuel L\u00f3pez Obrador, sostuvo que las elecciones del 2 de junio son un refer\u00e9ndum sobre el proyecto de naci\u00f3n y [&hellip;]<\/p>\n","protected":false},"author":1,"featured_media":240165,"comment_status":"open","ping_status":"open","sticky":false,"template":"","format":"standard","meta":{"footnotes":""},"categories":[8],"tags":[],"class_list":["post-240164","post","type-post","status-publish","format-standard","has-post-thumbnail","hentry","category-pais","entry","has-media"],"jetpack_featured_media_url":"http:\/\/vertienteglobal.com\/wp-content\/uploads\/2024\/05\/FB_IMG_1716985740158.jpg","_links":{"self":[{"href":"http:\/\/vertienteglobal.com\/index.php?rest_route=\/wp\/v2\/posts\/240164","targetHints":{"allow":["GET"]}}],"collection":[{"href":"http:\/\/vertienteglobal.com\/index.php?rest_route=\/wp\/v2\/posts"}],"about":[{"href":"http:\/\/vertienteglobal.com\/index.php?rest_route=\/wp\/v2\/types\/post"}],"author":[{"embeddable":true,"href":"http:\/\/vertienteglobal.com\/index.php?rest_route=\/wp\/v2\/users\/1"}],"replies":[{"embeddable":true,"href":"http:\/\/vertienteglobal.com\/index.php?rest_route=%2Fwp%2Fv2%2Fcomments&post=240164"}],"version-history":[{"count":0,"href":"http:\/\/vertienteglobal.com\/index.php?rest_route=\/wp\/v2\/posts\/240164\/revisions"}],"wp:featuredmedia":[{"embeddable":true,"href":"http:\/\/vertienteglobal.com\/index.php?rest_route=\/wp\/v2\/media\/240165"}],"wp:attachment":[{"href":"http:\/\/vertienteglobal.com\/index.php?rest_route=%2Fwp%2Fv2%2Fmedia&parent=240164"}],"wp:term":[{"taxonomy":"category","embeddable":true,"href":"http:\/\/vertienteglobal.com\/index.php?rest_route=%2Fwp%2Fv2%2Fcategories&post=240164"},{"taxonomy":"post_tag","embeddable":true,"href":"http:\/\/vertienteglobal.com\/index.php?rest_route=%2Fwp%2Fv2%2Ftags&post=240164"}],"curies":[{"name":"wp","href":"https:\/\/api.w.org\/{rel}","templated":true}]}}