{"id":239986,"date":"2024-05-13T10:24:00","date_gmt":"2024-05-13T15:24:00","guid":{"rendered":"http:\/\/vertienteglobal.com\/?p=239986"},"modified":"2024-05-13T13:48:50","modified_gmt":"2024-05-13T18:48:50","slug":"descarta-amlo-rompimiento-con-cardenas-lo-reconoce-como-precursor","status":"publish","type":"post","link":"http:\/\/vertienteglobal.com\/?p=239986","title":{"rendered":"Descarta AMLO rompimiento con C\u00e1rdenas; lo reconoce como precursor"},"content":{"rendered":"\n<div class=\"twitterbutton\" style=\"float: right; padding-left: 5px;\"><a href=\"http:\/\/twitter.com\/share\" class=\"twitter-share-button\" data-count=\"horizontal\" data-text=\"Descarta AMLO rompimiento con C\u00e1rdenas; lo reconoce como precursor\" data-via=\"https:\/\/twitter.com\/VertienteGloba1\" data-url=\"http:\/\/vertienteglobal.com\/?p=239986\" data-lang=\"es\" data-related=\"Informaci\u00f3n general:S\u00edguenos para que est\u00e9ss informado\"><\/a><\/div>\n<figure class=\"wp-block-image size-full\"><img loading=\"lazy\" decoding=\"async\" width=\"768\" height=\"512\" src=\"http:\/\/vertienteglobal.com\/wp-content\/uploads\/2024\/05\/05-5-768x512-2.jpg\" alt=\"\" class=\"wp-image-239988\" srcset=\"http:\/\/vertienteglobal.com\/wp-content\/uploads\/2024\/05\/05-5-768x512-2.jpg 768w, http:\/\/vertienteglobal.com\/wp-content\/uploads\/2024\/05\/05-5-768x512-2-300x200.jpg 300w, http:\/\/vertienteglobal.com\/wp-content\/uploads\/2024\/05\/05-5-768x512-2-150x100.jpg 150w\" sizes=\"auto, (max-width: 768px) 100vw, 768px\" \/><\/figure>\n\n\n\n<p>(Redaccion)<\/p>\n\n\n\n<p>L\u00f3pez Obrador reiter\u00f3 que en el caso del ingeniero C\u00e1rdenas \u201cle tengo mucho respeto, y ya ni hablar de su pap\u00e1 (L\u00e1zaro C\u00e1rdenas), el mejor presidente del siglo XX\u201d<\/p>\n\n\n\n<p>Ciudad de M\u00e9xico 13 de mayo del 2024.-El presidente Andr\u00e9s Manuel L\u00f3pez Obrador asever\u00f3 que Cuauht\u00e9moc C\u00e1rdenas \u201ces el precursor del movimiento democr\u00e1tico de nuestro tiempo\u201d, por lo que manifest\u00f3 su respeto para la figura del ingeniero y descart\u00f3 cualquier rompimiento con \u00e9l.<\/p>\n\n\n\n<p>Y es que a pregunta expresa sobre recientes declaraciones del ingeniero C\u00e1rdenas \u2014hace unos d\u00edas ofreci\u00f3 una entrevista a La Jornada con motivo de sus 90 a\u00f1os de edad\u2014, el mandatario se\u00f1al\u00f3: \u201cRespeto mucho al ingeniero, lo considero precursor del movimiento democr\u00e1tico de nuestros tiempo. Y todo lo que dice lo respeto\u201d.<\/p>\n\n\n\n<p>Afirm\u00f3 que aun cuando sus adversarios han mantenido la posici\u00f3n para que haya diferendo entre \u00e9l y el ingeniero, no lo han conseguido y remarc\u00f3: \u201cLo que diga mi dedito\u201d, a lo que hizo la se\u00f1al negativa con el \u00edndice. \u201c\u00a1No!\u201d.<\/p>\n\n\n\n<p>Record\u00f3 que C\u00e1rdenas \u201ccontribuy\u00f3 much\u00edsimo a este movimiento. Ayer me reun\u00ed con Jes\u00fas Mart\u00edn del Campo, tambi\u00e9n compa\u00f1ero. F\u00edjense que a \u00e9l, a Jes\u00fas, le asesinaron a un hermano en la represi\u00f3n del 71, cuando los halcones. Y \u00e9l siempre luchando. Y me mand\u00f3 a decir que quer\u00eda estar conmigo antes de que yo terminara, le dije que s\u00ed, y lo recib\u00ed, estuvimos platicando\u201d.<\/p>\n\n\n\n<p>El presidente coment\u00f3 que la transformaci\u00f3n se ha logrado por \u201cel esfuerzo, la participaci\u00f3n, hasta la vida de muchos. O sea, no se dio de la noche a la ma\u00f1ana, no es resultado de un dirigente, de un grupo de dirigentes, \u00e9sta es una lucha de muchos, de millones. Entonces, el ingeniero C\u00e1rdenas es precursor de este movimiento, y muchos otros\u201d.<\/p>\n\n\n\n<p>Se\u00f1al\u00f3 que ni siquiera ve como enemigos a los conservadores, sino que los considera adversarios, \u201cporque pensamos distinto, ellos no quieren pensar como yo, y est\u00e1n en su derecho, y yo no quiero pensar como ellos, y estoy en mi derecho, somos libres, esa es la democracia. O sea, yo creo que no le caigo bien como pienso y act\u00fao a Claudio X. Gonz\u00e1lez hijo no, ya el pap\u00e1 est\u00e1 m\u00e1s retirado, pues est\u00e1 en su derecho; y es correspondido, a m\u00ed tambi\u00e9n ahora s\u00ed que como dir\u00edan los j\u00f3venes, zafo, o sea no me gustar\u00eda ser como \u00e9l\u201d.<\/p>\n\n\n\n<p>L\u00f3pez Obrador reiter\u00f3 que en el caso del ingeniero C\u00e1rdenas \u201cle tengo mucho respeto, y ya ni hablar de su pap\u00e1 (L\u00e1zaro C\u00e1rdenas), el mejor presidente del siglo XX\u201d.<\/p>\n","protected":false},"excerpt":{"rendered":"<p>(Redaccion) L\u00f3pez Obrador reiter\u00f3 que en el caso del ingeniero C\u00e1rdenas \u201cle tengo mucho respeto, y ya ni hablar de su pap\u00e1 (L\u00e1zaro C\u00e1rdenas), el mejor presidente del siglo XX\u201d Ciudad de M\u00e9xico 13 de mayo del 2024.-El presidente Andr\u00e9s Manuel L\u00f3pez Obrador asever\u00f3 que Cuauht\u00e9moc C\u00e1rdenas \u201ces el precursor del movimiento democr\u00e1tico de nuestro [&hellip;]<\/p>\n","protected":false},"author":1,"featured_media":239987,"comment_status":"open","ping_status":"open","sticky":false,"template":"","format":"standard","meta":{"footnotes":""},"categories":[8],"tags":[],"class_list":["post-239986","post","type-post","status-publish","format-standard","has-post-thumbnail","hentry","category-pais","entry","has-media"],"jetpack_featured_media_url":"http:\/\/vertienteglobal.com\/wp-content\/uploads\/2024\/05\/05-5-768x512-1.jpg","_links":{"self":[{"href":"http:\/\/vertienteglobal.com\/index.php?rest_route=\/wp\/v2\/posts\/239986","targetHints":{"allow":["GET"]}}],"collection":[{"href":"http:\/\/vertienteglobal.com\/index.php?rest_route=\/wp\/v2\/posts"}],"about":[{"href":"http:\/\/vertienteglobal.com\/index.php?rest_route=\/wp\/v2\/types\/post"}],"author":[{"embeddable":true,"href":"http:\/\/vertienteglobal.com\/index.php?rest_route=\/wp\/v2\/users\/1"}],"replies":[{"embeddable":true,"href":"http:\/\/vertienteglobal.com\/index.php?rest_route=%2Fwp%2Fv2%2Fcomments&post=239986"}],"version-history":[{"count":0,"href":"http:\/\/vertienteglobal.com\/index.php?rest_route=\/wp\/v2\/posts\/239986\/revisions"}],"wp:featuredmedia":[{"embeddable":true,"href":"http:\/\/vertienteglobal.com\/index.php?rest_route=\/wp\/v2\/media\/239987"}],"wp:attachment":[{"href":"http:\/\/vertienteglobal.com\/index.php?rest_route=%2Fwp%2Fv2%2Fmedia&parent=239986"}],"wp:term":[{"taxonomy":"category","embeddable":true,"href":"http:\/\/vertienteglobal.com\/index.php?rest_route=%2Fwp%2Fv2%2Fcategories&post=239986"},{"taxonomy":"post_tag","embeddable":true,"href":"http:\/\/vertienteglobal.com\/index.php?rest_route=%2Fwp%2Fv2%2Ftags&post=239986"}],"curies":[{"name":"wp","href":"https:\/\/api.w.org\/{rel}","templated":true}]}}