{"id":239974,"date":"2024-05-08T12:58:00","date_gmt":"2024-05-08T17:58:00","guid":{"rendered":"http:\/\/vertienteglobal.com\/?p=239974"},"modified":"2024-05-13T13:01:57","modified_gmt":"2024-05-13T18:01:57","slug":"ansiedad-y-estres-trastornos-que-pueden-aumentar-por-altas-temperaturas-especialistas","status":"publish","type":"post","link":"http:\/\/vertienteglobal.com\/?p=239974","title":{"rendered":"Ansiedad y estr\u00e9s, trastornos que pueden aumentar por altas temperaturas: Especialistas"},"content":{"rendered":"\n<div class=\"twitterbutton\" style=\"float: right; padding-left: 5px;\"><a href=\"http:\/\/twitter.com\/share\" class=\"twitter-share-button\" data-count=\"horizontal\" data-text=\"Ansiedad y estr\u00e9s, trastornos que pueden aumentar por altas temperaturas: Espec...\" data-via=\"https:\/\/twitter.com\/VertienteGloba1\" data-url=\"http:\/\/vertienteglobal.com\/?p=239974\" data-lang=\"es\" data-related=\"Informaci\u00f3n general:S\u00edguenos para que est\u00e9ss informado\"><\/a><\/div>\n<figure class=\"wp-block-image size-full\"><img loading=\"lazy\" decoding=\"async\" width=\"1024\" height=\"683\" src=\"http:\/\/vertienteglobal.com\/wp-content\/uploads\/2024\/05\/232601xeva20240508124412.webp\" alt=\"\" class=\"wp-image-239975\" srcset=\"http:\/\/vertienteglobal.com\/wp-content\/uploads\/2024\/05\/232601xeva20240508124412.webp 1024w, http:\/\/vertienteglobal.com\/wp-content\/uploads\/2024\/05\/232601xeva20240508124412-300x200.webp 300w, http:\/\/vertienteglobal.com\/wp-content\/uploads\/2024\/05\/232601xeva20240508124412-150x100.webp 150w, http:\/\/vertienteglobal.com\/wp-content\/uploads\/2024\/05\/232601xeva20240508124412-768x512.webp 768w\" sizes=\"auto, (max-width: 1024px) 100vw, 1024px\" \/><\/figure>\n\n\n\n<p>(Redaccion)<\/p>\n\n\n\n<p>Los especialistas hacen el llamado para que las personas que tengan alguna situaci\u00f3n de este tipo acudan con un especialista para buscar una soluci\u00f3n<\/p>\n\n\n\n<p>Ciudad Madero, Tamaulipas, a 08 de mayo del 2024.-Especialistas advirtieron que las altas temperaturas, pueden provocar el incremento y\/o detonar trastornos como la ansiedad, el estr\u00e9s o alguna otra problem\u00e1tica que hab\u00eda venido arrastrando la persona y que en ese momento \u201cexplota\u201d.<\/p>\n\n\n\n<p>Ante ello los especialistas hacen el llamado para que las personas que tengan alguna situaci\u00f3n de este tipo acudan con un especialista para buscar una soluci\u00f3n.<\/p>\n\n\n\n<p>\u00abSe puede detonar, sobre todo trastornos de ansiedad o alg\u00fan padecimiento de tipo org\u00e1nico, personas que tienen un tipo de lesi\u00f3n cerebral o alguna disfunci\u00f3n por situaciones de est\u00edmulo luminoso demasiado calor, demasiada temperatura lo puede llevar a sentirse m\u00e1s desesperados con mayor facilidad y llevar a cabo acciones que pueden poner en riesgo su integridad f\u00edsica como volverse poco m\u00e1s lento, menos tolerante y m\u00e1s explosivo\u00bb refiri\u00f3 Alejandro Cruz Rosas, director de un Hospital Psiqui\u00e1trico en Tamaulipas.<\/p>\n\n\n\n<p>Esto luego de que el fin de semana se volviera viral un video en donde dos automovilistas se agarran a golpes en plena avenida Tamaulipas frente a la unidad deportiva de Ciudad Madero, ante ello el especialista refiere que esto se debe a que los conductores f\u00e1cilmente estallan contra los dem\u00e1s que van manejando.<\/p>\n\n\n\n<p>\u00abTener menos tolerancia, ser menos pacientes, situaciones de alerta de sentirse estresado o presionado, enfermedades explosivas, pueden llegar a sentirse alterados\u00bb, agreg\u00f3.(Fuente:Milenio\/Foto: Freepik\/Xeva)<\/p>\n","protected":false},"excerpt":{"rendered":"<p>(Redaccion) Los especialistas hacen el llamado para que las personas que tengan alguna situaci\u00f3n de este tipo acudan con un especialista para buscar una soluci\u00f3n Ciudad Madero, Tamaulipas, a 08 de mayo del 2024.-Especialistas advirtieron que las altas temperaturas, pueden provocar el incremento y\/o detonar trastornos como la ansiedad, el estr\u00e9s o alguna otra problem\u00e1tica [&hellip;]<\/p>\n","protected":false},"author":1,"featured_media":239975,"comment_status":"open","ping_status":"open","sticky":false,"template":"","format":"standard","meta":{"footnotes":""},"categories":[8],"tags":[],"class_list":["post-239974","post","type-post","status-publish","format-standard","has-post-thumbnail","hentry","category-pais","entry","has-media"],"jetpack_featured_media_url":"http:\/\/vertienteglobal.com\/wp-content\/uploads\/2024\/05\/232601xeva20240508124412.webp","_links":{"self":[{"href":"http:\/\/vertienteglobal.com\/index.php?rest_route=\/wp\/v2\/posts\/239974","targetHints":{"allow":["GET"]}}],"collection":[{"href":"http:\/\/vertienteglobal.com\/index.php?rest_route=\/wp\/v2\/posts"}],"about":[{"href":"http:\/\/vertienteglobal.com\/index.php?rest_route=\/wp\/v2\/types\/post"}],"author":[{"embeddable":true,"href":"http:\/\/vertienteglobal.com\/index.php?rest_route=\/wp\/v2\/users\/1"}],"replies":[{"embeddable":true,"href":"http:\/\/vertienteglobal.com\/index.php?rest_route=%2Fwp%2Fv2%2Fcomments&post=239974"}],"version-history":[{"count":0,"href":"http:\/\/vertienteglobal.com\/index.php?rest_route=\/wp\/v2\/posts\/239974\/revisions"}],"wp:featuredmedia":[{"embeddable":true,"href":"http:\/\/vertienteglobal.com\/index.php?rest_route=\/wp\/v2\/media\/239975"}],"wp:attachment":[{"href":"http:\/\/vertienteglobal.com\/index.php?rest_route=%2Fwp%2Fv2%2Fmedia&parent=239974"}],"wp:term":[{"taxonomy":"category","embeddable":true,"href":"http:\/\/vertienteglobal.com\/index.php?rest_route=%2Fwp%2Fv2%2Fcategories&post=239974"},{"taxonomy":"post_tag","embeddable":true,"href":"http:\/\/vertienteglobal.com\/index.php?rest_route=%2Fwp%2Fv2%2Ftags&post=239974"}],"curies":[{"name":"wp","href":"https:\/\/api.w.org\/{rel}","templated":true}]}}