{"id":239954,"date":"2024-05-12T23:32:00","date_gmt":"2024-05-13T04:32:00","guid":{"rendered":"http:\/\/vertienteglobal.com\/?p=239954"},"modified":"2024-05-13T11:46:32","modified_gmt":"2024-05-13T16:46:32","slug":"unam-alerta-afectaciones-a-satelites-y-telecomunicaciones-por-tormentas-solares","status":"publish","type":"post","link":"http:\/\/vertienteglobal.com\/?p=239954","title":{"rendered":"UNAM alerta afectaciones a sat\u00e9lites y telecomunicaciones por tormentas solares"},"content":{"rendered":"\n<div class=\"twitterbutton\" style=\"float: right; padding-left: 5px;\"><a href=\"http:\/\/twitter.com\/share\" class=\"twitter-share-button\" data-count=\"horizontal\" data-text=\"UNAM alerta afectaciones a sat\u00e9lites y telecomunicaciones por tormentas solares\" data-via=\"https:\/\/twitter.com\/VertienteGloba1\" data-url=\"http:\/\/vertienteglobal.com\/?p=239954\" data-lang=\"es\" data-related=\"Informaci\u00f3n general:S\u00edguenos para que est\u00e9ss informado\"><\/a><\/div>\n<figure class=\"wp-block-image size-full\"><img loading=\"lazy\" decoding=\"async\" width=\"1024\" height=\"683\" src=\"http:\/\/vertienteglobal.com\/wp-content\/uploads\/2024\/05\/232865xeva20240511122919-1.webp\" alt=\"\" class=\"wp-image-239955\" srcset=\"http:\/\/vertienteglobal.com\/wp-content\/uploads\/2024\/05\/232865xeva20240511122919-1.webp 1024w, http:\/\/vertienteglobal.com\/wp-content\/uploads\/2024\/05\/232865xeva20240511122919-1-300x200.webp 300w, http:\/\/vertienteglobal.com\/wp-content\/uploads\/2024\/05\/232865xeva20240511122919-1-150x100.webp 150w, http:\/\/vertienteglobal.com\/wp-content\/uploads\/2024\/05\/232865xeva20240511122919-1-768x512.webp 768w\" sizes=\"auto, (max-width: 1024px) 100vw, 1024px\" \/><\/figure>\n\n\n\n<p>(Redaccion)<\/p>\n\n\n\n<p>Dijo que servicios de clima espacial de varios pa\u00edses han confirmado la posibilidad de la ocurrencia de una tormenta geomagn\u00e9tica severa; por lo cual se espera la aparici\u00f3n de auroras boreales en latitudes medias del planeta.\u00f1<\/p>\n\n\n\n<p>Ciudad de M\u00e9xico 12 de mayo del 2024.-El Servicio de Clima Espacial M\u00e9xico (Sciesmex) del Instituto de Geof\u00edsica de la Universidad Nacional Aut\u00f3noma de M\u00e9xico (UNAM) alert\u00f3 este viernes sobre afectaciones a sat\u00e9lites, telecomunicaciones y sistemas de posicionamiento global debido a tormentas solares ocurridas en las \u00faltimas 48 horas.<\/p>\n\n\n\n<p>En un comunicado, el organismo precis\u00f3 que, en los \u00faltimos 10 d\u00edas, dos regiones activas en la superficie del Sol han producido una serie de tormentas solares, incluyendo nueve estallidos de luz intensos, conocidos como fulguraciones clase X.<\/p>\n\n\n\n<p>\u201cEsos eventos provocaron en la regi\u00f3n donde se ubica la Rep\u00fablica mexicana algunas fallas en comunicaciones en bandas de radio de alta frecuencia HF\u201d, apunt\u00f3 Sciesmex.<\/p>\n\n\n\n<p>Refiri\u00f3 que en las \u00faltimas 48 horas se produjeron siete tormentas solares, que adem\u00e1s de las fulguraciones, emitieron nubes de material solar (Eyecciones de Masa Coronal) que se propagan en direcci\u00f3n a la Tierra y se espera afecten el entorno del planeta entre la noche de este viernes y durante los pr\u00f3ximos dos d\u00edas.<\/p>\n\n\n\n<p>\u201cLas Eyecciones de Masa Coronal podr\u00edan provocar perturbaciones globales del campo magn\u00e9tico de la Tierra y afectar sat\u00e9lites, telecomunicaciones, sistemas de posicionamiento global, navegaci\u00f3n a\u00e9rea y redes de generaci\u00f3n y transmisi\u00f3n de energ\u00eda el\u00e9ctrica\u201d, alert\u00f3 la entidad.<\/p>\n\n\n\n<p>No obstante, precis\u00f3 que dar\u00e1 seguimiento al evento y proporcionar\u00e1 informaci\u00f3n al Sistema Nacional de Protecci\u00f3n Civil.<\/p>\n\n\n\n<p>Adem\u00e1s, dijo que servicios de clima espacial de varios pa\u00edses han confirmado la posibilidad de la ocurrencia de una tormenta geomagn\u00e9tica severa; por lo cual se espera la aparici\u00f3n de auroras boreales en latitudes medias del planeta.<\/p>\n\n\n\n<p>M\u00e9xico cuenta con un Servicio de Clima Espacial equipado con un sistema de alerta temprana \u00abpara dar alertas de eventos de clima espacial en el pa\u00eds\u00bb.(Fuente:EFE\/Xeva)<\/p>\n","protected":false},"excerpt":{"rendered":"<p>(Redaccion) Dijo que servicios de clima espacial de varios pa\u00edses han confirmado la posibilidad de la ocurrencia de una tormenta geomagn\u00e9tica severa; por lo cual se espera la aparici\u00f3n de auroras boreales en latitudes medias del planeta.\u00f1 Ciudad de M\u00e9xico 12 de mayo del 2024.-El Servicio de Clima Espacial M\u00e9xico (Sciesmex) del Instituto de Geof\u00edsica [&hellip;]<\/p>\n","protected":false},"author":1,"featured_media":239953,"comment_status":"open","ping_status":"open","sticky":false,"template":"","format":"standard","meta":{"footnotes":""},"categories":[8],"tags":[],"class_list":["post-239954","post","type-post","status-publish","format-standard","has-post-thumbnail","hentry","category-pais","entry","has-media"],"jetpack_featured_media_url":"http:\/\/vertienteglobal.com\/wp-content\/uploads\/2024\/05\/232865xeva20240511122919.webp","_links":{"self":[{"href":"http:\/\/vertienteglobal.com\/index.php?rest_route=\/wp\/v2\/posts\/239954","targetHints":{"allow":["GET"]}}],"collection":[{"href":"http:\/\/vertienteglobal.com\/index.php?rest_route=\/wp\/v2\/posts"}],"about":[{"href":"http:\/\/vertienteglobal.com\/index.php?rest_route=\/wp\/v2\/types\/post"}],"author":[{"embeddable":true,"href":"http:\/\/vertienteglobal.com\/index.php?rest_route=\/wp\/v2\/users\/1"}],"replies":[{"embeddable":true,"href":"http:\/\/vertienteglobal.com\/index.php?rest_route=%2Fwp%2Fv2%2Fcomments&post=239954"}],"version-history":[{"count":0,"href":"http:\/\/vertienteglobal.com\/index.php?rest_route=\/wp\/v2\/posts\/239954\/revisions"}],"wp:featuredmedia":[{"embeddable":true,"href":"http:\/\/vertienteglobal.com\/index.php?rest_route=\/wp\/v2\/media\/239953"}],"wp:attachment":[{"href":"http:\/\/vertienteglobal.com\/index.php?rest_route=%2Fwp%2Fv2%2Fmedia&parent=239954"}],"wp:term":[{"taxonomy":"category","embeddable":true,"href":"http:\/\/vertienteglobal.com\/index.php?rest_route=%2Fwp%2Fv2%2Fcategories&post=239954"},{"taxonomy":"post_tag","embeddable":true,"href":"http:\/\/vertienteglobal.com\/index.php?rest_route=%2Fwp%2Fv2%2Ftags&post=239954"}],"curies":[{"name":"wp","href":"https:\/\/api.w.org\/{rel}","templated":true}]}}