{"id":239768,"date":"2024-04-30T12:52:00","date_gmt":"2024-04-30T17:52:00","guid":{"rendered":"http:\/\/vertienteglobal.com\/?p=239768"},"modified":"2024-04-30T15:13:56","modified_gmt":"2024-04-30T20:13:56","slug":"fortalecen-lazos-de-coordinacion-y-comunicacion-entre-unidades-medicas-de-quintana-roo","status":"publish","type":"post","link":"http:\/\/vertienteglobal.com\/?p=239768","title":{"rendered":"Fortalecen lazos de coordinaci\u00f3n y comunicaci\u00f3n entre unidades m\u00e9dicas de Quintana Roo"},"content":{"rendered":"\n<div class=\"twitterbutton\" style=\"float: right; padding-left: 5px;\"><a href=\"http:\/\/twitter.com\/share\" class=\"twitter-share-button\" data-count=\"horizontal\" data-text=\"Fortalecen lazos de coordinaci\u00f3n y comunicaci\u00f3n entre unidades m\u00e9dicas de Qui...\" data-via=\"https:\/\/twitter.com\/VertienteGloba1\" data-url=\"http:\/\/vertienteglobal.com\/?p=239768\" data-lang=\"es\" data-related=\"Informaci\u00f3n general:S\u00edguenos para que est\u00e9ss informado\"><\/a><\/div>\n<figure class=\"wp-block-image size-full\"><img loading=\"lazy\" decoding=\"async\" width=\"692\" height=\"360\" src=\"http:\/\/vertienteglobal.com\/wp-content\/uploads\/2024\/04\/WhatsApp-Image-2024-04-30-at-1.35.24-PM-692x360-1.jpeg\" alt=\"\" class=\"wp-image-239769\" srcset=\"http:\/\/vertienteglobal.com\/wp-content\/uploads\/2024\/04\/WhatsApp-Image-2024-04-30-at-1.35.24-PM-692x360-1.jpeg 692w, http:\/\/vertienteglobal.com\/wp-content\/uploads\/2024\/04\/WhatsApp-Image-2024-04-30-at-1.35.24-PM-692x360-1-300x156.jpeg 300w, http:\/\/vertienteglobal.com\/wp-content\/uploads\/2024\/04\/WhatsApp-Image-2024-04-30-at-1.35.24-PM-692x360-1-150x78.jpeg 150w\" sizes=\"auto, (max-width: 692px) 100vw, 692px\" \/><\/figure>\n\n\n\n<p>(Redaccion)<\/p>\n\n\n\n<p>Con el prop\u00f3sito de mantener una estrecha colaboraci\u00f3n entre autoridades y el personal de salud de todo el estado, se fortalecen los canales de comunicaci\u00f3n con los responsables de hospitales y centros de salud<br>.<br>Canc\u00fan, Quintana Roo 30 de abril del 2024.-Con el objetivo de fortalecer las estrategias de atenci\u00f3n a la salud y bienestar de las y los quintanarroenses, el secretario de Salud, Flavio Carlos Rosado, sostuvo una reuni\u00f3n con los jefes de las tres jurisdicciones sanitarias as\u00ed como de los hospitales generales y comunitarios de los Servicios Estatales de Salud (SESA).<\/p>\n\n\n\n<p>Como parte de los asuntos abordados durante el encuentro, destac\u00f3 el del cumplimiento de las disposiciones establecidas en la Ley de Servidores P\u00fablicos del Estado de Quintana Roo, para lo que se cont\u00f3 con la presencia de la titular de la Secretar\u00eda de la Contralor\u00eda, Reyna Arceo Rosado, quien reiter\u00f3 su compromiso con el correcto ejercicio de la funci\u00f3n p\u00fablica.<\/p>\n\n\n\n<p>Otro de los temas relevantes fue el proceso de transici\u00f3n de los Servicios Estatales de Salud al modelo IMSS-BIENESTAR. En este sentido, el titular de la<\/p>\n\n\n\n<p>Secretar\u00eda de Salud, solicit\u00f3 a los presentes fortalecer la comunicaci\u00f3n con el personal a su cargo, con el fin de resolver inquietudes de las y los trabajadores que forman parte de este importante proceso en el que el usuario de los servicios de atenci\u00f3n m\u00e9dica tiene un papel fundamental.<\/p>\n\n\n\n<p>Asimismo, un tema de importancia que se abord\u00f3 es el de estar preparados ante el inicio de la temporada de lluvias y huracanes 2024, para lo cual se cont\u00f3 con la presencia del director general de la Coordinaci\u00f3n Estatal de Protecci\u00f3n Civil, Guillermo N\u00fa\u00f1ez Leal, quien present\u00f3 informaci\u00f3n importante para que los hospitales y centros de salud est\u00e9n lo mejor preparados.<\/p>\n\n\n\n<p>La Secretar\u00eda tiene como parte de la meta elevar la calidad y aumentar la cantidad de la oferta de los servicios de atenci\u00f3n m\u00e9dica para las y los quintanarroenses, por lo que durante la reuni\u00f3n se analizaron avances y necesidades en materia de infraestructura en salud.<\/p>\n\n\n\n<p>Flavio Carlos Rosado reiter\u00f3, que se dar\u00e1 continuidad a las visitas de supervisi\u00f3n de cada uno de los hospitales y centros de salud para detectar \u00e1reas de oportunidad para mejorar los servicios.<\/p>\n","protected":false},"excerpt":{"rendered":"<p>(Redaccion) Con el prop\u00f3sito de mantener una estrecha colaboraci\u00f3n entre autoridades y el personal de salud de todo el estado, se fortalecen los canales de comunicaci\u00f3n con los responsables de hospitales y centros de salud.Canc\u00fan, Quintana Roo 30 de abril del 2024.-Con el objetivo de fortalecer las estrategias de atenci\u00f3n a la salud y bienestar [&hellip;]<\/p>\n","protected":false},"author":1,"featured_media":239769,"comment_status":"open","ping_status":"open","sticky":false,"template":"","format":"standard","meta":{"footnotes":""},"categories":[3],"tags":[],"class_list":["post-239768","post","type-post","status-publish","format-standard","has-post-thumbnail","hentry","category-quintana-roo","entry","has-media"],"jetpack_featured_media_url":"http:\/\/vertienteglobal.com\/wp-content\/uploads\/2024\/04\/WhatsApp-Image-2024-04-30-at-1.35.24-PM-692x360-1.jpeg","_links":{"self":[{"href":"http:\/\/vertienteglobal.com\/index.php?rest_route=\/wp\/v2\/posts\/239768","targetHints":{"allow":["GET"]}}],"collection":[{"href":"http:\/\/vertienteglobal.com\/index.php?rest_route=\/wp\/v2\/posts"}],"about":[{"href":"http:\/\/vertienteglobal.com\/index.php?rest_route=\/wp\/v2\/types\/post"}],"author":[{"embeddable":true,"href":"http:\/\/vertienteglobal.com\/index.php?rest_route=\/wp\/v2\/users\/1"}],"replies":[{"embeddable":true,"href":"http:\/\/vertienteglobal.com\/index.php?rest_route=%2Fwp%2Fv2%2Fcomments&post=239768"}],"version-history":[{"count":0,"href":"http:\/\/vertienteglobal.com\/index.php?rest_route=\/wp\/v2\/posts\/239768\/revisions"}],"wp:featuredmedia":[{"embeddable":true,"href":"http:\/\/vertienteglobal.com\/index.php?rest_route=\/wp\/v2\/media\/239769"}],"wp:attachment":[{"href":"http:\/\/vertienteglobal.com\/index.php?rest_route=%2Fwp%2Fv2%2Fmedia&parent=239768"}],"wp:term":[{"taxonomy":"category","embeddable":true,"href":"http:\/\/vertienteglobal.com\/index.php?rest_route=%2Fwp%2Fv2%2Fcategories&post=239768"},{"taxonomy":"post_tag","embeddable":true,"href":"http:\/\/vertienteglobal.com\/index.php?rest_route=%2Fwp%2Fv2%2Ftags&post=239768"}],"curies":[{"name":"wp","href":"https:\/\/api.w.org\/{rel}","templated":true}]}}