{"id":239756,"date":"2024-04-30T10:52:00","date_gmt":"2024-04-30T15:52:00","guid":{"rendered":"http:\/\/vertienteglobal.com\/?p=239756"},"modified":"2024-04-30T14:51:21","modified_gmt":"2024-04-30T19:51:21","slug":"amlo-firmara-el-miercoles-el-acuerdo-sobre-fondo-de-pensiones-para-el-bienestar","status":"publish","type":"post","link":"http:\/\/vertienteglobal.com\/?p=239756","title":{"rendered":"AMLO firmar\u00e1 el mi\u00e9rcoles el acuerdo sobre Fondo de Pensiones para el Bienestar"},"content":{"rendered":"\n<div class=\"twitterbutton\" style=\"float: right; padding-left: 5px;\"><a href=\"http:\/\/twitter.com\/share\" class=\"twitter-share-button\" data-count=\"horizontal\" data-text=\"AMLO firmar\u00e1 el mi\u00e9rcoles el acuerdo sobre Fondo de Pensiones para el Bienesta...\" data-via=\"https:\/\/twitter.com\/VertienteGloba1\" data-url=\"http:\/\/vertienteglobal.com\/?p=239756\" data-lang=\"es\" data-related=\"Informaci\u00f3n general:S\u00edguenos para que est\u00e9ss informado\"><\/a><\/div>\n<figure class=\"wp-block-image size-full\"><img loading=\"lazy\" decoding=\"async\" width=\"1024\" height=\"683\" src=\"http:\/\/vertienteglobal.com\/wp-content\/uploads\/2024\/04\/231922xeva20240430101204.webp\" alt=\"\" class=\"wp-image-239757\" srcset=\"http:\/\/vertienteglobal.com\/wp-content\/uploads\/2024\/04\/231922xeva20240430101204.webp 1024w, http:\/\/vertienteglobal.com\/wp-content\/uploads\/2024\/04\/231922xeva20240430101204-300x200.webp 300w, http:\/\/vertienteglobal.com\/wp-content\/uploads\/2024\/04\/231922xeva20240430101204-150x100.webp 150w, http:\/\/vertienteglobal.com\/wp-content\/uploads\/2024\/04\/231922xeva20240430101204-768x512.webp 768w\" sizes=\"auto, (max-width: 1024px) 100vw, 1024px\" \/><\/figure>\n\n\n\n<p>(Redaccion)<\/p>\n\n\n\n<p>La reforma de pensiones que crea el Fondo de Pensiones para el Bienestar con 40 mil millones de pesos de cuentas de afores no reclamadas<\/p>\n\n\n\n<p>Ciudad de M\u00e9xico 30 de abril del 2024.- El presidente Andr\u00e9s Manuel L\u00f3pez Obrador adelant\u00f3 en la conferencia de prensa matutina, que el mi\u00e9rcoles, en el marco de la conmemoraci\u00f3n al &#8216;D\u00eda del Trabajo&#8217;, firmar\u00e1 el acuerdo para que entre en vigor el Fondo de Pensiones para el Bienestar.<\/p>\n\n\n\n<p>Desde Palacio Nacional, L\u00f3pez Obrador dijo el 1 de mayo, estar\u00e1 la secretaria de Gobernaci\u00f3n, Luisa Mar\u00eda Alcalde, el secretario del Trabajo, Marath Bola\u00f1os y otros servidores p\u00fablicos para recordar a los m\u00e1rtires de Chicago.<\/p>\n\n\n\n<p>\u00abY recordar a los precursores del movimiento obrero en M\u00e9xico, a los dirigentes, trabajadores de las huelas de Cananea, de R\u00edo Blanco y vamos a informar de lo que se ha realizado y se ha llevado a cabo en beneficio de los trabajadores. Y adelanto tambi\u00e9n que ma\u00f1ana voy a firmar el acuerdo para que entre en vigor el Fondo de Pensiones para el Bienestar\u00bb.<\/p>\n\n\n\n<p>Cabe recordar que el pasado 26 de abril, el Senado aval\u00f3 sin cambios en lo general y en lo particular con 69 votos a favor, 41 en contra y dos abstenciones, la reforma de pensiones que crea el Fondo de Pensiones para el Bienestar con 40 mil millones de pesos de cuentas de afores no reclamadas.<\/p>\n\n\n\n<p>Luego de cuatro horas de discusi\u00f3n de las reservas, todas rechazadas por la mayor\u00eda, la oposici\u00f3n intent\u00f3 reventar la sesi\u00f3n, tras negarse a votar para dejar sin qu\u00f3rum, sin embargo, al final no prosper\u00f3 el intento.(Fuente:Milenio\/Foto:EFE\/ Xeva)<\/p>\n","protected":false},"excerpt":{"rendered":"<p>(Redaccion) La reforma de pensiones que crea el Fondo de Pensiones para el Bienestar con 40 mil millones de pesos de cuentas de afores no reclamadas Ciudad de M\u00e9xico 30 de abril del 2024.- El presidente Andr\u00e9s Manuel L\u00f3pez Obrador adelant\u00f3 en la conferencia de prensa matutina, que el mi\u00e9rcoles, en el marco de la [&hellip;]<\/p>\n","protected":false},"author":1,"featured_media":239757,"comment_status":"open","ping_status":"open","sticky":false,"template":"","format":"standard","meta":{"footnotes":""},"categories":[8],"tags":[],"class_list":["post-239756","post","type-post","status-publish","format-standard","has-post-thumbnail","hentry","category-pais","entry","has-media"],"jetpack_featured_media_url":"http:\/\/vertienteglobal.com\/wp-content\/uploads\/2024\/04\/231922xeva20240430101204.webp","_links":{"self":[{"href":"http:\/\/vertienteglobal.com\/index.php?rest_route=\/wp\/v2\/posts\/239756","targetHints":{"allow":["GET"]}}],"collection":[{"href":"http:\/\/vertienteglobal.com\/index.php?rest_route=\/wp\/v2\/posts"}],"about":[{"href":"http:\/\/vertienteglobal.com\/index.php?rest_route=\/wp\/v2\/types\/post"}],"author":[{"embeddable":true,"href":"http:\/\/vertienteglobal.com\/index.php?rest_route=\/wp\/v2\/users\/1"}],"replies":[{"embeddable":true,"href":"http:\/\/vertienteglobal.com\/index.php?rest_route=%2Fwp%2Fv2%2Fcomments&post=239756"}],"version-history":[{"count":0,"href":"http:\/\/vertienteglobal.com\/index.php?rest_route=\/wp\/v2\/posts\/239756\/revisions"}],"wp:featuredmedia":[{"embeddable":true,"href":"http:\/\/vertienteglobal.com\/index.php?rest_route=\/wp\/v2\/media\/239757"}],"wp:attachment":[{"href":"http:\/\/vertienteglobal.com\/index.php?rest_route=%2Fwp%2Fv2%2Fmedia&parent=239756"}],"wp:term":[{"taxonomy":"category","embeddable":true,"href":"http:\/\/vertienteglobal.com\/index.php?rest_route=%2Fwp%2Fv2%2Fcategories&post=239756"},{"taxonomy":"post_tag","embeddable":true,"href":"http:\/\/vertienteglobal.com\/index.php?rest_route=%2Fwp%2Fv2%2Ftags&post=239756"}],"curies":[{"name":"wp","href":"https:\/\/api.w.org\/{rel}","templated":true}]}}