{"id":239360,"date":"2024-04-04T05:24:00","date_gmt":"2024-04-04T11:24:00","guid":{"rendered":"http:\/\/vertienteglobal.com\/?p=239360"},"modified":"2024-04-09T17:32:43","modified_gmt":"2024-04-09T22:32:43","slug":"con-los-hijos-no-claudia-sheinbaum-pide-no-involucrar-a-familiares-de-los-candidatos-presidenciales-en-las-campanas","status":"publish","type":"post","link":"http:\/\/vertienteglobal.com\/?p=239360","title":{"rendered":"\u2019\u2019\u00a1Con los hijos no!\u2019\u2019: Claudia Sheinbaum pide no involucrar a familiares de los candidatos presidenciales en las campa\u00f1as"},"content":{"rendered":"\n<div class=\"twitterbutton\" style=\"float: right; padding-left: 5px;\"><a href=\"http:\/\/twitter.com\/share\" class=\"twitter-share-button\" data-count=\"horizontal\" data-text=\"\u2019\u2019\u00a1Con los hijos no!\u2019\u2019: Claudia Sheinbaum pide no involucrar a familiar...\" data-via=\"https:\/\/twitter.com\/VertienteGloba1\" data-url=\"http:\/\/vertienteglobal.com\/?p=239360\" data-lang=\"es\" data-related=\"Informaci\u00f3n general:S\u00edguenos para que est\u00e9ss informado\"><\/a><\/div>\n<figure class=\"wp-block-image size-full\"><img loading=\"lazy\" decoding=\"async\" width=\"720\" height=\"480\" src=\"http:\/\/vertienteglobal.com\/wp-content\/uploads\/2024\/04\/FB_IMG_1712701724160.jpg\" alt=\"\" class=\"wp-image-239361\" srcset=\"http:\/\/vertienteglobal.com\/wp-content\/uploads\/2024\/04\/FB_IMG_1712701724160.jpg 720w, http:\/\/vertienteglobal.com\/wp-content\/uploads\/2024\/04\/FB_IMG_1712701724160-300x200.jpg 300w, http:\/\/vertienteglobal.com\/wp-content\/uploads\/2024\/04\/FB_IMG_1712701724160-150x100.jpg 150w\" sizes=\"auto, (max-width: 720px) 100vw, 720px\" \/><\/figure>\n\n\n\n<p>(Redaccion)<\/p>\n\n\n\n<p>Sheinbaum Pardo hizo un llamado a que las campa\u00f1as presidenciales rumbo a las elecciones del 2 de junio se centren en los proyectos de naci\u00f3n que propone cada candidato.<\/p>\n\n\n\n<p>Aguascalientes, Aguascalientes a 04 de abril de 2024.- \u2019\u2019\u00a1Con los hijos no! Quienes estamos en la contienda somos las candidatas y el candidato\u2019\u2019, asegur\u00f3 Claudia Sheinbaum Pardo, Candidata a la Presidencia de M\u00e9xico por la Coalici\u00f3n \u201cSigamos Haciendo Historia\u201d (Morena-PT-PVEM) luego de que en redes sociales circular\u00e1 un video perjudicando la imagen de un familiar de la candidata de la oposici\u00f3n, X\u00f3chitl G\u00e1lvez.<\/p>\n\n\n\n<p>En conferencia de prensa, Sheinbaum Pardo hizo un llamado a que las campa\u00f1as presidenciales rumbo a las elecciones del 2 de junio se centren en los proyectos de naci\u00f3n que propone cada candidato.<\/p>\n\n\n\n<p>\u2019\u2019La contienda es un asunto de propuestas, es un asunto de proyecto, y de quienes participamos, pero no de los familiares\u2019\u2019, manifest\u00f3.<\/p>\n\n\n\n<p>Por lo anterior, reiter\u00f3 la importancia de no involucrar a las familias de quienes buscan llegar a la Presidencia.<\/p>\n\n\n\n<p>\u2019\u2019Yo no estoy de acuerdo con quien haya utilizado este video y que se utilice como parte de la contienda\u2019\u2019, asever\u00f3.<\/p>\n\n\n\n<figure class=\"wp-block-image size-full\"><img loading=\"lazy\" decoding=\"async\" width=\"720\" height=\"480\" src=\"http:\/\/vertienteglobal.com\/wp-content\/uploads\/2024\/04\/FB_IMG_1712701726852.jpg\" alt=\"\" class=\"wp-image-239362\" srcset=\"http:\/\/vertienteglobal.com\/wp-content\/uploads\/2024\/04\/FB_IMG_1712701726852.jpg 720w, http:\/\/vertienteglobal.com\/wp-content\/uploads\/2024\/04\/FB_IMG_1712701726852-300x200.jpg 300w, http:\/\/vertienteglobal.com\/wp-content\/uploads\/2024\/04\/FB_IMG_1712701726852-150x100.jpg 150w\" sizes=\"auto, (max-width: 720px) 100vw, 720px\" \/><\/figure>\n","protected":false},"excerpt":{"rendered":"<p>(Redaccion) Sheinbaum Pardo hizo un llamado a que las campa\u00f1as presidenciales rumbo a las elecciones del 2 de junio se centren en los proyectos de naci\u00f3n que propone cada candidato. Aguascalientes, Aguascalientes a 04 de abril de 2024.- \u2019\u2019\u00a1Con los hijos no! Quienes estamos en la contienda somos las candidatas y el candidato\u2019\u2019, asegur\u00f3 Claudia [&hellip;]<\/p>\n","protected":false},"author":1,"featured_media":239361,"comment_status":"open","ping_status":"open","sticky":false,"template":"","format":"standard","meta":{"footnotes":""},"categories":[8],"tags":[],"class_list":["post-239360","post","type-post","status-publish","format-standard","has-post-thumbnail","hentry","category-pais","entry","has-media"],"jetpack_featured_media_url":"http:\/\/vertienteglobal.com\/wp-content\/uploads\/2024\/04\/FB_IMG_1712701724160.jpg","_links":{"self":[{"href":"http:\/\/vertienteglobal.com\/index.php?rest_route=\/wp\/v2\/posts\/239360","targetHints":{"allow":["GET"]}}],"collection":[{"href":"http:\/\/vertienteglobal.com\/index.php?rest_route=\/wp\/v2\/posts"}],"about":[{"href":"http:\/\/vertienteglobal.com\/index.php?rest_route=\/wp\/v2\/types\/post"}],"author":[{"embeddable":true,"href":"http:\/\/vertienteglobal.com\/index.php?rest_route=\/wp\/v2\/users\/1"}],"replies":[{"embeddable":true,"href":"http:\/\/vertienteglobal.com\/index.php?rest_route=%2Fwp%2Fv2%2Fcomments&post=239360"}],"version-history":[{"count":0,"href":"http:\/\/vertienteglobal.com\/index.php?rest_route=\/wp\/v2\/posts\/239360\/revisions"}],"wp:featuredmedia":[{"embeddable":true,"href":"http:\/\/vertienteglobal.com\/index.php?rest_route=\/wp\/v2\/media\/239361"}],"wp:attachment":[{"href":"http:\/\/vertienteglobal.com\/index.php?rest_route=%2Fwp%2Fv2%2Fmedia&parent=239360"}],"wp:term":[{"taxonomy":"category","embeddable":true,"href":"http:\/\/vertienteglobal.com\/index.php?rest_route=%2Fwp%2Fv2%2Fcategories&post=239360"},{"taxonomy":"post_tag","embeddable":true,"href":"http:\/\/vertienteglobal.com\/index.php?rest_route=%2Fwp%2Fv2%2Ftags&post=239360"}],"curies":[{"name":"wp","href":"https:\/\/api.w.org\/{rel}","templated":true}]}}