{"id":239170,"date":"2024-03-28T23:31:00","date_gmt":"2024-03-29T05:31:00","guid":{"rendered":"http:\/\/vertienteglobal.com\/?p=239170"},"modified":"2024-04-02T07:37:04","modified_gmt":"2024-04-02T13:37:04","slug":"como-evitar-que-google-elimine-tu-cuenta-de-gmail","status":"publish","type":"post","link":"http:\/\/vertienteglobal.com\/?p=239170","title":{"rendered":"\u00bfC\u00f3mo evitar que Google elimine tu cuenta de Gmail?"},"content":{"rendered":"\n<div class=\"twitterbutton\" style=\"float: right; padding-left: 5px;\"><a href=\"http:\/\/twitter.com\/share\" class=\"twitter-share-button\" data-count=\"horizontal\" data-text=\"\u00bfC\u00f3mo evitar que Google elimine tu cuenta de Gmail?\" data-via=\"https:\/\/twitter.com\/VertienteGloba1\" data-url=\"http:\/\/vertienteglobal.com\/?p=239170\" data-lang=\"es\" data-related=\"Informaci\u00f3n general:S\u00edguenos para que est\u00e9ss informado\"><\/a><\/div>\n<figure class=\"wp-block-image size-full\"><img loading=\"lazy\" decoding=\"async\" width=\"1024\" height=\"683\" src=\"http:\/\/vertienteglobal.com\/wp-content\/uploads\/2024\/04\/229308xeva20240326073230.webp\" alt=\"\" class=\"wp-image-239171\" srcset=\"http:\/\/vertienteglobal.com\/wp-content\/uploads\/2024\/04\/229308xeva20240326073230.webp 1024w, http:\/\/vertienteglobal.com\/wp-content\/uploads\/2024\/04\/229308xeva20240326073230-300x200.webp 300w, http:\/\/vertienteglobal.com\/wp-content\/uploads\/2024\/04\/229308xeva20240326073230-150x100.webp 150w, http:\/\/vertienteglobal.com\/wp-content\/uploads\/2024\/04\/229308xeva20240326073230-768x512.webp 768w\" sizes=\"auto, (max-width: 1024px) 100vw, 1024px\" \/><\/figure>\n\n\n\n<p>(Redaccion)<\/p>\n\n\n\n<p>El principal requisito para mantener activa tu cuenta de Gmail es simplemente utilizarla. Google ha dejado claro que aquellos usuarios que no interact\u00faen con la plataforma en un lapso de dos a\u00f1os corren el riesgo de perder su cuenta, junto con toda su actividad y datos asociados<\/p>\n\n\n\n<p>Ciudad de M\u00e9xico 28 de marzo del 2024.- A finales de 2023, Google tom\u00f3 la decisi\u00f3n de actualizar sus pol\u00edticas, anunciando un cambio significativo que afectar\u00eda a usuarios de todo el mundo. A partir del 1 de diciembre de ese a\u00f1o, la compa\u00f1\u00eda comenzar\u00eda a eliminar cuentas consideradas inactivas, lo que gener\u00f3 preocupaci\u00f3n entre sus usuarios, especialmente aquellos que utilizan servicios como Gmail, YouTube y Drive.<\/p>\n\n\n\n<p>La medida tomada por el gigante tecnol\u00f3gico encendi\u00f3 las alertas de los usuarios, quienes se vieron preocupados por el futuro de sus cuentas y la valiosa informaci\u00f3n almacenada en ellas.<\/p>\n\n\n\n<p>Principalmente, Google ha establecido que una cuenta se considerar\u00e1 inactiva si el usuario no ha hecho uso de la plataforma en un per\u00edodo de dos a\u00f1os. Esto implica que la mejor manera de evitar la eliminaci\u00f3n de una cuenta es utilizarla de manera regular.<\/p>\n\n\n\n<p>Por lo tanto, el principal requisito para mantener activa tu cuenta de Gmail es simplemente utilizarla. Google ha dejado claro que aquellos usuarios que no interact\u00faen con la plataforma en un lapso de dos a\u00f1os corren el riesgo de perder su cuenta, junto con toda su actividad y datos asociados.<\/p>\n\n\n\n<p>En resumen, ante los cambios en las pol\u00edticas de Google, la mejor estrategia para asegurar la permanencia de tu cuenta de Gmail es mantener una actividad regular en la plataforma. Utilizar los servicios ofrecidos por la compa\u00f1\u00eda de manera continua garantizar\u00e1 la protecci\u00f3n de tu cuenta y la informaci\u00f3n importante que almacena.(Fuente: El Universal\/Foto: Facebook\/Xeva)<\/p>\n\n\n\n<p><\/p>\n\n\n\n<p><\/p>\n","protected":false},"excerpt":{"rendered":"<p>(Redaccion) El principal requisito para mantener activa tu cuenta de Gmail es simplemente utilizarla. Google ha dejado claro que aquellos usuarios que no interact\u00faen con la plataforma en un lapso de dos a\u00f1os corren el riesgo de perder su cuenta, junto con toda su actividad y datos asociados Ciudad de M\u00e9xico 28 de marzo del [&hellip;]<\/p>\n","protected":false},"author":1,"featured_media":239171,"comment_status":"open","ping_status":"open","sticky":false,"template":"","format":"standard","meta":{"footnotes":""},"categories":[8],"tags":[],"class_list":["post-239170","post","type-post","status-publish","format-standard","has-post-thumbnail","hentry","category-pais","entry","has-media"],"jetpack_featured_media_url":"http:\/\/vertienteglobal.com\/wp-content\/uploads\/2024\/04\/229308xeva20240326073230.webp","_links":{"self":[{"href":"http:\/\/vertienteglobal.com\/index.php?rest_route=\/wp\/v2\/posts\/239170","targetHints":{"allow":["GET"]}}],"collection":[{"href":"http:\/\/vertienteglobal.com\/index.php?rest_route=\/wp\/v2\/posts"}],"about":[{"href":"http:\/\/vertienteglobal.com\/index.php?rest_route=\/wp\/v2\/types\/post"}],"author":[{"embeddable":true,"href":"http:\/\/vertienteglobal.com\/index.php?rest_route=\/wp\/v2\/users\/1"}],"replies":[{"embeddable":true,"href":"http:\/\/vertienteglobal.com\/index.php?rest_route=%2Fwp%2Fv2%2Fcomments&post=239170"}],"version-history":[{"count":0,"href":"http:\/\/vertienteglobal.com\/index.php?rest_route=\/wp\/v2\/posts\/239170\/revisions"}],"wp:featuredmedia":[{"embeddable":true,"href":"http:\/\/vertienteglobal.com\/index.php?rest_route=\/wp\/v2\/media\/239171"}],"wp:attachment":[{"href":"http:\/\/vertienteglobal.com\/index.php?rest_route=%2Fwp%2Fv2%2Fmedia&parent=239170"}],"wp:term":[{"taxonomy":"category","embeddable":true,"href":"http:\/\/vertienteglobal.com\/index.php?rest_route=%2Fwp%2Fv2%2Fcategories&post=239170"},{"taxonomy":"post_tag","embeddable":true,"href":"http:\/\/vertienteglobal.com\/index.php?rest_route=%2Fwp%2Fv2%2Ftags&post=239170"}],"curies":[{"name":"wp","href":"https:\/\/api.w.org\/{rel}","templated":true}]}}