{"id":239038,"date":"2024-03-10T14:43:00","date_gmt":"2024-03-10T20:43:00","guid":{"rendered":"http:\/\/vertienteglobal.com\/?p=239038"},"modified":"2024-03-11T14:45:51","modified_gmt":"2024-03-11T20:45:51","slug":"tribunal-electoral-ordena-a-amlo-evitar-declaraciones-electorales","status":"publish","type":"post","link":"http:\/\/vertienteglobal.com\/?p=239038","title":{"rendered":"Tribunal Electoral\u00a0ordena a AMLO evitar declaraciones electorales"},"content":{"rendered":"\n<div class=\"twitterbutton\" style=\"float: right; padding-left: 5px;\"><a href=\"http:\/\/twitter.com\/share\" class=\"twitter-share-button\" data-count=\"horizontal\" data-text=\"Tribunal Electoral\u00a0ordena a AMLO evitar declaraciones electorales\" data-via=\"https:\/\/twitter.com\/VertienteGloba1\" data-url=\"http:\/\/vertienteglobal.com\/?p=239038\" data-lang=\"es\" data-related=\"Informaci\u00f3n general:S\u00edguenos para que est\u00e9ss informado\"><\/a><\/div>\n<figure class=\"wp-block-image size-full\"><img loading=\"lazy\" decoding=\"async\" width=\"1024\" height=\"683\" src=\"http:\/\/vertienteglobal.com\/wp-content\/uploads\/2024\/03\/227971xeva20240310123011.webp\" alt=\"\" class=\"wp-image-239039\" srcset=\"http:\/\/vertienteglobal.com\/wp-content\/uploads\/2024\/03\/227971xeva20240310123011.webp 1024w, http:\/\/vertienteglobal.com\/wp-content\/uploads\/2024\/03\/227971xeva20240310123011-300x200.webp 300w, http:\/\/vertienteglobal.com\/wp-content\/uploads\/2024\/03\/227971xeva20240310123011-150x100.webp 150w, http:\/\/vertienteglobal.com\/wp-content\/uploads\/2024\/03\/227971xeva20240310123011-768x512.webp 768w\" sizes=\"auto, (max-width: 1024px) 100vw, 1024px\" \/><\/figure>\n\n\n\n<p>(Redaccion)<\/p>\n\n\n\n<p>El Tribunal Electoral orden\u00f3 a L\u00f3pez Obrador que \u201cse abstenga de realizar manifestaciones, emitir comentarios, opiniones o se\u00f1alamientos sobre temas electorales bajo cualquier modalidad o formato, ya sea de forma positiva o negativa, cuidando que su actuar se encuentre ajustado a los principios constitucionales de imparcialidad y neutralidad\u201d<\/p>\n\n\n\n<p>Ciudad de M\u00e9xico 10 de marzo del 2024.-El Tribunal Electoral del Poder Judicial de la Federaci\u00f3n (TEPJF) orden\u00f3 al presidente Andr\u00e9s Manuel L\u00f3pez Obrador abstenerse de realizar declaraciones sobre temas electorales, pues, se\u00f1al\u00f3, debe apegarse a los principios constitucionales de imparcialidad y neutralidad.<\/p>\n\n\n\n<p>De acuerdo un documento, el TEPJF detall\u00f3 las resoluciones sobre impugnaciones realizadas por el propio mandatario federal, relacionadas con el tema electoral en contra del Instituto Nacional Electoral (INE), quien le solicit\u00f3 al presidente respetar los principios de neutralidad.<\/p>\n\n\n\n<p>Sobre ese tema el Tribunal Electoral orden\u00f3 a L\u00f3pez Obrador que \u201cse abstenga de realizar manifestaciones, emitir comentarios, opiniones o se\u00f1alamientos sobre temas electorales bajo cualquier modalidad o formato, ya sea de forma positiva o negativa, cuidando que su actuar se encuentre ajustado a los principios constitucionales de imparcialidad y neutralidad\u201d.<\/p>\n\n\n\n<p>El Partido Acci\u00f3n Nacional (PAN) presento la queja por presunta vulneraci\u00f3n a los principios de neutralidad, imparcialidad y equidad en las campa\u00f1as electorales.<\/p>\n\n\n\n<p>Lo anterior a causa de declaraciones realizadas por el mandatario federal en la conferencia de prensa del 11 de enero de este a\u00f1o, seg\u00fan explica el documento del TEPJF.<\/p>\n\n\n\n<p>Cabe se\u00f1alar que ese d\u00eda el tabasque\u00f1o se pronunci\u00f3 sobre un presunto acuerdo entre las dirigencias del PAN y el PRI sobre la gubernatura de Coahuila, lo cual calific\u00f3 como \u201cacuerdo mafioso para repartirse el bot\u00edn\u201d.(Fuente:Razon\/EFE\/Xeva)<\/p>\n","protected":false},"excerpt":{"rendered":"<p>(Redaccion) El Tribunal Electoral orden\u00f3 a L\u00f3pez Obrador que \u201cse abstenga de realizar manifestaciones, emitir comentarios, opiniones o se\u00f1alamientos sobre temas electorales bajo cualquier modalidad o formato, ya sea de forma positiva o negativa, cuidando que su actuar se encuentre ajustado a los principios constitucionales de imparcialidad y neutralidad\u201d Ciudad de M\u00e9xico 10 de marzo [&hellip;]<\/p>\n","protected":false},"author":1,"featured_media":239039,"comment_status":"open","ping_status":"open","sticky":false,"template":"","format":"standard","meta":{"footnotes":""},"categories":[8],"tags":[],"class_list":["post-239038","post","type-post","status-publish","format-standard","has-post-thumbnail","hentry","category-pais","entry","has-media"],"jetpack_featured_media_url":"http:\/\/vertienteglobal.com\/wp-content\/uploads\/2024\/03\/227971xeva20240310123011.webp","_links":{"self":[{"href":"http:\/\/vertienteglobal.com\/index.php?rest_route=\/wp\/v2\/posts\/239038","targetHints":{"allow":["GET"]}}],"collection":[{"href":"http:\/\/vertienteglobal.com\/index.php?rest_route=\/wp\/v2\/posts"}],"about":[{"href":"http:\/\/vertienteglobal.com\/index.php?rest_route=\/wp\/v2\/types\/post"}],"author":[{"embeddable":true,"href":"http:\/\/vertienteglobal.com\/index.php?rest_route=\/wp\/v2\/users\/1"}],"replies":[{"embeddable":true,"href":"http:\/\/vertienteglobal.com\/index.php?rest_route=%2Fwp%2Fv2%2Fcomments&post=239038"}],"version-history":[{"count":0,"href":"http:\/\/vertienteglobal.com\/index.php?rest_route=\/wp\/v2\/posts\/239038\/revisions"}],"wp:featuredmedia":[{"embeddable":true,"href":"http:\/\/vertienteglobal.com\/index.php?rest_route=\/wp\/v2\/media\/239039"}],"wp:attachment":[{"href":"http:\/\/vertienteglobal.com\/index.php?rest_route=%2Fwp%2Fv2%2Fmedia&parent=239038"}],"wp:term":[{"taxonomy":"category","embeddable":true,"href":"http:\/\/vertienteglobal.com\/index.php?rest_route=%2Fwp%2Fv2%2Fcategories&post=239038"},{"taxonomy":"post_tag","embeddable":true,"href":"http:\/\/vertienteglobal.com\/index.php?rest_route=%2Fwp%2Fv2%2Ftags&post=239038"}],"curies":[{"name":"wp","href":"https:\/\/api.w.org\/{rel}","templated":true}]}}