{"id":238899,"date":"2024-03-04T14:38:00","date_gmt":"2024-03-04T20:38:00","guid":{"rendered":"http:\/\/vertienteglobal.com\/?p=238899"},"modified":"2024-03-05T12:42:30","modified_gmt":"2024-03-05T18:42:30","slug":"ciudad-mayacoba-sera-sede-del-segundo-foro-de-tecnologia-de-agua-y-festival-todos-conectados","status":"publish","type":"post","link":"http:\/\/vertienteglobal.com\/?p=238899","title":{"rendered":"Ciudad Mayacoba ser\u00e1 sede del segundo Foro de Tecnolog\u00eda de Agua y Festival Todos Conectados"},"content":{"rendered":"\n<div class=\"twitterbutton\" style=\"float: right; padding-left: 5px;\"><a href=\"http:\/\/twitter.com\/share\" class=\"twitter-share-button\" data-count=\"horizontal\" data-text=\"Ciudad Mayacoba ser\u00e1 sede del segundo Foro de Tecnolog\u00eda de Agua y Festival To...\" data-via=\"https:\/\/twitter.com\/VertienteGloba1\" data-url=\"http:\/\/vertienteglobal.com\/?p=238899\" data-lang=\"es\" data-related=\"Informaci\u00f3n general:S\u00edguenos para que est\u00e9ss informado\"><\/a><\/div>\n<figure class=\"wp-block-image size-full\"><img loading=\"lazy\" decoding=\"async\" width=\"720\" height=\"547\" src=\"http:\/\/vertienteglobal.com\/wp-content\/uploads\/2024\/03\/FB_IMG_17096633597393.jpg\" alt=\"\" class=\"wp-image-238900\" srcset=\"http:\/\/vertienteglobal.com\/wp-content\/uploads\/2024\/03\/FB_IMG_17096633597393.jpg 720w, http:\/\/vertienteglobal.com\/wp-content\/uploads\/2024\/03\/FB_IMG_17096633597393-300x228.jpg 300w, http:\/\/vertienteglobal.com\/wp-content\/uploads\/2024\/03\/FB_IMG_17096633597393-150x114.jpg 150w\" sizes=\"auto, (max-width: 720px) 100vw, 720px\" \/><\/figure>\n\n\n\n<p>(Redaccion)<\/p>\n\n\n\n<p>Se re\u00fanen expertos, empresarios, acad\u00e9micos y autoridades para conmemorar el D\u00eda Mundial del Agua<\/p>\n\n\n\n<p>Festival Todos Conectados abierto a todo p\u00fablico con actividades l\u00fadicas relacionadas con el medio ambiente<\/p>\n\n\n\n<p>Ciudad Mayakoba, Riviera Maya, Quintana Roo, a 4 de marzo de 2024.-Ciudad Mayakoba ser\u00e1 sede de dos grandes eventos organizados en conjunto con Centinelas del Agua A.C. enfocados a difundir la importancia del cuidado del agua y pr\u00e1cticas sustentables en el turismo, la construcci\u00f3n y hogares de todos.<\/p>\n\n\n\n<p>El 2do Foro de Tecnolog\u00edas del Agua tiene por objetivo presentar tecnolog\u00edas innovadoras,<br>efectivas y sostenibles de tratamiento de aguas residuales, sistemas de captaci\u00f3n de agua de lluvia y ecotecnias enfocadas en la aplicabilidad dentro del contexto hotelero y residencial de Quintana Roo, con el prop\u00f3sito de impulsar la adopci\u00f3n de pr\u00e1cticas sostenibles y contribuir a la preservaci\u00f3n del recurso h\u00eddrico.<\/p>\n\n\n\n<p>Este foro re\u00fane a m\u00e1s de 150 expertos, acad\u00e9micos, autoridades y empresarios de las industrias tur\u00edstica y de construcci\u00f3n, principalmente, para dialogar sobre c\u00f3mo aplicar estas nuevas tecnolog\u00edas en el destino. El evento est\u00e1 abierto a todos quienes gusten participar el viernes 22 de marzo a partir de la 10:00 horas y hasta la 14:00 horas, en la avenida principal de Ciudad Mayakoba frente a Bosques.<\/p>\n\n\n\n<p>Al d\u00eda siguiente, s\u00e1bado 23 de marzo, toda la ciudadan\u00eda est\u00e1 invitada a asistir al Festival Todos Conectados en un horario de la 1 a 8 p.m. Se llevar\u00e1n a cabo diversas actividades l\u00fadicas y educativas enfocadas a las buenas pr\u00e1cticas para el cuidado del agua y el medio ambiente, con la participaci\u00f3n de diversas organizaciones civiles y privadas que estar\u00e1n impartiendo talleres y pl\u00e1ticas para toda la familia.<\/p>\n\n\n\n<p>Entre otras actividades tambi\u00e9n podr\u00e1n encontrar acopio de reciclaje, siembra de plantas, compra de productos sustentables, adopci\u00f3n de mascotas.<\/p>\n\n\n\n<p>El objetivo es difundir de una manera divertida las buenas pr\u00e1cticas ambientales que todos<br>podemos implementar en nuestro hogar. El acceso al evento es abierto y gratis a todo el p\u00fablico.<\/p>\n\n\n\n<p>Tambi\u00e9n habr\u00e1 puestos de comida, m\u00fasica y muchas sorpresas m\u00e1s.<\/p>\n\n\n\n<p>\u201cQueremos invitar a todos los quintanarroenses, pero sobre todo a nuestra comunidad en Ciudad Mayakoba a que se sumen a estos esfuerzos por cuidar nuestro entorno ambiental, y que asista a los eventos con toda su familia y amigos,\u201d coment\u00f3 Gabriel Candelas, director general de Ciudad Mayakoba.<\/p>\n\n\n\n<p>\u201cSomos un desarrollo que siempre ha implementado y apoyado iniciativas sustentables.\u201d<\/p>\n\n\n\n<figure class=\"wp-block-image size-full\"><img loading=\"lazy\" decoding=\"async\" width=\"720\" height=\"580\" src=\"http:\/\/vertienteglobal.com\/wp-content\/uploads\/2024\/03\/FB_IMG_17096633544832.jpg\" alt=\"\" class=\"wp-image-238901\" srcset=\"http:\/\/vertienteglobal.com\/wp-content\/uploads\/2024\/03\/FB_IMG_17096633544832.jpg 720w, http:\/\/vertienteglobal.com\/wp-content\/uploads\/2024\/03\/FB_IMG_17096633544832-300x242.jpg 300w, http:\/\/vertienteglobal.com\/wp-content\/uploads\/2024\/03\/FB_IMG_17096633544832-150x121.jpg 150w\" sizes=\"auto, (max-width: 720px) 100vw, 720px\" \/><\/figure>\n\n\n\n<figure class=\"wp-block-image size-full\"><img loading=\"lazy\" decoding=\"async\" width=\"716\" height=\"576\" src=\"http:\/\/vertienteglobal.com\/wp-content\/uploads\/2024\/03\/FB_IMG_17096633645032.jpg\" alt=\"\" class=\"wp-image-238902\" srcset=\"http:\/\/vertienteglobal.com\/wp-content\/uploads\/2024\/03\/FB_IMG_17096633645032.jpg 716w, http:\/\/vertienteglobal.com\/wp-content\/uploads\/2024\/03\/FB_IMG_17096633645032-300x241.jpg 300w, http:\/\/vertienteglobal.com\/wp-content\/uploads\/2024\/03\/FB_IMG_17096633645032-150x121.jpg 150w\" sizes=\"auto, (max-width: 716px) 100vw, 716px\" \/><\/figure>\n","protected":false},"excerpt":{"rendered":"<p>(Redaccion) Se re\u00fanen expertos, empresarios, acad\u00e9micos y autoridades para conmemorar el D\u00eda Mundial del Agua Festival Todos Conectados abierto a todo p\u00fablico con actividades l\u00fadicas relacionadas con el medio ambiente Ciudad Mayakoba, Riviera Maya, Quintana Roo, a 4 de marzo de 2024.-Ciudad Mayakoba ser\u00e1 sede de dos grandes eventos organizados en conjunto con Centinelas del [&hellip;]<\/p>\n","protected":false},"author":1,"featured_media":238900,"comment_status":"open","ping_status":"open","sticky":false,"template":"","format":"standard","meta":{"footnotes":""},"categories":[3],"tags":[],"class_list":["post-238899","post","type-post","status-publish","format-standard","has-post-thumbnail","hentry","category-quintana-roo","entry","has-media"],"jetpack_featured_media_url":"http:\/\/vertienteglobal.com\/wp-content\/uploads\/2024\/03\/FB_IMG_17096633597393.jpg","_links":{"self":[{"href":"http:\/\/vertienteglobal.com\/index.php?rest_route=\/wp\/v2\/posts\/238899","targetHints":{"allow":["GET"]}}],"collection":[{"href":"http:\/\/vertienteglobal.com\/index.php?rest_route=\/wp\/v2\/posts"}],"about":[{"href":"http:\/\/vertienteglobal.com\/index.php?rest_route=\/wp\/v2\/types\/post"}],"author":[{"embeddable":true,"href":"http:\/\/vertienteglobal.com\/index.php?rest_route=\/wp\/v2\/users\/1"}],"replies":[{"embeddable":true,"href":"http:\/\/vertienteglobal.com\/index.php?rest_route=%2Fwp%2Fv2%2Fcomments&post=238899"}],"version-history":[{"count":0,"href":"http:\/\/vertienteglobal.com\/index.php?rest_route=\/wp\/v2\/posts\/238899\/revisions"}],"wp:featuredmedia":[{"embeddable":true,"href":"http:\/\/vertienteglobal.com\/index.php?rest_route=\/wp\/v2\/media\/238900"}],"wp:attachment":[{"href":"http:\/\/vertienteglobal.com\/index.php?rest_route=%2Fwp%2Fv2%2Fmedia&parent=238899"}],"wp:term":[{"taxonomy":"category","embeddable":true,"href":"http:\/\/vertienteglobal.com\/index.php?rest_route=%2Fwp%2Fv2%2Fcategories&post=238899"},{"taxonomy":"post_tag","embeddable":true,"href":"http:\/\/vertienteglobal.com\/index.php?rest_route=%2Fwp%2Fv2%2Ftags&post=238899"}],"curies":[{"name":"wp","href":"https:\/\/api.w.org\/{rel}","templated":true}]}}