{"id":238762,"date":"2024-02-29T00:52:00","date_gmt":"2024-02-29T06:52:00","guid":{"rendered":"http:\/\/vertienteglobal.com\/?p=238762"},"modified":"2024-03-01T08:48:46","modified_gmt":"2024-03-01T14:48:46","slug":"claudia-sheinbaum-presenta-a-su-equipo-de-campana-a-la-presidencia-de-la-republica","status":"publish","type":"post","link":"http:\/\/vertienteglobal.com\/?p=238762","title":{"rendered":"Claudia Sheinbaum presenta a su equipo de campa\u00f1a a la presidencia de la rep\u00fablica"},"content":{"rendered":"\n<div class=\"twitterbutton\" style=\"float: right; padding-left: 5px;\"><a href=\"http:\/\/twitter.com\/share\" class=\"twitter-share-button\" data-count=\"horizontal\" data-text=\"Claudia Sheinbaum presenta a su equipo de campa\u00f1a a la presidencia de la rep\u00fab...\" data-via=\"https:\/\/twitter.com\/VertienteGloba1\" data-url=\"http:\/\/vertienteglobal.com\/?p=238762\" data-lang=\"es\" data-related=\"Informaci\u00f3n general:S\u00edguenos para que est\u00e9ss informado\"><\/a><\/div>\n<figure class=\"wp-block-image size-large\"><img loading=\"lazy\" decoding=\"async\" width=\"1024\" height=\"576\" src=\"http:\/\/vertienteglobal.com\/wp-content\/uploads\/2024\/03\/image00001-1-1024x576.jpeg\" alt=\"\" class=\"wp-image-238763\" srcset=\"http:\/\/vertienteglobal.com\/wp-content\/uploads\/2024\/03\/image00001-1-1024x576.jpeg 1024w, http:\/\/vertienteglobal.com\/wp-content\/uploads\/2024\/03\/image00001-1-300x169.jpeg 300w, http:\/\/vertienteglobal.com\/wp-content\/uploads\/2024\/03\/image00001-1-150x84.jpeg 150w, http:\/\/vertienteglobal.com\/wp-content\/uploads\/2024\/03\/image00001-1-768x432.jpeg 768w, http:\/\/vertienteglobal.com\/wp-content\/uploads\/2024\/03\/image00001-1.jpeg 1280w\" sizes=\"auto, (max-width: 1024px) 100vw, 1024px\" \/><\/figure>\n\n\n\n<p>(Redaccion)<\/p>\n\n\n\n<p>Ser\u00e1 ma\u00f1ana 1 marzo en el Z\u00f3calo de la Ciudad de M\u00e9xico, donde iniciar\u00e1 su campa\u00f1a y dar\u00e1 a conocer los 100 puntos de su Proyecto de Naci\u00f3n e inform\u00f3 que cada semana dar\u00e1 a conocer temas centrales<\/p>\n\n\n\n<p>Ciudad de M\u00e9xico 29 de febrero del 2024.-Claudia Sheinbaum, candidata a la Presidencia de la Rep\u00fablica por la coalici\u00f3n Sigamos Haciendo Historia (Morena-PT-PVEM) present\u00f3 al equipo que coordinar\u00e1 su campa\u00f1a rumbo a la elecci\u00f3n del pr\u00f3ximo 2 de junio.<\/p>\n\n\n\n<p>\u201cHoy quiero presentarles el \u2018equipazo\u2019 ganador del 2 de junio de 2024. Como ven hay una enorme unidad en nuestro movimiento. Est\u00e1n aqu\u00ed quienes participaron en la encuesta para la coordinaci\u00f3n nacional de nuestro movimiento y tambi\u00e9n mujeres de primera que son parte de este equipo de la coordinaci\u00f3n de campa\u00f1a\u201d, afirm\u00f3.<\/p>\n\n\n\n<p>Las y los integrantes del equipo de campa\u00f1a para contender por la Presidencia de la Rep\u00fablica son los siguientes:<\/p>\n\n\n\n<p>Mario Delgado, coordinador general de campa\u00f1a; Citlalli Hern\u00e1ndez, coordinadora de enlace con mujeres; Ad\u00e1n Augusto L\u00f3pez, coordinador pol\u00edtico; Ricardo Monreal, coordinador de enlace territorial; Marcelo Ebrard, coordinador de v\u00ednculos con organizaciones civiles y mexicanos en el exterior; Tatiana Clouthier, coordinadora de voceros; Olivia Salom\u00f3n y Ana Mar\u00eda Lomel\u00ed, enlaces con el sector empresarial; C\u00e9sar Y\u00e1\u00f1ez, coordinador de agenda y giras; Renata Turrent, coordinadora de v\u00ednculo con Di\u00e1logos por la Transformaci\u00f3n; Gerardo Fern\u00e1ndez Noro\u00f1a, coordinador de v\u00ednculo con organizaciones sociales; Manuel Velasco, coordinador de alianzas; Esthela Dami\u00e1n, coordinadora de defensa del voto; Regina Orozco, coordinadora de v\u00ednculo con organizaciones culturales y artistas, y Paulina Silva, enlace con medios de comunicaci\u00f3n.<\/p>\n\n\n\n<p>Ser\u00e1 ma\u00f1ana 1 marzo en el Z\u00f3calo de la Ciudad de M\u00e9xico, donde iniciar\u00e1 su campa\u00f1a y dar\u00e1 a conocer los 100 puntos de su Proyecto de Naci\u00f3n e inform\u00f3 que cada semana dar\u00e1 a conocer temas centrales.<\/p>\n\n\n\n<figure class=\"wp-block-image size-full\"><img loading=\"lazy\" decoding=\"async\" width=\"1024\" height=\"683\" src=\"http:\/\/vertienteglobal.com\/wp-content\/uploads\/2024\/03\/227240xeva20240229124229.webp\" alt=\"\" class=\"wp-image-238764\" srcset=\"http:\/\/vertienteglobal.com\/wp-content\/uploads\/2024\/03\/227240xeva20240229124229.webp 1024w, http:\/\/vertienteglobal.com\/wp-content\/uploads\/2024\/03\/227240xeva20240229124229-300x200.webp 300w, http:\/\/vertienteglobal.com\/wp-content\/uploads\/2024\/03\/227240xeva20240229124229-150x100.webp 150w, http:\/\/vertienteglobal.com\/wp-content\/uploads\/2024\/03\/227240xeva20240229124229-768x512.webp 768w\" sizes=\"auto, (max-width: 1024px) 100vw, 1024px\" \/><\/figure>\n","protected":false},"excerpt":{"rendered":"<p>(Redaccion) Ser\u00e1 ma\u00f1ana 1 marzo en el Z\u00f3calo de la Ciudad de M\u00e9xico, donde iniciar\u00e1 su campa\u00f1a y dar\u00e1 a conocer los 100 puntos de su Proyecto de Naci\u00f3n e inform\u00f3 que cada semana dar\u00e1 a conocer temas centrales Ciudad de M\u00e9xico 29 de febrero del 2024.-Claudia Sheinbaum, candidata a la Presidencia de la Rep\u00fablica [&hellip;]<\/p>\n","protected":false},"author":1,"featured_media":238763,"comment_status":"open","ping_status":"open","sticky":false,"template":"","format":"standard","meta":{"footnotes":""},"categories":[8],"tags":[],"class_list":["post-238762","post","type-post","status-publish","format-standard","has-post-thumbnail","hentry","category-pais","entry","has-media"],"jetpack_featured_media_url":"http:\/\/vertienteglobal.com\/wp-content\/uploads\/2024\/03\/image00001-1.jpeg","_links":{"self":[{"href":"http:\/\/vertienteglobal.com\/index.php?rest_route=\/wp\/v2\/posts\/238762","targetHints":{"allow":["GET"]}}],"collection":[{"href":"http:\/\/vertienteglobal.com\/index.php?rest_route=\/wp\/v2\/posts"}],"about":[{"href":"http:\/\/vertienteglobal.com\/index.php?rest_route=\/wp\/v2\/types\/post"}],"author":[{"embeddable":true,"href":"http:\/\/vertienteglobal.com\/index.php?rest_route=\/wp\/v2\/users\/1"}],"replies":[{"embeddable":true,"href":"http:\/\/vertienteglobal.com\/index.php?rest_route=%2Fwp%2Fv2%2Fcomments&post=238762"}],"version-history":[{"count":0,"href":"http:\/\/vertienteglobal.com\/index.php?rest_route=\/wp\/v2\/posts\/238762\/revisions"}],"wp:featuredmedia":[{"embeddable":true,"href":"http:\/\/vertienteglobal.com\/index.php?rest_route=\/wp\/v2\/media\/238763"}],"wp:attachment":[{"href":"http:\/\/vertienteglobal.com\/index.php?rest_route=%2Fwp%2Fv2%2Fmedia&parent=238762"}],"wp:term":[{"taxonomy":"category","embeddable":true,"href":"http:\/\/vertienteglobal.com\/index.php?rest_route=%2Fwp%2Fv2%2Fcategories&post=238762"},{"taxonomy":"post_tag","embeddable":true,"href":"http:\/\/vertienteglobal.com\/index.php?rest_route=%2Fwp%2Fv2%2Ftags&post=238762"}],"curies":[{"name":"wp","href":"https:\/\/api.w.org\/{rel}","templated":true}]}}