{"id":238753,"date":"2024-03-01T06:54:00","date_gmt":"2024-03-01T12:54:00","guid":{"rendered":"http:\/\/vertienteglobal.com\/?p=238753"},"modified":"2024-03-01T08:37:50","modified_gmt":"2024-03-01T14:37:50","slug":"arrancan-campanas-electorales-en-mexico","status":"publish","type":"post","link":"http:\/\/vertienteglobal.com\/?p=238753","title":{"rendered":"Arrancan campa\u00f1as electorales en M\u00e9xico"},"content":{"rendered":"\n<div class=\"twitterbutton\" style=\"float: right; padding-left: 5px;\"><a href=\"http:\/\/twitter.com\/share\" class=\"twitter-share-button\" data-count=\"horizontal\" data-text=\"Arrancan campa\u00f1as electorales en M\u00e9xico\" data-via=\"https:\/\/twitter.com\/VertienteGloba1\" data-url=\"http:\/\/vertienteglobal.com\/?p=238753\" data-lang=\"es\" data-related=\"Informaci\u00f3n general:S\u00edguenos para que est\u00e9ss informado\"><\/a><\/div>\n<figure class=\"wp-block-image size-full\"><img loading=\"lazy\" decoding=\"async\" width=\"1024\" height=\"683\" src=\"http:\/\/vertienteglobal.com\/wp-content\/uploads\/2024\/03\/227300xeva20240301064941.webp\" alt=\"\" class=\"wp-image-238754\" srcset=\"http:\/\/vertienteglobal.com\/wp-content\/uploads\/2024\/03\/227300xeva20240301064941.webp 1024w, http:\/\/vertienteglobal.com\/wp-content\/uploads\/2024\/03\/227300xeva20240301064941-300x200.webp 300w, http:\/\/vertienteglobal.com\/wp-content\/uploads\/2024\/03\/227300xeva20240301064941-150x100.webp 150w, http:\/\/vertienteglobal.com\/wp-content\/uploads\/2024\/03\/227300xeva20240301064941-768x512.webp 768w\" sizes=\"auto, (max-width: 1024px) 100vw, 1024px\" \/><\/figure>\n\n\n\n<p>(Redaccion)<\/p>\n\n\n\n<p>Michoac\u00e1n y Guerrero son los estados m\u00e1s letales para los aspirantes a un cargo p\u00fablico, con tres v\u00edctimas mortales en cada entidad<\/p>\n\n\n\n<p>Ciudad de M\u00e9xico 01 de marzo del 2024.- Las campa\u00f1as electorales arrancaron este 1 de marzo en un contexto de violencia pol\u00edtica que han causado la muerte de al menos 14 aspirantes o pol\u00edticos entre diciembre de 2023 y febrero de este a\u00f1o.<\/p>\n\n\n\n<p>Y es que es relevante destacar que dicha ola de violencia ha afectado a casi todos los partidos pol\u00edticos, ya que \u00fanicamente el Partido Revolucionario Institucional no ha sufrido agresiones letales en las \u00faltimas semanas; de acuerdo con un recuento de Milenio, Michoac\u00e1n y Guerrero son los estados m\u00e1s letales para los aspirantes a un cargo p\u00fablico, con tres v\u00edctimas mortales en cada entidad.<\/p>\n\n\n\n<p>Dicho recuento inicia en diciembre con el asesinato del aspirante a diputado federal por Morena, Ricardo Taja, quien fue baleado en una pozoler\u00eda en la Zona Diamante de Guerrero; en la primera quincena de enero fueron ultimados cinco pol\u00edticos que buscaban competir por cargos de elecci\u00f3n popular a nivel federal, estatal o municipal. De ellos, dos eran de Movimiento Ciudadano, y los otros tres pertenec\u00edan a Morena, PAN y el Frente Amplio por M\u00e9xico, respectivamente.<\/p>\n\n\n\n<p>Asimismo, entre el 25 y el 27 de enero fueron asesinados dos funcionarios municipales en Guerrero y otro en Veracruz, mientras que en febrero se registraron los homicidios de tres militantes de Morena, otro del PAN y uno m\u00e1s del Partido Verde.(Fuente: Milenio\/Foto: X\/Xeva)<\/p>\n","protected":false},"excerpt":{"rendered":"<p>(Redaccion) Michoac\u00e1n y Guerrero son los estados m\u00e1s letales para los aspirantes a un cargo p\u00fablico, con tres v\u00edctimas mortales en cada entidad Ciudad de M\u00e9xico 01 de marzo del 2024.- Las campa\u00f1as electorales arrancaron este 1 de marzo en un contexto de violencia pol\u00edtica que han causado la muerte de al menos 14 aspirantes [&hellip;]<\/p>\n","protected":false},"author":1,"featured_media":238754,"comment_status":"open","ping_status":"open","sticky":false,"template":"","format":"standard","meta":{"footnotes":""},"categories":[8],"tags":[],"class_list":["post-238753","post","type-post","status-publish","format-standard","has-post-thumbnail","hentry","category-pais","entry","has-media"],"jetpack_featured_media_url":"http:\/\/vertienteglobal.com\/wp-content\/uploads\/2024\/03\/227300xeva20240301064941.webp","_links":{"self":[{"href":"http:\/\/vertienteglobal.com\/index.php?rest_route=\/wp\/v2\/posts\/238753","targetHints":{"allow":["GET"]}}],"collection":[{"href":"http:\/\/vertienteglobal.com\/index.php?rest_route=\/wp\/v2\/posts"}],"about":[{"href":"http:\/\/vertienteglobal.com\/index.php?rest_route=\/wp\/v2\/types\/post"}],"author":[{"embeddable":true,"href":"http:\/\/vertienteglobal.com\/index.php?rest_route=\/wp\/v2\/users\/1"}],"replies":[{"embeddable":true,"href":"http:\/\/vertienteglobal.com\/index.php?rest_route=%2Fwp%2Fv2%2Fcomments&post=238753"}],"version-history":[{"count":0,"href":"http:\/\/vertienteglobal.com\/index.php?rest_route=\/wp\/v2\/posts\/238753\/revisions"}],"wp:featuredmedia":[{"embeddable":true,"href":"http:\/\/vertienteglobal.com\/index.php?rest_route=\/wp\/v2\/media\/238754"}],"wp:attachment":[{"href":"http:\/\/vertienteglobal.com\/index.php?rest_route=%2Fwp%2Fv2%2Fmedia&parent=238753"}],"wp:term":[{"taxonomy":"category","embeddable":true,"href":"http:\/\/vertienteglobal.com\/index.php?rest_route=%2Fwp%2Fv2%2Fcategories&post=238753"},{"taxonomy":"post_tag","embeddable":true,"href":"http:\/\/vertienteglobal.com\/index.php?rest_route=%2Fwp%2Fv2%2Ftags&post=238753"}],"curies":[{"name":"wp","href":"https:\/\/api.w.org\/{rel}","templated":true}]}}