{"id":238744,"date":"2024-02-28T18:53:00","date_gmt":"2024-02-29T00:53:00","guid":{"rendered":"http:\/\/vertienteglobal.com\/?p=238744"},"modified":"2024-03-01T08:24:43","modified_gmt":"2024-03-01T14:24:43","slug":"presidente-amlo-inaugura-gran-museo-de-chichen-itza-abre-sus-puertas-este-viernes-1-de-marzo","status":"publish","type":"post","link":"http:\/\/vertienteglobal.com\/?p=238744","title":{"rendered":"Presidente AMLO inaugura Gran Museo de Chich\u00e9n Itz\u00e1; abre sus puertas este viernes 1\u00b0 de marzo"},"content":{"rendered":"\n<div class=\"twitterbutton\" style=\"float: right; padding-left: 5px;\"><a href=\"http:\/\/twitter.com\/share\" class=\"twitter-share-button\" data-count=\"horizontal\" data-text=\"Presidente AMLO inaugura Gran Museo de Chich\u00e9n Itz\u00e1; abre sus puertas este vie...\" data-via=\"https:\/\/twitter.com\/VertienteGloba1\" data-url=\"http:\/\/vertienteglobal.com\/?p=238744\" data-lang=\"es\" data-related=\"Informaci\u00f3n general:S\u00edguenos para que est\u00e9ss informado\"><\/a><\/div>\n<figure class=\"wp-block-image size-full\"><img loading=\"lazy\" decoding=\"async\" width=\"650\" height=\"380\" src=\"http:\/\/vertienteglobal.com\/wp-content\/uploads\/2024\/03\/post_f0e73777-20f6-478a-9a45-824cb07ad3cf.jpeg\" alt=\"\" class=\"wp-image-238745\" srcset=\"http:\/\/vertienteglobal.com\/wp-content\/uploads\/2024\/03\/post_f0e73777-20f6-478a-9a45-824cb07ad3cf.jpeg 650w, http:\/\/vertienteglobal.com\/wp-content\/uploads\/2024\/03\/post_f0e73777-20f6-478a-9a45-824cb07ad3cf-300x175.jpeg 300w, http:\/\/vertienteglobal.com\/wp-content\/uploads\/2024\/03\/post_f0e73777-20f6-478a-9a45-824cb07ad3cf-150x88.jpeg 150w\" sizes=\"auto, (max-width: 650px) 100vw, 650px\" \/><\/figure>\n\n\n\n<p>(Redaccion)<\/p>\n\n\n\n<p>Estamos muy contentos porque, poco a poco, los sue\u00f1os se est\u00e1n convirtiendo en realidades, expresa primer mandatario<\/p>\n\n\n\n<p>Este espacio tiene 2,800 m2 de \u00e1reas de exhibici\u00f3n y 3,100 m2 de servicio a visitantes; exhibe m\u00e1s de 400 piezas originales<\/p>\n\n\n\n<p>Hoy los estados del sureste podemos competir, no solamente para traer turistas, sino porque hay condiciones para que las empresas de todo el mundo puedan invertir: gobernador MVD<\/p>\n\n\n\n<p>Tinum, Yucat\u00e1n, 28 de febrero de 2024.- \u201cSin titubeos, M\u00e9xico es una potencia cultural en el mundo\u201d, afirm\u00f3 el presidente Andr\u00e9s Manuel L\u00f3pez Obrador al inaugurar el Gran Museo de Chich\u00e9n Itz\u00e1, tras el recorrido de supervisi\u00f3n del Tren Maya de menos de siete horas que inici\u00f3 esta ma\u00f1ana en Palenque.<\/p>\n\n\n\n<p>\u201cEstamos muy contentos porque, poco a poco, los sue\u00f1os se est\u00e1n convirtiendo en realidades. Desde que llegamos al gobierno decidimos llevar a cabo todo este plan de comunicar las antiguas ciudades mayas con un tren.<\/p>\n\n\n\n<p>\u201cImaginemos que, as\u00ed como viajamos hoy de Palenque a Chich\u00e9n Itz\u00e1, podr\u00eda viajarse de Palenque a Calakmul y, si no quisi\u00e9ramos viajar tanto, llegar\u00edamos a Edzn\u00e1, otra ciudad maya important\u00edsima.\u201d<\/p>\n\n\n\n<p>Tras informar que en junio termina la integraci\u00f3n de toda la regi\u00f3n maya del sureste mexicano con mil 554 km de v\u00edas f\u00e9rreas para trenes de pasajeros, el primer mandatario record\u00f3 que la gran obra del Tren Maya tiene el prop\u00f3sito de exaltar el M\u00e9xico profundo y rendir homenaje a los antiguos mayas, pero tambi\u00e9n seguir pagando la deuda hist\u00f3rica con los mayas actuales, ya que durante los 36 a\u00f1os del periodo neoliberal el sursureste creci\u00f3 cero por ciento, mientras el norte del pa\u00eds registr\u00f3 cuatro por ciento anual.<\/p>\n\n\n\n<p>Resalt\u00f3 que, gracias a la nueva pol\u00edtica y a los recursos naturales de la regi\u00f3n, el a\u00f1o pasado el sureste creci\u00f3 al doble, aunque no se abandon\u00f3 a las otras regiones.<\/p>\n\n\n\n<p>\u201cImag\u00ednense poder decir que Chiapas es el primer lugar en reducci\u00f3n de pobreza; pero lo mismo Tabasco, Campeche, Quintana Roo, Yucat\u00e1n. Eso es lo m\u00e1s importante.\u201d<\/p>\n\n\n\n<p>Dijo que antes de concluir su mandato regresar\u00e1 para entregar todas las obras concluidas, y resalt\u00f3 que el presupuesto est\u00e1 garantizado para entregarlas en funcionamiento.<\/p>\n\n\n\n<p>\u201cDe ah\u00ed que los arque\u00f3logos, reconstructores, antrop\u00f3logos, todos los que est\u00e1n trabajando, sobre todo los j\u00f3venes, en el mejoramiento, la recuperaci\u00f3n de las zonas arqueol\u00f3gicas, que sigan adelante. Este a\u00f1o hasta diciembre est\u00e1 garantizado que no va a faltar el presupuesto.\u201d<\/p>\n\n\n\n<p>Destac\u00f3 la buena coordinaci\u00f3n con el gobernador de Yucat\u00e1n, Mauricio Vila Dosal, as\u00ed como el trabajo de Empresas ICA y el desempe\u00f1o excepcional del director general del Instituto Nacional de Antropolog\u00eda e Historia (INAH), Diego Prieto Hern\u00e1ndez.<\/p>\n\n\n\n<p>El gobernador Mauricio Vila expres\u00f3 que el Gran Museo de Chich\u00e9n Itz\u00e1permitir\u00e1 conocer m\u00e1s la cultura maya, reconocida en todo el mundo. A\u00f1adi\u00f3 que este nuevo espacio supera el museo anterior, construido hace 37 a\u00f1os en la zona arqueol\u00f3gica m\u00e1s visitada del pa\u00eds, que recibi\u00f3 el a\u00f1o pasado 2.3 millones de visitantes.<\/p>\n\n\n\n<p>Expres\u00f3 que el Tren Maya lleva bienestar, empleo y desarrollo a los habitantes de Yucat\u00e1n porque acercar\u00e1 a millones de turistas a Valladolid, Maxcan\u00fa, Chich\u00e9n Itz\u00e1, Uxmal, Izamal, entre otros.<\/p>\n\n\n\n<p>\u201cPor primera vez el sureste, y lo digo en espec\u00edfico hoy en el caso de Yucat\u00e1n, est\u00e1 teniendo la infraestructura que nunca se hab\u00eda tenido.<\/p>\n\n\n\n<p>\u201cHoy Yucat\u00e1n y los estados del sureste podemos competir, no solamente para traer turistas de cualquier lugar del mundo, sino tambi\u00e9n estamos teniendo las condiciones para que las empresas de todos los lugares del mundo puedan venir a invertir.\u201d<\/p>\n\n\n\n<p>El director general del INAH, Diego Prieto, inform\u00f3 que el Gran Museo de Chich\u00e9n Itz\u00e1 abre sus puertas este viernes 1\u00b0 de marzo, y los visitantes podr\u00e1n arribar a trav\u00e9s de la estaci\u00f3n Chich\u00e9n Itz\u00e1 del Tren Maya.<\/p>\n\n\n\n<p>Celebr\u00f3 que el presidente haya destinado presupuesto porque ser\u00e1 necesario m\u00e1s personal para hacerse cargo de los nuevos museos y \u00e1reas adicionales que cubre el Programa de Mejoramiento de Zonas Arqueol\u00f3gicas (Promeza) del Tren Maya.<\/p>\n\n\n\n<p>Tras agradecer el esfuerzo de las dependencias federales involucradas, empresas como ICA e Insignia Desarrollos, inform\u00f3 que el Gran Museo de Chich\u00e9n Itz\u00e1 tiene dos mil 800 m2 de \u00e1reas de exhibici\u00f3n y tres mil 100 m2de servicio a visitantes. Exhibe m\u00e1s de 400 piezas originales y vestigios arqueol\u00f3gicos que se reconstruyeron, y pr\u00f3ximamente contar\u00e1 con una gran sala de inmersi\u00f3n con proyecci\u00f3n a 360 grados y ser\u00e1 tambi\u00e9n un museo vivo porque incorporar\u00e1 un Centro de Investigaciones Arqueol\u00f3gicas.<\/p>\n\n\n\n<p>\u201cHoy, la zona arqueol\u00f3gica de Chich\u00e9n Itz\u00e1 cuenta ya con un recinto muse\u00edstico a la altura de su importancia, vinculado a nuestro presente nacional, grande y diverso en culturas y lugares, en patrimonio biocultural y grandeza, expresando por supuesto la enorme fuerza de la naci\u00f3n maya de M\u00e9xico y Mesoam\u00e9rica.\u201d<\/p>\n\n\n\n<p>El presidente de la Rep\u00fablica tambi\u00e9n estuvo acompa\u00f1ado por integrantes del Gabinete Legal y Ampliado; gobernadoras y gobernadores; la directora general de Empresas ICA, Guadalupe Phillips Margain, y el director de Ignitia Desarrollos, Octavio Silva Rivero<\/p>\n","protected":false},"excerpt":{"rendered":"<p>(Redaccion) Estamos muy contentos porque, poco a poco, los sue\u00f1os se est\u00e1n convirtiendo en realidades, expresa primer mandatario Este espacio tiene 2,800 m2 de \u00e1reas de exhibici\u00f3n y 3,100 m2 de servicio a visitantes; exhibe m\u00e1s de 400 piezas originales Hoy los estados del sureste podemos competir, no solamente para traer turistas, sino porque hay [&hellip;]<\/p>\n","protected":false},"author":1,"featured_media":238745,"comment_status":"open","ping_status":"open","sticky":false,"template":"","format":"standard","meta":{"footnotes":""},"categories":[8,2],"tags":[],"class_list":["post-238744","post","type-post","status-publish","format-standard","has-post-thumbnail","hentry","category-pais","category-yucatan","entry","has-media"],"jetpack_featured_media_url":"http:\/\/vertienteglobal.com\/wp-content\/uploads\/2024\/03\/post_f0e73777-20f6-478a-9a45-824cb07ad3cf.jpeg","_links":{"self":[{"href":"http:\/\/vertienteglobal.com\/index.php?rest_route=\/wp\/v2\/posts\/238744","targetHints":{"allow":["GET"]}}],"collection":[{"href":"http:\/\/vertienteglobal.com\/index.php?rest_route=\/wp\/v2\/posts"}],"about":[{"href":"http:\/\/vertienteglobal.com\/index.php?rest_route=\/wp\/v2\/types\/post"}],"author":[{"embeddable":true,"href":"http:\/\/vertienteglobal.com\/index.php?rest_route=\/wp\/v2\/users\/1"}],"replies":[{"embeddable":true,"href":"http:\/\/vertienteglobal.com\/index.php?rest_route=%2Fwp%2Fv2%2Fcomments&post=238744"}],"version-history":[{"count":0,"href":"http:\/\/vertienteglobal.com\/index.php?rest_route=\/wp\/v2\/posts\/238744\/revisions"}],"wp:featuredmedia":[{"embeddable":true,"href":"http:\/\/vertienteglobal.com\/index.php?rest_route=\/wp\/v2\/media\/238745"}],"wp:attachment":[{"href":"http:\/\/vertienteglobal.com\/index.php?rest_route=%2Fwp%2Fv2%2Fmedia&parent=238744"}],"wp:term":[{"taxonomy":"category","embeddable":true,"href":"http:\/\/vertienteglobal.com\/index.php?rest_route=%2Fwp%2Fv2%2Fcategories&post=238744"},{"taxonomy":"post_tag","embeddable":true,"href":"http:\/\/vertienteglobal.com\/index.php?rest_route=%2Fwp%2Fv2%2Ftags&post=238744"}],"curies":[{"name":"wp","href":"https:\/\/api.w.org\/{rel}","templated":true}]}}