{"id":238738,"date":"2024-02-28T12:24:00","date_gmt":"2024-02-28T18:24:00","guid":{"rendered":"http:\/\/vertienteglobal.com\/?p=238738"},"modified":"2024-02-28T13:00:35","modified_gmt":"2024-02-28T19:00:35","slug":"suspende-operaciones-el-aeropuerto-de-puebla-por-ceniza-del-popocatepetl","status":"publish","type":"post","link":"http:\/\/vertienteglobal.com\/?p=238738","title":{"rendered":"Suspende operaciones el Aeropuerto de Puebla por ceniza del Popocat\u00e9petl"},"content":{"rendered":"\n<div class=\"twitterbutton\" style=\"float: right; padding-left: 5px;\"><a href=\"http:\/\/twitter.com\/share\" class=\"twitter-share-button\" data-count=\"horizontal\" data-text=\"Suspende operaciones el Aeropuerto de Puebla por ceniza del Popocat\u00e9petl\" data-via=\"https:\/\/twitter.com\/VertienteGloba1\" data-url=\"http:\/\/vertienteglobal.com\/?p=238738\" data-lang=\"es\" data-related=\"Informaci\u00f3n general:S\u00edguenos para que est\u00e9ss informado\"><\/a><\/div>\n<figure class=\"wp-block-image size-full\"><img loading=\"lazy\" decoding=\"async\" width=\"1024\" height=\"683\" src=\"http:\/\/vertienteglobal.com\/wp-content\/uploads\/2024\/02\/227121xeva20240228111537.webp\" alt=\"\" class=\"wp-image-238739\" srcset=\"http:\/\/vertienteglobal.com\/wp-content\/uploads\/2024\/02\/227121xeva20240228111537.webp 1024w, http:\/\/vertienteglobal.com\/wp-content\/uploads\/2024\/02\/227121xeva20240228111537-300x200.webp 300w, http:\/\/vertienteglobal.com\/wp-content\/uploads\/2024\/02\/227121xeva20240228111537-150x100.webp 150w, http:\/\/vertienteglobal.com\/wp-content\/uploads\/2024\/02\/227121xeva20240228111537-768x512.webp 768w\" sizes=\"auto, (max-width: 1024px) 100vw, 1024px\" \/><\/figure>\n\n\n\n<p>(Redaccion)<\/p>\n\n\n\n<p>La direcci\u00f3n de Protecci\u00f3n Civil del estado inform\u00f3 que la suspensi\u00f3n de aterrizajes y despegues se declar\u00f3 desde las 7:00 h y hasta nuevo aviso, mientras tanto se realizan trabajos de limpieza en pista, rodajes y plataformas<\/p>\n\n\n\n<p>Puebla, Puebla, 28 de febrero del 2024.-El Aeropuerto Internacional Hermanos Serd\u00e1n de Puebla inform\u00f3 que suspendi\u00f3 de todas sus operaciones por la ceniza emitida por el volc\u00e1n Popocat\u00e9petl.<\/p>\n\n\n\n<p>Por su parte Protecci\u00f3n Civil del estado inform\u00f3 que la suspensi\u00f3n de aterrizajes y despegues se declar\u00f3 desde las 7:00 h y hasta nuevo aviso, mientras tanto se realizan trabajos de limpieza en pista, rodajes y plataformas.<\/p>\n\n\n\n<p>Por su parte, el Aeropuerto Internacional de la Ciudad de M\u00e9xico (AICM) detall\u00f3 que entre los peligros de la ceniza volc\u00e1nica se encuentran el bloqueo de sensores de vuelo y da\u00f1os a turbinas, adem\u00e1s de que afecta a los equipos de log\u00edstica, as\u00ed como a las antenas de comunicaciones.<\/p>\n\n\n\n<p>Asimismo la Coordinaci\u00f3n Nacional de Protecci\u00f3n Civil (CNPC) se\u00f1al\u00f3 este mi\u00e9rcoles que en las \u00faltimas 24 h el volc\u00e1n Popocat\u00e9petl registr\u00f3 13 exhalaciones y mil 398 minutos de tremor, agregando que el sem\u00e1foro de alerta se mantiene en Amarillo Fase 2, con un radio de exclusi\u00f3n de 12 km.(Fuente Fuente: LD\/Foto: X @CNPC_MXXeva)<\/p>\n\n\n\n<figure class=\"wp-block-embed is-type-rich is-provider-twitter wp-block-embed-twitter\"><div class=\"wp-block-embed__wrapper\">\n<div class=\"oceanwp-oembed-wrap clr\"><blockquote class=\"twitter-tweet\" data-width=\"550\" data-dnt=\"true\"><p lang=\"es\" dir=\"ltr\"><a href=\"https:\/\/twitter.com\/hashtag\/AICMinforma?src=hash&amp;ref_src=twsrc%5Etfw\">#AICMinforma<\/a> <br>Ante presencia de cenizas volc\u00e1nicas las operaciones pueden suspenderse eventualmente. \u00bfQu\u00e9 puede pasar? <a href=\"https:\/\/t.co\/avwyLltKz5\">pic.twitter.com\/avwyLltKz5<\/a><\/p>&mdash; @AICM_mx (@AICM_mx) <a href=\"https:\/\/twitter.com\/AICM_mx\/status\/1762868853283930181?ref_src=twsrc%5Etfw\">February 28, 2024<\/a><\/blockquote><script async src=\"https:\/\/platform.twitter.com\/widgets.js\" charset=\"utf-8\"><\/script><\/div>\n<\/div><\/figure>\n","protected":false},"excerpt":{"rendered":"<p>(Redaccion) La direcci\u00f3n de Protecci\u00f3n Civil del estado inform\u00f3 que la suspensi\u00f3n de aterrizajes y despegues se declar\u00f3 desde las 7:00 h y hasta nuevo aviso, mientras tanto se realizan trabajos de limpieza en pista, rodajes y plataformas Puebla, Puebla, 28 de febrero del 2024.-El Aeropuerto Internacional Hermanos Serd\u00e1n de Puebla inform\u00f3 que suspendi\u00f3 de [&hellip;]<\/p>\n","protected":false},"author":1,"featured_media":238739,"comment_status":"open","ping_status":"open","sticky":false,"template":"","format":"standard","meta":{"footnotes":""},"categories":[8],"tags":[],"class_list":["post-238738","post","type-post","status-publish","format-standard","has-post-thumbnail","hentry","category-pais","entry","has-media"],"jetpack_featured_media_url":"http:\/\/vertienteglobal.com\/wp-content\/uploads\/2024\/02\/227121xeva20240228111537.webp","_links":{"self":[{"href":"http:\/\/vertienteglobal.com\/index.php?rest_route=\/wp\/v2\/posts\/238738","targetHints":{"allow":["GET"]}}],"collection":[{"href":"http:\/\/vertienteglobal.com\/index.php?rest_route=\/wp\/v2\/posts"}],"about":[{"href":"http:\/\/vertienteglobal.com\/index.php?rest_route=\/wp\/v2\/types\/post"}],"author":[{"embeddable":true,"href":"http:\/\/vertienteglobal.com\/index.php?rest_route=\/wp\/v2\/users\/1"}],"replies":[{"embeddable":true,"href":"http:\/\/vertienteglobal.com\/index.php?rest_route=%2Fwp%2Fv2%2Fcomments&post=238738"}],"version-history":[{"count":0,"href":"http:\/\/vertienteglobal.com\/index.php?rest_route=\/wp\/v2\/posts\/238738\/revisions"}],"wp:featuredmedia":[{"embeddable":true,"href":"http:\/\/vertienteglobal.com\/index.php?rest_route=\/wp\/v2\/media\/238739"}],"wp:attachment":[{"href":"http:\/\/vertienteglobal.com\/index.php?rest_route=%2Fwp%2Fv2%2Fmedia&parent=238738"}],"wp:term":[{"taxonomy":"category","embeddable":true,"href":"http:\/\/vertienteglobal.com\/index.php?rest_route=%2Fwp%2Fv2%2Fcategories&post=238738"},{"taxonomy":"post_tag","embeddable":true,"href":"http:\/\/vertienteglobal.com\/index.php?rest_route=%2Fwp%2Fv2%2Ftags&post=238738"}],"curies":[{"name":"wp","href":"https:\/\/api.w.org\/{rel}","templated":true}]}}