{"id":238642,"date":"2024-02-24T22:53:00","date_gmt":"2024-02-25T04:53:00","guid":{"rendered":"http:\/\/vertienteglobal.com\/?p=238642"},"modified":"2024-02-26T19:15:17","modified_gmt":"2024-02-27T01:15:17","slug":"contaminacion-del-aire-esta-vinculada-con-el-alzheimer-estudio","status":"publish","type":"post","link":"http:\/\/vertienteglobal.com\/?p=238642","title":{"rendered":"Contaminaci\u00f3n del aire est\u00e1 vinculada con el alzh\u00e9imer: Estudio"},"content":{"rendered":"\n<div class=\"twitterbutton\" style=\"float: right; padding-left: 5px;\"><a href=\"http:\/\/twitter.com\/share\" class=\"twitter-share-button\" data-count=\"horizontal\" data-text=\"Contaminaci\u00f3n del aire est\u00e1 vinculada con el alzh\u00e9imer: Estudio\" data-via=\"https:\/\/twitter.com\/VertienteGloba1\" data-url=\"http:\/\/vertienteglobal.com\/?p=238642\" data-lang=\"es\" data-related=\"Informaci\u00f3n general:S\u00edguenos para que est\u00e9ss informado\"><\/a><\/div>\n<figure class=\"wp-block-image size-full\"><img loading=\"lazy\" decoding=\"async\" width=\"1024\" height=\"683\" src=\"http:\/\/vertienteglobal.com\/wp-content\/uploads\/2024\/02\/226838xeva20240224123348.webp\" alt=\"\" class=\"wp-image-238643\" srcset=\"http:\/\/vertienteglobal.com\/wp-content\/uploads\/2024\/02\/226838xeva20240224123348.webp 1024w, http:\/\/vertienteglobal.com\/wp-content\/uploads\/2024\/02\/226838xeva20240224123348-300x200.webp 300w, http:\/\/vertienteglobal.com\/wp-content\/uploads\/2024\/02\/226838xeva20240224123348-150x100.webp 150w, http:\/\/vertienteglobal.com\/wp-content\/uploads\/2024\/02\/226838xeva20240224123348-768x512.webp 768w\" sizes=\"auto, (max-width: 1024px) 100vw, 1024px\" \/><\/figure>\n\n\n\n<p>(Redaccion)<\/p>\n\n\n\n<p>Estas part\u00edculas son diminutos cuerpos s\u00f3lidos o gotas muy finas de l\u00edquidos dispersos en la atm\u00f3sfera y los investigadores apuntaron que se cree que el gen APOE, que implica un riesgo gen\u00e9tico mayor de alzh\u00e9imer, se modifica en la asociaci\u00f3n con esas part\u00edculas<\/p>\n\n\n\n<p>Ciudad de M\u00e9xico 24 de febrero del 2024.-Un estudio elaborado por cient\u00edficos de EE.UU. ha revelado que las personas expuestas a altos niveles de contaminaci\u00f3n del aire, especialmente aquella generada por el tr\u00e1fico de veh\u00edculos, tienen m\u00e1s probabilidades de desarrollar condiciones relacionadas con la enfermedad de Alzheimer.<\/p>\n\n\n\n<p>La investigaci\u00f3n, publicada esta semana en la revista Neurology, fue realizada por un equipo internacional de cient\u00edficos y encabezada por Grace Christensen, de la Escuela Rollins de Salud P\u00fablica en la Universidad Emory en Atlanta (Georgia).<\/p>\n\n\n\n<p>\u00abSe ha determinado que la exposici\u00f3n a las part\u00edculas en suspensi\u00f3n, o materia particulada est\u00e1 asociada con el mal de Alzheimer, y la hip\u00f3tesis es que causa inflamaci\u00f3n y estr\u00e9s oxidante en el cerebro\u00bb, se\u00f1al\u00f3 el art\u00edculo.<\/p>\n\n\n\n<p>Estas part\u00edculas son diminutos cuerpos s\u00f3lidos o gotas muy finas de l\u00edquidos dispersos en la atm\u00f3sfera y los investigadores apuntaron que se cree que el gen APOE, que implica un riesgo gen\u00e9tico mayor de alzh\u00e9imer, se modifica en la asociaci\u00f3n con esas part\u00edculas.<\/p>\n\n\n\n<p>Seg\u00fan la Asociaci\u00f3n del mal de Alzheimer, se calcula que en Estados Unidos unos 6,7 millones de personas, mayores de 65 a\u00f1os, padecen esta enfermedad. El 73 por ciento de ellas son mayores de 75 a\u00f1os de edad.<\/p>\n\n\n\n<p>La mayor\u00eda de estas personas con alzh\u00e9imer son blancas, pero los estudios m\u00e9dicos se\u00f1alan que los afroamericanos y los hispanos tienen un riesgo m\u00e1s alto de desarrollar esa enfermedad.<\/p>\n\n\n\n<p>La investigaci\u00f3n mostr\u00f3 que las personas expuestas a altas concentraciones de las part\u00edculas en suspensi\u00f3n en el aire, al menos un a\u00f1o antes de su muerte, ten\u00edan m\u00e1s probabilidades de presentar altos niveles de aglomeraciones anormales de fragmentos de prote\u00ednas entre las c\u00e9lulas nerviosas.<\/p>\n\n\n\n<p>Esas aglomeraciones, conocidas como placas, se\u00f1alan la presencia de alzh\u00e9imer en el tejido cerebral.<\/p>\n\n\n\n<p>Para este estudio los investigadores examinaron el tejido cerebral de 224 personas que hab\u00edan convenido en la donaci\u00f3n de sus cerebros tras la muerte para ayudar en el estudio de la demencia. Las personas hab\u00edan muerto a una edad promedio de 76 a\u00f1os.(Fuente:EFE\/Foto:Pixabay\/Xeva)<\/p>\n","protected":false},"excerpt":{"rendered":"<p>(Redaccion) Estas part\u00edculas son diminutos cuerpos s\u00f3lidos o gotas muy finas de l\u00edquidos dispersos en la atm\u00f3sfera y los investigadores apuntaron que se cree que el gen APOE, que implica un riesgo gen\u00e9tico mayor de alzh\u00e9imer, se modifica en la asociaci\u00f3n con esas part\u00edculas Ciudad de M\u00e9xico 24 de febrero del 2024.-Un estudio elaborado por [&hellip;]<\/p>\n","protected":false},"author":1,"featured_media":238643,"comment_status":"open","ping_status":"open","sticky":false,"template":"","format":"standard","meta":{"footnotes":""},"categories":[8],"tags":[],"class_list":["post-238642","post","type-post","status-publish","format-standard","has-post-thumbnail","hentry","category-pais","entry","has-media"],"jetpack_featured_media_url":"http:\/\/vertienteglobal.com\/wp-content\/uploads\/2024\/02\/226838xeva20240224123348.webp","_links":{"self":[{"href":"http:\/\/vertienteglobal.com\/index.php?rest_route=\/wp\/v2\/posts\/238642","targetHints":{"allow":["GET"]}}],"collection":[{"href":"http:\/\/vertienteglobal.com\/index.php?rest_route=\/wp\/v2\/posts"}],"about":[{"href":"http:\/\/vertienteglobal.com\/index.php?rest_route=\/wp\/v2\/types\/post"}],"author":[{"embeddable":true,"href":"http:\/\/vertienteglobal.com\/index.php?rest_route=\/wp\/v2\/users\/1"}],"replies":[{"embeddable":true,"href":"http:\/\/vertienteglobal.com\/index.php?rest_route=%2Fwp%2Fv2%2Fcomments&post=238642"}],"version-history":[{"count":0,"href":"http:\/\/vertienteglobal.com\/index.php?rest_route=\/wp\/v2\/posts\/238642\/revisions"}],"wp:featuredmedia":[{"embeddable":true,"href":"http:\/\/vertienteglobal.com\/index.php?rest_route=\/wp\/v2\/media\/238643"}],"wp:attachment":[{"href":"http:\/\/vertienteglobal.com\/index.php?rest_route=%2Fwp%2Fv2%2Fmedia&parent=238642"}],"wp:term":[{"taxonomy":"category","embeddable":true,"href":"http:\/\/vertienteglobal.com\/index.php?rest_route=%2Fwp%2Fv2%2Fcategories&post=238642"},{"taxonomy":"post_tag","embeddable":true,"href":"http:\/\/vertienteglobal.com\/index.php?rest_route=%2Fwp%2Fv2%2Ftags&post=238642"}],"curies":[{"name":"wp","href":"https:\/\/api.w.org\/{rel}","templated":true}]}}