{"id":238456,"date":"2024-02-20T09:19:00","date_gmt":"2024-02-20T15:19:00","guid":{"rendered":"http:\/\/vertienteglobal.com\/?p=238456"},"modified":"2024-02-20T23:50:57","modified_gmt":"2024-02-21T05:50:57","slug":"la-sedena-se-encargara-del-mantenimiento-de-las-carreteras-federales-del-pais-andres-manuel-lopez-obrador","status":"publish","type":"post","link":"http:\/\/vertienteglobal.com\/?p=238456","title":{"rendered":"La Sedena se encargar\u00e1 del mantenimiento de las carreteras federales del pa\u00eds: Andr\u00e9s Manuel L\u00f3pez Obrador"},"content":{"rendered":"\n<div class=\"twitterbutton\" style=\"float: right; padding-left: 5px;\"><a href=\"http:\/\/twitter.com\/share\" class=\"twitter-share-button\" data-count=\"horizontal\" data-text=\"La Sedena se encargar\u00e1 del mantenimiento de las carreteras federales del pa\u00eds:...\" data-via=\"https:\/\/twitter.com\/VertienteGloba1\" data-url=\"http:\/\/vertienteglobal.com\/?p=238456\" data-lang=\"es\" data-related=\"Informaci\u00f3n general:S\u00edguenos para que est\u00e9ss informado\"><\/a><\/div>\n<figure class=\"wp-block-image size-full\"><img loading=\"lazy\" decoding=\"async\" width=\"720\" height=\"372\" src=\"http:\/\/vertienteglobal.com\/wp-content\/uploads\/2024\/02\/FB_IMG_1708494309480.jpg\" alt=\"\" class=\"wp-image-238458\" srcset=\"http:\/\/vertienteglobal.com\/wp-content\/uploads\/2024\/02\/FB_IMG_1708494309480.jpg 720w, http:\/\/vertienteglobal.com\/wp-content\/uploads\/2024\/02\/FB_IMG_1708494309480-300x155.jpg 300w, http:\/\/vertienteglobal.com\/wp-content\/uploads\/2024\/02\/FB_IMG_1708494309480-150x78.jpg 150w\" sizes=\"auto, (max-width: 720px) 100vw, 720px\" \/><\/figure>\n\n\n\n<p>(Redaccion)<\/p>\n\n\n\n<p>L\u00f3pez Obrador, confirm\u00f3 que los militares ya est\u00e1n haciendo labores de mantenimiento carretero, durante su conferencia en el marco del D\u00eda del Ej\u00e9rcito Mexican<\/p>\n\n\n\n<p>Ciudad de M\u00e9xico 20 de febrero del 2024.-El gobierno del presidente Andr\u00e9s Manuel L\u00f3pez Obrador orden\u00f3 a la Secretar\u00eda de la Defensa Nacional (Sedena) que se encargue del mantenimiento de carreteras federales, con lo que ampli\u00f3 nuevamente las funciones de las Fuerzas Armadas.<\/p>\n\n\n\n<p>Y es que en la conferencia matutina de este martes, L\u00f3pez Obrador dijo que tomo la decisi\u00f3n porque el mantenimiento de las carreteras mediante empresas constructoras o contratistas es m\u00e1s caro y les toma m\u00e1s tiempo.<\/p>\n\n\n\n<p>\u201cSi lo hacemos con el m\u00e9todo tradicional, no lo hacemos bien, no lo hacemos en tiempo, y los ingenieros militares son una garant\u00eda de que vamos a cumplir y de que vamos a dejar bien las carreteras\u201d, dijo.<\/p>\n\n\n\n<p>A trav\u00e9s de un oficio fechado al 20 de enero, Francisco Javier Guti\u00e9rrez Sosa, subdirector de la Direcci\u00f3n General de Ingenieros de la Sedena, inform\u00f3 a Jorge Nu\u00f1o Lara, secretario de Infraestructura, Comunicaciones y Transportes, la orden del Ejecutivo sobre el mantenimiento de carreteras.<\/p>\n\n\n\n<p>\u201cAprovecho la ocasi\u00f3n para hacerle de su conocimiento la instrucci\u00f3n girada por el Ejecutivo Federal, en la cual manifiesta que la Sedena apoye en la reparaci\u00f3n de carreteras, las cuales as\u00ed lo requieran. (\u2026) Se solicita remitan proyectos carreteros, priorizando que el periodo de ejecuci\u00f3n de referidos trabajos se lleven a cabo dentro de la presente administraci\u00f3n\u201d, dice el oficio n\u00famero 03151\/2989, que circula en redes sociales.<\/p>\n\n\n\n<p>Para dar cumplimiento a la orden, la Sedena solicit\u00f3 informaci\u00f3n sobre los proyectos carreteros que requieren mantenimiento.<\/p>\n\n\n\n<p>Ayer, el presidente L\u00f3pez Obrador tambi\u00e9n confirm\u00f3 que los militares ya est\u00e1n haciendo labores de mantenimiento carretero, durante su conferencia en el marco del D\u00eda del Ej\u00e9rcito Mexicano.<\/p>\n\n\n\n<p>\u201cTambi\u00e9n nos est\u00e1n ayudando los ingenieros militares con la rehabilitaci\u00f3n y el mantenimiento de mil 157 kil\u00f3metros de caminos rurales y alimentadores, mil 115 kil\u00f3metros de carreteras federales en el sur sureste en Campeche, Chiapas, Tabasco, Veracruz, Yucat\u00e1n, Quintana Roo\u201d, resalt\u00f3.<\/p>\n\n\n\n<p>Por su parte, la C\u00e1mara Mexicana de la Industria de la Construcci\u00f3n (CMIC) expres\u00f3 ayer su preocupaci\u00f3n por la cancelaci\u00f3n de licitaciones por parte del gobierno federal para el mantenimiento y conservaci\u00f3n de las carreteras del pa\u00eds.<\/p>\n\n\n\n<p>La c\u00e1mara critic\u00f3 la cancelaci\u00f3n de las licitaciones del Programa Nacional de Conservaci\u00f3n de Carreteras 2024, por parte de la Secretar\u00eda de Infraestructura, Comunicaciones y Transportes (SICT), que contaba con un fondo de 11 mil millones de pesos.<\/p>\n\n\n\n<p>\u201cLa falta de inversi\u00f3n en mantenimiento y conservaci\u00f3n de las carreteras ha sido una constante desde hace varios a\u00f1os, lo que ha tra\u00eddo consigo un deterioro significativo de la infraestructura de transporte del pa\u00eds, afectando la competitividad de M\u00e9xico\u201c, lament\u00f3.(Fuente:Agencias)<\/p>\n\n\n\n<figure class=\"wp-block-image size-full\"><img loading=\"lazy\" decoding=\"async\" width=\"720\" height=\"372\" src=\"http:\/\/vertienteglobal.com\/wp-content\/uploads\/2024\/02\/FB_IMG_1708494307112.jpg\" alt=\"\" class=\"wp-image-238457\" srcset=\"http:\/\/vertienteglobal.com\/wp-content\/uploads\/2024\/02\/FB_IMG_1708494307112.jpg 720w, http:\/\/vertienteglobal.com\/wp-content\/uploads\/2024\/02\/FB_IMG_1708494307112-300x155.jpg 300w, http:\/\/vertienteglobal.com\/wp-content\/uploads\/2024\/02\/FB_IMG_1708494307112-150x78.jpg 150w\" sizes=\"auto, (max-width: 720px) 100vw, 720px\" \/><\/figure>\n\n\n\n<figure class=\"wp-block-image size-full\"><img loading=\"lazy\" decoding=\"async\" width=\"720\" height=\"474\" src=\"http:\/\/vertienteglobal.com\/wp-content\/uploads\/2024\/02\/FB_IMG_1708494312057.jpg\" alt=\"\" class=\"wp-image-238459\" srcset=\"http:\/\/vertienteglobal.com\/wp-content\/uploads\/2024\/02\/FB_IMG_1708494312057.jpg 720w, http:\/\/vertienteglobal.com\/wp-content\/uploads\/2024\/02\/FB_IMG_1708494312057-300x198.jpg 300w, http:\/\/vertienteglobal.com\/wp-content\/uploads\/2024\/02\/FB_IMG_1708494312057-150x99.jpg 150w\" sizes=\"auto, (max-width: 720px) 100vw, 720px\" \/><\/figure>\n","protected":false},"excerpt":{"rendered":"<p>(Redaccion) L\u00f3pez Obrador, confirm\u00f3 que los militares ya est\u00e1n haciendo labores de mantenimiento carretero, durante su conferencia en el marco del D\u00eda del Ej\u00e9rcito Mexican Ciudad de M\u00e9xico 20 de febrero del 2024.-El gobierno del presidente Andr\u00e9s Manuel L\u00f3pez Obrador orden\u00f3 a la Secretar\u00eda de la Defensa Nacional (Sedena) que se encargue del mantenimiento de [&hellip;]<\/p>\n","protected":false},"author":1,"featured_media":238459,"comment_status":"open","ping_status":"open","sticky":false,"template":"","format":"standard","meta":{"footnotes":""},"categories":[8],"tags":[],"class_list":["post-238456","post","type-post","status-publish","format-standard","has-post-thumbnail","hentry","category-pais","entry","has-media"],"jetpack_featured_media_url":"http:\/\/vertienteglobal.com\/wp-content\/uploads\/2024\/02\/FB_IMG_1708494312057.jpg","_links":{"self":[{"href":"http:\/\/vertienteglobal.com\/index.php?rest_route=\/wp\/v2\/posts\/238456","targetHints":{"allow":["GET"]}}],"collection":[{"href":"http:\/\/vertienteglobal.com\/index.php?rest_route=\/wp\/v2\/posts"}],"about":[{"href":"http:\/\/vertienteglobal.com\/index.php?rest_route=\/wp\/v2\/types\/post"}],"author":[{"embeddable":true,"href":"http:\/\/vertienteglobal.com\/index.php?rest_route=\/wp\/v2\/users\/1"}],"replies":[{"embeddable":true,"href":"http:\/\/vertienteglobal.com\/index.php?rest_route=%2Fwp%2Fv2%2Fcomments&post=238456"}],"version-history":[{"count":0,"href":"http:\/\/vertienteglobal.com\/index.php?rest_route=\/wp\/v2\/posts\/238456\/revisions"}],"wp:featuredmedia":[{"embeddable":true,"href":"http:\/\/vertienteglobal.com\/index.php?rest_route=\/wp\/v2\/media\/238459"}],"wp:attachment":[{"href":"http:\/\/vertienteglobal.com\/index.php?rest_route=%2Fwp%2Fv2%2Fmedia&parent=238456"}],"wp:term":[{"taxonomy":"category","embeddable":true,"href":"http:\/\/vertienteglobal.com\/index.php?rest_route=%2Fwp%2Fv2%2Fcategories&post=238456"},{"taxonomy":"post_tag","embeddable":true,"href":"http:\/\/vertienteglobal.com\/index.php?rest_route=%2Fwp%2Fv2%2Ftags&post=238456"}],"curies":[{"name":"wp","href":"https:\/\/api.w.org\/{rel}","templated":true}]}}