{"id":238423,"date":"2024-02-19T12:53:00","date_gmt":"2024-02-19T18:53:00","guid":{"rendered":"http:\/\/vertienteglobal.com\/?p=238423"},"modified":"2024-02-20T22:46:48","modified_gmt":"2024-02-21T04:46:48","slug":"ceremonia-del-cxi-aniversario-del-dia-del-ejercito-mexicano-en-quintana-roo","status":"publish","type":"post","link":"http:\/\/vertienteglobal.com\/?p=238423","title":{"rendered":"Ceremonia del CXI Aniversario del D\u00eda del Ej\u00e9rcito Mexicano, en Quintana Roo"},"content":{"rendered":"\n<div class=\"twitterbutton\" style=\"float: right; padding-left: 5px;\"><a href=\"http:\/\/twitter.com\/share\" class=\"twitter-share-button\" data-count=\"horizontal\" data-text=\"Ceremonia del CXI Aniversario del D\u00eda del Ej\u00e9rcito Mexicano, en Quintana Roo\" data-via=\"https:\/\/twitter.com\/VertienteGloba1\" data-url=\"http:\/\/vertienteglobal.com\/?p=238423\" data-lang=\"es\" data-related=\"Informaci\u00f3n general:S\u00edguenos para que est\u00e9ss informado\"><\/a><\/div>\n<figure class=\"wp-block-image size-full\"><img loading=\"lazy\" decoding=\"async\" width=\"720\" height=\"462\" src=\"http:\/\/vertienteglobal.com\/wp-content\/uploads\/2024\/02\/FB_IMG_1708490346195.jpg\" alt=\"\" class=\"wp-image-238427\" srcset=\"http:\/\/vertienteglobal.com\/wp-content\/uploads\/2024\/02\/FB_IMG_1708490346195.jpg 720w, http:\/\/vertienteglobal.com\/wp-content\/uploads\/2024\/02\/FB_IMG_1708490346195-300x193.jpg 300w, http:\/\/vertienteglobal.com\/wp-content\/uploads\/2024\/02\/FB_IMG_1708490346195-150x96.jpg 150w\" sizes=\"auto, (max-width: 720px) 100vw, 720px\" \/><\/figure>\n\n\n\n<p>(Redaccion)<\/p>\n\n\n\n<p>El Ej\u00e9rcito Mexicano se encarga de velar por la seguridad de los Quintanarroenses. Conformados por valientes hombres y mujeres que demuestran lealtad, disciplina y constancia, que son la base para consolidar la paz<\/p>\n\n\n\n<p>Isla Mujeres, Quintana Roo a 19 de febrero de 2024.-La Secretar\u00eda de la Defensa Nacional, a trav\u00e9s de las Comandancias de la X Regi\u00f3n Militar y 34\/a. Zona Militar, da a conocer a la ciudadan\u00eda en general, que este 19 de febrero de 2024, se conmemor\u00f3 un a\u00f1o m\u00e1s del aniversario del Ej\u00e9rcito Mexicano en el estado de Quintana Roo.<\/p>\n\n\n\n<p>La ceremonia se llev\u00f3 a cabo en las instalaciones de la 10\/a. Brigada de Polic\u00eda Militar, ubicada en el Campo Militar No. 34-D \u201cGeneral de Brigada Rafael Melgar\u201d, Isla Mujeres, Quintana Roo, la cual fue presidida por el General de Brigada Diplomado de Estado Mayor Gerardo Serna Melchor, comandante de la 34\/a. Zona Militar, en compa\u00f1\u00eda de autoridades de los tres \u00f3rdenes de gobierno y representantes de la Fuerza A\u00e9rea Mexicana y Guardia Nacional.<\/p>\n\n\n\n<p>El Ej\u00e9rcito Mexicano es una de las instituciones m\u00e1s importantes de M\u00e9xico, su origen surge con el XXII Congreso Constitucional Libre, Independiente y Soberano del Estado de Coahuila que en su decreto 1421 del 19 de febrero de 1913, desconoci\u00f3 al General Victoriano Huerta y dio facultades a Venustiano Carranza, Gobernador del Estado, para crear una fuerza armada y restablecer el orden constitucional.<\/p>\n\n\n\n<p>El 26 de marzo del mismo a\u00f1o, fue proclamado el Plan de Guadalupe, documento que le dio nombre al \u201cEj\u00e9rcito Constitucionalista\u201d y una vez que se promulg\u00f3 la Constituci\u00f3n de 1917, adopt\u00f3 los nombres de Ej\u00e9rcito Nacional Federal y Permanente y m\u00e1s tarde Ej\u00e9rcito Mexicano. Con el decreto n\u00famero 720 de 22 de marzo de 1950, se declar\u00f3 como el \u201cD\u00eda del Ej\u00e9rcito\u201d el 19 de febrero de cada a\u00f1o.<\/p>\n\n\n\n<p>El Ej\u00e9rcito Mexicano se encarga de velar por la seguridad de los Quintanarroenses. Conformados por valientes hombres y mujeres que demuestran lealtad, disciplina y constancia, que son la base para consolidar la paz.<\/p>\n\n\n\n<figure class=\"wp-block-image size-full\"><img loading=\"lazy\" decoding=\"async\" width=\"720\" height=\"548\" src=\"http:\/\/vertienteglobal.com\/wp-content\/uploads\/2024\/02\/FB_IMG_1708490354302.jpg\" alt=\"\" class=\"wp-image-238424\" srcset=\"http:\/\/vertienteglobal.com\/wp-content\/uploads\/2024\/02\/FB_IMG_1708490354302.jpg 720w, http:\/\/vertienteglobal.com\/wp-content\/uploads\/2024\/02\/FB_IMG_1708490354302-300x228.jpg 300w, http:\/\/vertienteglobal.com\/wp-content\/uploads\/2024\/02\/FB_IMG_1708490354302-150x114.jpg 150w\" sizes=\"auto, (max-width: 720px) 100vw, 720px\" \/><\/figure>\n\n\n\n<figure class=\"wp-block-image size-full\"><img loading=\"lazy\" decoding=\"async\" width=\"720\" height=\"553\" src=\"http:\/\/vertienteglobal.com\/wp-content\/uploads\/2024\/02\/FB_IMG_1708490351306.jpg\" alt=\"\" class=\"wp-image-238425\" srcset=\"http:\/\/vertienteglobal.com\/wp-content\/uploads\/2024\/02\/FB_IMG_1708490351306.jpg 720w, http:\/\/vertienteglobal.com\/wp-content\/uploads\/2024\/02\/FB_IMG_1708490351306-300x230.jpg 300w, http:\/\/vertienteglobal.com\/wp-content\/uploads\/2024\/02\/FB_IMG_1708490351306-150x115.jpg 150w\" sizes=\"auto, (max-width: 720px) 100vw, 720px\" \/><\/figure>\n\n\n\n<figure class=\"wp-block-image size-full\"><img loading=\"lazy\" decoding=\"async\" width=\"720\" height=\"501\" src=\"http:\/\/vertienteglobal.com\/wp-content\/uploads\/2024\/02\/FB_IMG_1708490359461.jpg\" alt=\"\" class=\"wp-image-238426\" srcset=\"http:\/\/vertienteglobal.com\/wp-content\/uploads\/2024\/02\/FB_IMG_1708490359461.jpg 720w, http:\/\/vertienteglobal.com\/wp-content\/uploads\/2024\/02\/FB_IMG_1708490359461-300x209.jpg 300w, http:\/\/vertienteglobal.com\/wp-content\/uploads\/2024\/02\/FB_IMG_1708490359461-150x104.jpg 150w\" sizes=\"auto, (max-width: 720px) 100vw, 720px\" \/><\/figure>\n","protected":false},"excerpt":{"rendered":"<p>(Redaccion) El Ej\u00e9rcito Mexicano se encarga de velar por la seguridad de los Quintanarroenses. Conformados por valientes hombres y mujeres que demuestran lealtad, disciplina y constancia, que son la base para consolidar la paz Isla Mujeres, Quintana Roo a 19 de febrero de 2024.-La Secretar\u00eda de la Defensa Nacional, a trav\u00e9s de las Comandancias de [&hellip;]<\/p>\n","protected":false},"author":1,"featured_media":238424,"comment_status":"open","ping_status":"open","sticky":false,"template":"","format":"standard","meta":{"footnotes":""},"categories":[3],"tags":[],"class_list":["post-238423","post","type-post","status-publish","format-standard","has-post-thumbnail","hentry","category-quintana-roo","entry","has-media"],"jetpack_featured_media_url":"http:\/\/vertienteglobal.com\/wp-content\/uploads\/2024\/02\/FB_IMG_1708490354302.jpg","_links":{"self":[{"href":"http:\/\/vertienteglobal.com\/index.php?rest_route=\/wp\/v2\/posts\/238423","targetHints":{"allow":["GET"]}}],"collection":[{"href":"http:\/\/vertienteglobal.com\/index.php?rest_route=\/wp\/v2\/posts"}],"about":[{"href":"http:\/\/vertienteglobal.com\/index.php?rest_route=\/wp\/v2\/types\/post"}],"author":[{"embeddable":true,"href":"http:\/\/vertienteglobal.com\/index.php?rest_route=\/wp\/v2\/users\/1"}],"replies":[{"embeddable":true,"href":"http:\/\/vertienteglobal.com\/index.php?rest_route=%2Fwp%2Fv2%2Fcomments&post=238423"}],"version-history":[{"count":0,"href":"http:\/\/vertienteglobal.com\/index.php?rest_route=\/wp\/v2\/posts\/238423\/revisions"}],"wp:featuredmedia":[{"embeddable":true,"href":"http:\/\/vertienteglobal.com\/index.php?rest_route=\/wp\/v2\/media\/238424"}],"wp:attachment":[{"href":"http:\/\/vertienteglobal.com\/index.php?rest_route=%2Fwp%2Fv2%2Fmedia&parent=238423"}],"wp:term":[{"taxonomy":"category","embeddable":true,"href":"http:\/\/vertienteglobal.com\/index.php?rest_route=%2Fwp%2Fv2%2Fcategories&post=238423"},{"taxonomy":"post_tag","embeddable":true,"href":"http:\/\/vertienteglobal.com\/index.php?rest_route=%2Fwp%2Fv2%2Ftags&post=238423"}],"curies":[{"name":"wp","href":"https:\/\/api.w.org\/{rel}","templated":true}]}}