{"id":238323,"date":"2024-02-16T17:19:00","date_gmt":"2024-02-16T23:19:00","guid":{"rendered":"http:\/\/vertienteglobal.com\/?p=238323"},"modified":"2024-02-18T19:06:26","modified_gmt":"2024-02-19T01:06:26","slug":"atletas-quintanarroenses-de-levantamiento-de-pesas-competiran-en-el-campeonato-nacional-juvenil-2024","status":"publish","type":"post","link":"http:\/\/vertienteglobal.com\/?p=238323","title":{"rendered":"Atletas quintanarroenses de levantamiento de pesas competir\u00e1n en el Campeonato Nacional Juvenil 2024"},"content":{"rendered":"\n<div class=\"twitterbutton\" style=\"float: right; padding-left: 5px;\"><a href=\"http:\/\/twitter.com\/share\" class=\"twitter-share-button\" data-count=\"horizontal\" data-text=\"Atletas quintanarroenses de levantamiento de pesas competir\u00e1n en el Campeonato ...\" data-via=\"https:\/\/twitter.com\/VertienteGloba1\" data-url=\"http:\/\/vertienteglobal.com\/?p=238323\" data-lang=\"es\" data-related=\"Informaci\u00f3n general:S\u00edguenos para que est\u00e9ss informado\"><\/a><\/div>\n<figure class=\"wp-block-image size-full\"><img loading=\"lazy\" decoding=\"async\" width=\"720\" height=\"529\" src=\"http:\/\/vertienteglobal.com\/wp-content\/uploads\/2024\/02\/FB_IMG_1708304455203.jpg\" alt=\"\" class=\"wp-image-238324\" srcset=\"http:\/\/vertienteglobal.com\/wp-content\/uploads\/2024\/02\/FB_IMG_1708304455203.jpg 720w, http:\/\/vertienteglobal.com\/wp-content\/uploads\/2024\/02\/FB_IMG_1708304455203-300x220.jpg 300w, http:\/\/vertienteglobal.com\/wp-content\/uploads\/2024\/02\/FB_IMG_1708304455203-150x110.jpg 150w\" sizes=\"auto, (max-width: 720px) 100vw, 720px\" \/><\/figure>\n\n\n\n<p>(Redaccion)<\/p>\n\n\n\n<p>Un equipo integrado por 12 deportistas viajaron a Celaya, Guanajuato, para tomar parte en este importante compromiso<\/p>\n\n\n\n<p>Chetumal, Quintana Roo 16 de febrero 2024.-Como parte de su preparaci\u00f3n y fogueo de cara a la eliminatoria para los Nacionales CONADE 2024 y como clasificaci\u00f3n al Campeonato Mundial Juvenil 2024, el equipo de Quintana Roo en la disciplina de levantamiento de pesas, viaj\u00f3 con destino a Celaya, Guanajuato, para competir en el Campeonato Nacional Juvenil Sub-15 y Sub-17.<\/p>\n\n\n\n<p>Apoyados por la Comisi\u00f3n del Deporte de Quintana Roo (CODEQ), presidida por Eric Arcila Arjona, parte de este equipo hizo el viaje a este importante compromiso, cumpliendo con las acciones del Nuevo Acuerdo por el Bienestar y Desarrollo, promovido por la gobernadora Mara Lezama Espinosa y que prioriza respaldar a las y los deportistas de la entidad.<\/p>\n\n\n\n<p>\u201cNuestras y nuestros deportistas no paran, siguen prepar\u00e1ndose para sus respectivas competencias nacionales e internacionales, y para nosotros es una prioridad que obtengan experiencia y puedan llegar con el mejor nivel a los Nacionales CONADE 2024\u201d, resalt\u00f3 Eric Arcila.<\/p>\n\n\n\n<p>Las y los deportistas quintanarroenses tienen programado competir a partir de este s\u00e1bado, en este certamen que organiza Federaci\u00f3n Mexicana de Levantamiento de Pesas AC y cuenta con la participaci\u00f3n de 170 atletas de 24 estados de la Rep\u00fablica Mexicana.<\/p>\n\n\n\n<p>En el equipo estatal, conformado por 12 atletas y 3 entrenadores, resaltan la presencia de los medallistas nacionales y panamericanos juveniles Maximiliano Reyes, Alexis Lara y Cristian Acevedo.<\/p>\n\n\n\n<p>Cabe resaltar que este Campeonato Nacional Juvenil Sub-15 y Sub-17 de halterofilia tambi\u00e9n tiene por objetivo elegir a los mejores exponentes de la disciplina en M\u00e9xico para buscar un lugar en el equipo nacional que competir\u00e1 en el pr\u00f3ximo Campeonato Mundial Juvenil 2024.<\/p>\n\n\n\n<p>Quintana Roo ha destacado en esta disciplina y ha demostrado ser potencia inclusive a nivel mundial, con medallistas como David Palomo en Uzbekist\u00e1n 2013; Herseleid Carrazco en Jeddah 2021 y Guadalajara 2023; adem\u00e1s de Darly Canto y Ximena P\u00e9rez ambos en Jeddah 2021.<\/p>\n","protected":false},"excerpt":{"rendered":"<p>(Redaccion) Un equipo integrado por 12 deportistas viajaron a Celaya, Guanajuato, para tomar parte en este importante compromiso Chetumal, Quintana Roo 16 de febrero 2024.-Como parte de su preparaci\u00f3n y fogueo de cara a la eliminatoria para los Nacionales CONADE 2024 y como clasificaci\u00f3n al Campeonato Mundial Juvenil 2024, el equipo de Quintana Roo en [&hellip;]<\/p>\n","protected":false},"author":1,"featured_media":238324,"comment_status":"open","ping_status":"open","sticky":false,"template":"","format":"standard","meta":{"footnotes":""},"categories":[11,3],"tags":[],"class_list":["post-238323","post","type-post","status-publish","format-standard","has-post-thumbnail","hentry","category-deportes","category-quintana-roo","entry","has-media"],"jetpack_featured_media_url":"http:\/\/vertienteglobal.com\/wp-content\/uploads\/2024\/02\/FB_IMG_1708304455203.jpg","_links":{"self":[{"href":"http:\/\/vertienteglobal.com\/index.php?rest_route=\/wp\/v2\/posts\/238323","targetHints":{"allow":["GET"]}}],"collection":[{"href":"http:\/\/vertienteglobal.com\/index.php?rest_route=\/wp\/v2\/posts"}],"about":[{"href":"http:\/\/vertienteglobal.com\/index.php?rest_route=\/wp\/v2\/types\/post"}],"author":[{"embeddable":true,"href":"http:\/\/vertienteglobal.com\/index.php?rest_route=\/wp\/v2\/users\/1"}],"replies":[{"embeddable":true,"href":"http:\/\/vertienteglobal.com\/index.php?rest_route=%2Fwp%2Fv2%2Fcomments&post=238323"}],"version-history":[{"count":0,"href":"http:\/\/vertienteglobal.com\/index.php?rest_route=\/wp\/v2\/posts\/238323\/revisions"}],"wp:featuredmedia":[{"embeddable":true,"href":"http:\/\/vertienteglobal.com\/index.php?rest_route=\/wp\/v2\/media\/238324"}],"wp:attachment":[{"href":"http:\/\/vertienteglobal.com\/index.php?rest_route=%2Fwp%2Fv2%2Fmedia&parent=238323"}],"wp:term":[{"taxonomy":"category","embeddable":true,"href":"http:\/\/vertienteglobal.com\/index.php?rest_route=%2Fwp%2Fv2%2Fcategories&post=238323"},{"taxonomy":"post_tag","embeddable":true,"href":"http:\/\/vertienteglobal.com\/index.php?rest_route=%2Fwp%2Fv2%2Ftags&post=238323"}],"curies":[{"name":"wp","href":"https:\/\/api.w.org\/{rel}","templated":true}]}}