{"id":238248,"date":"2024-02-15T19:52:00","date_gmt":"2024-02-16T01:52:00","guid":{"rendered":"http:\/\/vertienteglobal.com\/?p=238248"},"modified":"2024-02-16T10:13:37","modified_gmt":"2024-02-16T16:13:37","slug":"quintana-roo-participa-en-el-foro-nacional-intercambio-de-experiencias-y-retos-en-la-implementacion-de-la-politica-nacional-de-igualdad","status":"publish","type":"post","link":"http:\/\/vertienteglobal.com\/?p=238248","title":{"rendered":"Quintana Roo participa en el Foro Nacional \u201cIntercambio de experiencias y retos en la implementaci\u00f3n de la Pol\u00edtica Nacional de Igualdad\u00bb"},"content":{"rendered":"\n<div class=\"twitterbutton\" style=\"float: right; padding-left: 5px;\"><a href=\"http:\/\/twitter.com\/share\" class=\"twitter-share-button\" data-count=\"horizontal\" data-text=\"Quintana Roo participa en el Foro Nacional \u201cIntercambio de experiencias y reto...\" data-via=\"https:\/\/twitter.com\/VertienteGloba1\" data-url=\"http:\/\/vertienteglobal.com\/?p=238248\" data-lang=\"es\" data-related=\"Informaci\u00f3n general:S\u00edguenos para que est\u00e9ss informado\"><\/a><\/div>\n<figure class=\"wp-block-image size-full\"><img loading=\"lazy\" decoding=\"async\" width=\"720\" height=\"480\" src=\"http:\/\/vertienteglobal.com\/wp-content\/uploads\/2024\/02\/FB_IMG_1708099903894.jpg\" alt=\"\" class=\"wp-image-238249\" srcset=\"http:\/\/vertienteglobal.com\/wp-content\/uploads\/2024\/02\/FB_IMG_1708099903894.jpg 720w, http:\/\/vertienteglobal.com\/wp-content\/uploads\/2024\/02\/FB_IMG_1708099903894-300x200.jpg 300w, http:\/\/vertienteglobal.com\/wp-content\/uploads\/2024\/02\/FB_IMG_1708099903894-150x100.jpg 150w\" sizes=\"auto, (max-width: 720px) 100vw, 720px\" \/><\/figure>\n\n\n\n<p>(Redaccion)<\/p>\n\n\n\n<p>Ah\u00ed se destacaron las acciones impulsadas por la gobernadora Mara Lezama, como gobierno pionero en capacitaci\u00f3n en l\u00ednea a servidoras y servidores p\u00fablicos a gran escala.<\/p>\n\n\n\n<p>Ciudad de M\u00e9xico, 15 de febrero del 2024. &#8211; En representaci\u00f3n de la gobernadora Mara Lezama Espinosa, la directora general del Instituto Quintanarroense de la Mujer (IQM), Mar\u00eda Hadad Castillo participa en el Foro Nacional \u201cIntercambio de experiencias y retos en la implementaci\u00f3n de la Pol\u00edtica Nacional de Igualdad\u00bb, que organiza el Instituto Nacional de las Mujeres (INMUJERES), con el objetivo de generar un espacio de intercambio con los diferentes sectores del gobierno federal respecto a la implementaci\u00f3n de la Pol\u00edtica Nacional en materia de Igualdad entre Mujeres y Hombres.<\/p>\n\n\n\n<p>La titular del IQM Mar\u00eda Hadad, resalt\u00f3 que en este Nuevo Acuerdo por el Bienestar y Desarrollo de Quintana Roo que impulsa la gobernadora Mara Lezama, seguimos avanzando en la construcci\u00f3n de pol\u00edticas p\u00fablicas de la mano del Gobierno Federal, con la finalidad de una causa com\u00fan que nos convoca en construir un M\u00e9xico igualitario y libre de violencia.<\/p>\n\n\n\n<p>Hadad Castillo explic\u00f3 que en el marco de esta pol\u00edtica, instrumentamos el programa de capacitaci\u00f3n \u00abPor un Quintana Roo de Paz para las Mujeres\u00bb, que imparte un curso en l\u00ednea sobre perspectiva de g\u00e9nero, derechos humanos de las mujeres, lenguaje incluyente sin sexismo y tipos y modalidades de la violencia de g\u00e9nero, con duraci\u00f3n de 16 horas de capacitaci\u00f3n, cursadas al ritmo de cada participante, al estar disponible 24&#215;7 en una plataforma inform\u00e1tica.<\/p>\n\n\n\n<p>Resalt\u00f3 que, en el primer a\u00f1o de gobierno, con el programa Por un Quintana Roo de Paz para las Mujeres, se capacitaron a casi 30 mil servidoras y servidores p\u00fablicos que integran la plantilla laboral del gobierno del estado, incluyendo a los 11 ayuntamientos.<\/p>\n\n\n\n<p>Durante su intervenci\u00f3n destac\u00f3 que, la capacitaci\u00f3n que se brinda al funcionariado es de caracter obligatorio, y que es a trav\u00e9s de la Secretar\u00eda de la Contralor\u00eda y de la Oficial\u00eda Mayor como se regula su cumplimiento, al ser un requisito para la permanencia y nuevo ingreso al Gobierno contar con la constancia de haber cursado y aprobado este programa completo.<\/p>\n\n\n\n<p>Lo anterior, tiene como objetivo garantizar una actuaci\u00f3n de las y los servidores p\u00fablicos que contribuya a las acciones estatales de prevenci\u00f3n de todas las violencias contra las mujeres y ni\u00f1as, as\u00ed tambi\u00e9n, que el personal cuente con el conocimiento necesario para la correcta ejecuci\u00f3n de pol\u00edticas p\u00fablicas de manera trasversal en materia de igualdad sustantiva.<\/p>\n\n\n\n<p>Agradeci\u00f3 al INMUJERES y a su titular Nadine Gasman, por seguir avanzando, tejer alianzas y crear nuevas l\u00f3gicas al interior de las instituciones de la Administraci\u00f3n P\u00fablica Federal (APF), que nos permiten avanzar hacia la igualdad y garantizar los derechos de las mujeres.<\/p>\n\n\n\n<p>Cabe mencionar que este Foro se realizar\u00e1 los d\u00edas 15 y 16 de febrero y participan: las Unidades de Igualdad de G\u00e9nero o \u00e1reas hom\u00f3logas, enlaces para la igualdad de g\u00e9nero de las dependencias y entidades de la Administraci\u00f3n P\u00fablica Federal, \u00d3rganos Constitucionalmente Aut\u00f3nomos, Poderes de la Uni\u00f3n, empresas paraestatales, instituciones de educaci\u00f3n superior y Administraciones P\u00fablicas Estatales.<\/p>\n\n\n\n<figure class=\"wp-block-image size-full\"><img loading=\"lazy\" decoding=\"async\" width=\"720\" height=\"425\" src=\"http:\/\/vertienteglobal.com\/wp-content\/uploads\/2024\/02\/FB_IMG_1708099894505.jpg\" alt=\"\" class=\"wp-image-238250\" srcset=\"http:\/\/vertienteglobal.com\/wp-content\/uploads\/2024\/02\/FB_IMG_1708099894505.jpg 720w, http:\/\/vertienteglobal.com\/wp-content\/uploads\/2024\/02\/FB_IMG_1708099894505-300x177.jpg 300w, http:\/\/vertienteglobal.com\/wp-content\/uploads\/2024\/02\/FB_IMG_1708099894505-150x89.jpg 150w\" sizes=\"auto, (max-width: 720px) 100vw, 720px\" \/><\/figure>\n\n\n\n<figure class=\"wp-block-image size-full\"><img loading=\"lazy\" decoding=\"async\" width=\"720\" height=\"480\" src=\"http:\/\/vertienteglobal.com\/wp-content\/uploads\/2024\/02\/FB_IMG_1708099899698.jpg\" alt=\"\" class=\"wp-image-238251\" srcset=\"http:\/\/vertienteglobal.com\/wp-content\/uploads\/2024\/02\/FB_IMG_1708099899698.jpg 720w, http:\/\/vertienteglobal.com\/wp-content\/uploads\/2024\/02\/FB_IMG_1708099899698-300x200.jpg 300w, http:\/\/vertienteglobal.com\/wp-content\/uploads\/2024\/02\/FB_IMG_1708099899698-150x100.jpg 150w\" sizes=\"auto, (max-width: 720px) 100vw, 720px\" \/><\/figure>\n\n\n\n<figure class=\"wp-block-image size-full\"><img loading=\"lazy\" decoding=\"async\" width=\"720\" height=\"480\" src=\"http:\/\/vertienteglobal.com\/wp-content\/uploads\/2024\/02\/FB_IMG_1708099896780.jpg\" alt=\"\" class=\"wp-image-238252\" srcset=\"http:\/\/vertienteglobal.com\/wp-content\/uploads\/2024\/02\/FB_IMG_1708099896780.jpg 720w, http:\/\/vertienteglobal.com\/wp-content\/uploads\/2024\/02\/FB_IMG_1708099896780-300x200.jpg 300w, http:\/\/vertienteglobal.com\/wp-content\/uploads\/2024\/02\/FB_IMG_1708099896780-150x100.jpg 150w\" sizes=\"auto, (max-width: 720px) 100vw, 720px\" \/><\/figure>\n","protected":false},"excerpt":{"rendered":"<p>(Redaccion) Ah\u00ed se destacaron las acciones impulsadas por la gobernadora Mara Lezama, como gobierno pionero en capacitaci\u00f3n en l\u00ednea a servidoras y servidores p\u00fablicos a gran escala. Ciudad de M\u00e9xico, 15 de febrero del 2024. &#8211; En representaci\u00f3n de la gobernadora Mara Lezama Espinosa, la directora general del Instituto Quintanarroense de la Mujer (IQM), Mar\u00eda [&hellip;]<\/p>\n","protected":false},"author":1,"featured_media":238249,"comment_status":"open","ping_status":"open","sticky":false,"template":"","format":"standard","meta":{"footnotes":""},"categories":[8,3],"tags":[],"class_list":["post-238248","post","type-post","status-publish","format-standard","has-post-thumbnail","hentry","category-pais","category-quintana-roo","entry","has-media"],"jetpack_featured_media_url":"http:\/\/vertienteglobal.com\/wp-content\/uploads\/2024\/02\/FB_IMG_1708099903894.jpg","_links":{"self":[{"href":"http:\/\/vertienteglobal.com\/index.php?rest_route=\/wp\/v2\/posts\/238248","targetHints":{"allow":["GET"]}}],"collection":[{"href":"http:\/\/vertienteglobal.com\/index.php?rest_route=\/wp\/v2\/posts"}],"about":[{"href":"http:\/\/vertienteglobal.com\/index.php?rest_route=\/wp\/v2\/types\/post"}],"author":[{"embeddable":true,"href":"http:\/\/vertienteglobal.com\/index.php?rest_route=\/wp\/v2\/users\/1"}],"replies":[{"embeddable":true,"href":"http:\/\/vertienteglobal.com\/index.php?rest_route=%2Fwp%2Fv2%2Fcomments&post=238248"}],"version-history":[{"count":0,"href":"http:\/\/vertienteglobal.com\/index.php?rest_route=\/wp\/v2\/posts\/238248\/revisions"}],"wp:featuredmedia":[{"embeddable":true,"href":"http:\/\/vertienteglobal.com\/index.php?rest_route=\/wp\/v2\/media\/238249"}],"wp:attachment":[{"href":"http:\/\/vertienteglobal.com\/index.php?rest_route=%2Fwp%2Fv2%2Fmedia&parent=238248"}],"wp:term":[{"taxonomy":"category","embeddable":true,"href":"http:\/\/vertienteglobal.com\/index.php?rest_route=%2Fwp%2Fv2%2Fcategories&post=238248"},{"taxonomy":"post_tag","embeddable":true,"href":"http:\/\/vertienteglobal.com\/index.php?rest_route=%2Fwp%2Fv2%2Ftags&post=238248"}],"curies":[{"name":"wp","href":"https:\/\/api.w.org\/{rel}","templated":true}]}}