{"id":238245,"date":"2024-02-15T19:19:00","date_gmt":"2024-02-16T01:19:00","guid":{"rendered":"http:\/\/vertienteglobal.com\/?p=238245"},"modified":"2024-02-16T10:11:12","modified_gmt":"2024-02-16T16:11:12","slug":"pronostican-cinco-olas-de-calor-preocupantes-este-2024","status":"publish","type":"post","link":"http:\/\/vertienteglobal.com\/?p=238245","title":{"rendered":"Pronostican cinco olas de calor preocupantes este 2024"},"content":{"rendered":"\n<div class=\"twitterbutton\" style=\"float: right; padding-left: 5px;\"><a href=\"http:\/\/twitter.com\/share\" class=\"twitter-share-button\" data-count=\"horizontal\" data-text=\"Pronostican cinco olas de calor preocupantes este 2024\" data-via=\"https:\/\/twitter.com\/VertienteGloba1\" data-url=\"http:\/\/vertienteglobal.com\/?p=238245\" data-lang=\"es\" data-related=\"Informaci\u00f3n general:S\u00edguenos para que est\u00e9ss informado\"><\/a><\/div>\n<figure class=\"wp-block-image size-full\"><img loading=\"lazy\" decoding=\"async\" width=\"720\" height=\"408\" src=\"http:\/\/vertienteglobal.com\/wp-content\/uploads\/2024\/02\/FB_IMG_1708099608396.jpg\" alt=\"\" class=\"wp-image-238246\" srcset=\"http:\/\/vertienteglobal.com\/wp-content\/uploads\/2024\/02\/FB_IMG_1708099608396.jpg 720w, http:\/\/vertienteglobal.com\/wp-content\/uploads\/2024\/02\/FB_IMG_1708099608396-300x170.jpg 300w, http:\/\/vertienteglobal.com\/wp-content\/uploads\/2024\/02\/FB_IMG_1708099608396-150x85.jpg 150w\" sizes=\"auto, (max-width: 720px) 100vw, 720px\" \/><\/figure>\n\n\n\n<p>(Redaccion)<\/p>\n\n\n\n<p>Las olas de calor se distribuir\u00edan una en marzo, dos en abril, una en mayo y otra en junio<\/p>\n\n\n\n<p>Ciudad de Mexico i15 de febrero de 2034.-El Servicio Meteorol\u00f3gico Nacional (SMN) emiti\u00f3 un pron\u00f3stico preocupante para M\u00e9xico, anticipando la llegada de cinco olas de calor este a\u00f1o.<\/p>\n\n\n\n<p>Se pronostica que azoten el territorio nacional entre los meses de marzo y julio, mismas que junto con otros factores, podr\u00edan aumentar los efectos de las sequ\u00edas en diferentes regiones.<\/p>\n\n\n\n<p>Seg\u00fan las proyecciones del SMN, se espera que este 2024 sea m\u00e1s caluroso que el anterior, con temperaturas que podr\u00edan superar los 40 grados en algunas \u00e1reas.<\/p>\n\n\n\n<p>Cabe destacar que las olas de calor se distribuir\u00edan una en marzo, dos en abril, una en mayo y otra en junio.<\/p>\n","protected":false},"excerpt":{"rendered":"<p>(Redaccion) Las olas de calor se distribuir\u00edan una en marzo, dos en abril, una en mayo y otra en junio Ciudad de Mexico i15 de febrero de 2034.-El Servicio Meteorol\u00f3gico Nacional (SMN) emiti\u00f3 un pron\u00f3stico preocupante para M\u00e9xico, anticipando la llegada de cinco olas de calor este a\u00f1o. Se pronostica que azoten el territorio nacional [&hellip;]<\/p>\n","protected":false},"author":1,"featured_media":238246,"comment_status":"open","ping_status":"open","sticky":false,"template":"","format":"standard","meta":{"footnotes":""},"categories":[8],"tags":[],"class_list":["post-238245","post","type-post","status-publish","format-standard","has-post-thumbnail","hentry","category-pais","entry","has-media"],"jetpack_featured_media_url":"http:\/\/vertienteglobal.com\/wp-content\/uploads\/2024\/02\/FB_IMG_1708099608396.jpg","_links":{"self":[{"href":"http:\/\/vertienteglobal.com\/index.php?rest_route=\/wp\/v2\/posts\/238245","targetHints":{"allow":["GET"]}}],"collection":[{"href":"http:\/\/vertienteglobal.com\/index.php?rest_route=\/wp\/v2\/posts"}],"about":[{"href":"http:\/\/vertienteglobal.com\/index.php?rest_route=\/wp\/v2\/types\/post"}],"author":[{"embeddable":true,"href":"http:\/\/vertienteglobal.com\/index.php?rest_route=\/wp\/v2\/users\/1"}],"replies":[{"embeddable":true,"href":"http:\/\/vertienteglobal.com\/index.php?rest_route=%2Fwp%2Fv2%2Fcomments&post=238245"}],"version-history":[{"count":0,"href":"http:\/\/vertienteglobal.com\/index.php?rest_route=\/wp\/v2\/posts\/238245\/revisions"}],"wp:featuredmedia":[{"embeddable":true,"href":"http:\/\/vertienteglobal.com\/index.php?rest_route=\/wp\/v2\/media\/238246"}],"wp:attachment":[{"href":"http:\/\/vertienteglobal.com\/index.php?rest_route=%2Fwp%2Fv2%2Fmedia&parent=238245"}],"wp:term":[{"taxonomy":"category","embeddable":true,"href":"http:\/\/vertienteglobal.com\/index.php?rest_route=%2Fwp%2Fv2%2Fcategories&post=238245"},{"taxonomy":"post_tag","embeddable":true,"href":"http:\/\/vertienteglobal.com\/index.php?rest_route=%2Fwp%2Fv2%2Ftags&post=238245"}],"curies":[{"name":"wp","href":"https:\/\/api.w.org\/{rel}","templated":true}]}}