{"id":238043,"date":"2024-02-12T09:46:00","date_gmt":"2024-02-12T15:46:00","guid":{"rendered":"http:\/\/vertienteglobal.com\/?p=238043"},"modified":"2024-02-13T16:49:10","modified_gmt":"2024-02-13T22:49:10","slug":"tramo-cancun-playa-del-carmen-del-tren-maya-se-inaugurara-el-29-de-febrero","status":"publish","type":"post","link":"http:\/\/vertienteglobal.com\/?p=238043","title":{"rendered":"Tramo Canc\u00fan-Playa del Carmen del Tren Maya se inaugurar\u00e1 el 29 de febrero"},"content":{"rendered":"\n<div class=\"twitterbutton\" style=\"float: right; padding-left: 5px;\"><a href=\"http:\/\/twitter.com\/share\" class=\"twitter-share-button\" data-count=\"horizontal\" data-text=\"Tramo Canc\u00fan-Playa del Carmen del Tren Maya se inaugurar\u00e1 el 29 de febrero\" data-via=\"https:\/\/twitter.com\/VertienteGloba1\" data-url=\"http:\/\/vertienteglobal.com\/?p=238043\" data-lang=\"es\" data-related=\"Informaci\u00f3n general:S\u00edguenos para que est\u00e9ss informado\"><\/a><\/div>\n<figure class=\"wp-block-image size-large\"><img loading=\"lazy\" decoding=\"async\" width=\"1024\" height=\"682\" src=\"http:\/\/vertienteglobal.com\/wp-content\/uploads\/2024\/02\/IMG-20240213-WA0002-1024x682.jpg\" alt=\"\" class=\"wp-image-238044\" srcset=\"http:\/\/vertienteglobal.com\/wp-content\/uploads\/2024\/02\/IMG-20240213-WA0002-1024x682.jpg 1024w, http:\/\/vertienteglobal.com\/wp-content\/uploads\/2024\/02\/IMG-20240213-WA0002-300x200.jpg 300w, http:\/\/vertienteglobal.com\/wp-content\/uploads\/2024\/02\/IMG-20240213-WA0002-150x100.jpg 150w, http:\/\/vertienteglobal.com\/wp-content\/uploads\/2024\/02\/IMG-20240213-WA0002-768x511.jpg 768w, http:\/\/vertienteglobal.com\/wp-content\/uploads\/2024\/02\/IMG-20240213-WA0002.jpg 1280w\" sizes=\"auto, (max-width: 1024px) 100vw, 1024px\" \/><\/figure>\n\n\n\n<p>(Redaccion)<\/p>\n\n\n\n<p>Los tramos de Tulum y Chetumal ser\u00e1n inaugurados en junio, por veda electoral <\/p>\n\n\n\n<p>Ciudad de M\u00e9xico 12 de febrero del 2024.-Los tramos del Tren Maya que van de Playa del Carmen a Tulum, Chetumal y Esc\u00e1rcega ser\u00e1n inaugurados en junio, revel\u00f3 \u00d3scar David Lozano \u00c1guila, director general de la empresa Tren Maya, en la conferencia matutina del presidente Andr\u00e9s Manuel L\u00f3pez Obrador de hoy lunes.<\/p>\n\n\n\n<p>La inauguraci\u00f3n de estas estaciones ser\u00e1n pospuestas hasta ese entonces, por ser posterior al periodo de veda electoral, detall\u00f3 el general.<\/p>\n\n\n\n<p>\u201cNos gustar\u00eda poder ir inaugurando conforme vaya gener\u00e1ndose o termin\u00e1ndose la infraestructura.<\/p>\n\n\n\n<p>Entramos en un periodo de veda y no podemos hacer eventos p\u00fablicos.<\/p>\n\n\n\n<p>Por esa raz\u00f3n, el se\u00f1or presidente ha decidido que, hasta junio, a finales del mes de junio\u201d, expres\u00f3 y agreg\u00f3 que, para entonces, esperan tener concluidos los mil 554 kil\u00f3metros de v\u00eda.<\/p>\n\n\n\n<p>\u201cLa conexi\u00f3n que estamos hablando\u2026 desde Playa del Carmen a Tulum, de Tulum a Chetumal, de Chetumal a Xpujil y hasta Esc\u00e1rcega. Es decir, esa parte de infraestructura ferroviaria deber\u00e1 quedar ya incorporada de manera gradual para finales del mes de junio y que podamos definir una fecha\u201d, se\u00f1al\u00f3 el funcionario.<\/p>\n\n\n\n<p>Reiter\u00f3 que este 29 de febrero inaugurar\u00e1n el tramo 5 Norte, que recorre de Canc\u00fan hasta Playa del Carmen.<\/p>\n\n\n\n<p>Por otro lado, Lozano \u00c1guila destac\u00f3 que el proyecto ferroviario no s\u00f3lo se enfoca en el transporte de pasajeros, sino que tambi\u00e9n contempla la implementaci\u00f3n de un sistema de carga.<\/p>\n\n\n\n<p>Explic\u00f3 que el tren requiere el establecimiento de instalaciones espec\u00edficas para el transporte de mercanc\u00edas, lo cual es estrat\u00e9gico para conectar el corredor interoce\u00e1nico del Istmo de Tehuantepec con el Tren Maya.<\/p>\n\n\n\n<p>\u201cEl punto de conexi\u00f3n ser\u00e1 Palenque, ese es el plan, ahorita tenemos el proyecto a nivel conceptual, en el que incluimos la terminal multimodal de intercambio de mercanc\u00edas en Palenque, se prev\u00e9 la construcci\u00f3n tambi\u00e9n de un patio de operaciones ferroviarias en Esc\u00e1rcega\u201d, dijo.<\/p>\n\n\n\n<p>En este sentido, asegur\u00f3 que hay empresas interesadas en transportar todas sus materias primas que abastecen en la Riviera Maya o todo lo que entra y sale de Progreso mediante este medio.(Fuente: Conferencia Matutina)<\/p>\n\n\n\n<figure class=\"wp-block-image size-large\"><img loading=\"lazy\" decoding=\"async\" width=\"1024\" height=\"681\" src=\"http:\/\/vertienteglobal.com\/wp-content\/uploads\/2024\/02\/IMG-20240213-WA0001-1024x681.jpg\" alt=\"\" class=\"wp-image-238045\" srcset=\"http:\/\/vertienteglobal.com\/wp-content\/uploads\/2024\/02\/IMG-20240213-WA0001-1024x681.jpg 1024w, http:\/\/vertienteglobal.com\/wp-content\/uploads\/2024\/02\/IMG-20240213-WA0001-300x199.jpg 300w, http:\/\/vertienteglobal.com\/wp-content\/uploads\/2024\/02\/IMG-20240213-WA0001-150x100.jpg 150w, http:\/\/vertienteglobal.com\/wp-content\/uploads\/2024\/02\/IMG-20240213-WA0001-768x511.jpg 768w, http:\/\/vertienteglobal.com\/wp-content\/uploads\/2024\/02\/IMG-20240213-WA0001.jpg 1280w\" sizes=\"auto, (max-width: 1024px) 100vw, 1024px\" \/><\/figure>\n","protected":false},"excerpt":{"rendered":"<p>(Redaccion) Los tramos de Tulum y Chetumal ser\u00e1n inaugurados en junio, por veda electoral Ciudad de M\u00e9xico 12 de febrero del 2024.-Los tramos del Tren Maya que van de Playa del Carmen a Tulum, Chetumal y Esc\u00e1rcega ser\u00e1n inaugurados en junio, revel\u00f3 \u00d3scar David Lozano \u00c1guila, director general de la empresa Tren Maya, en la [&hellip;]<\/p>\n","protected":false},"author":1,"featured_media":238045,"comment_status":"open","ping_status":"open","sticky":false,"template":"","format":"standard","meta":{"footnotes":""},"categories":[8,3],"tags":[],"class_list":["post-238043","post","type-post","status-publish","format-standard","has-post-thumbnail","hentry","category-pais","category-quintana-roo","entry","has-media"],"jetpack_featured_media_url":"http:\/\/vertienteglobal.com\/wp-content\/uploads\/2024\/02\/IMG-20240213-WA0001.jpg","_links":{"self":[{"href":"http:\/\/vertienteglobal.com\/index.php?rest_route=\/wp\/v2\/posts\/238043","targetHints":{"allow":["GET"]}}],"collection":[{"href":"http:\/\/vertienteglobal.com\/index.php?rest_route=\/wp\/v2\/posts"}],"about":[{"href":"http:\/\/vertienteglobal.com\/index.php?rest_route=\/wp\/v2\/types\/post"}],"author":[{"embeddable":true,"href":"http:\/\/vertienteglobal.com\/index.php?rest_route=\/wp\/v2\/users\/1"}],"replies":[{"embeddable":true,"href":"http:\/\/vertienteglobal.com\/index.php?rest_route=%2Fwp%2Fv2%2Fcomments&post=238043"}],"version-history":[{"count":0,"href":"http:\/\/vertienteglobal.com\/index.php?rest_route=\/wp\/v2\/posts\/238043\/revisions"}],"wp:featuredmedia":[{"embeddable":true,"href":"http:\/\/vertienteglobal.com\/index.php?rest_route=\/wp\/v2\/media\/238045"}],"wp:attachment":[{"href":"http:\/\/vertienteglobal.com\/index.php?rest_route=%2Fwp%2Fv2%2Fmedia&parent=238043"}],"wp:term":[{"taxonomy":"category","embeddable":true,"href":"http:\/\/vertienteglobal.com\/index.php?rest_route=%2Fwp%2Fv2%2Fcategories&post=238043"},{"taxonomy":"post_tag","embeddable":true,"href":"http:\/\/vertienteglobal.com\/index.php?rest_route=%2Fwp%2Fv2%2Ftags&post=238043"}],"curies":[{"name":"wp","href":"https:\/\/api.w.org\/{rel}","templated":true}]}}