{"id":237758,"date":"2024-02-07T18:53:00","date_gmt":"2024-02-08T00:53:00","guid":{"rendered":"http:\/\/vertienteglobal.com\/?p=237758"},"modified":"2024-02-08T19:47:53","modified_gmt":"2024-02-09T01:47:53","slug":"acerca-mara-lezama-justicia-laboral-a-trabajadores-y-empresarios-de-cozumel","status":"publish","type":"post","link":"http:\/\/vertienteglobal.com\/?p=237758","title":{"rendered":"Acerca Mara Lezama justicia laboral a trabajadores y empresarios de Cozumel"},"content":{"rendered":"\n<div class=\"twitterbutton\" style=\"float: right; padding-left: 5px;\"><a href=\"http:\/\/twitter.com\/share\" class=\"twitter-share-button\" data-count=\"horizontal\" data-text=\"Acerca Mara Lezama justicia laboral a trabajadores y empresarios de Cozumel\" data-via=\"https:\/\/twitter.com\/VertienteGloba1\" data-url=\"http:\/\/vertienteglobal.com\/?p=237758\" data-lang=\"es\" data-related=\"Informaci\u00f3n general:S\u00edguenos para que est\u00e9ss informado\"><\/a><\/div>\n<figure class=\"wp-block-image size-large\"><img loading=\"lazy\" decoding=\"async\" width=\"1024\" height=\"384\" src=\"http:\/\/vertienteglobal.com\/wp-content\/uploads\/2024\/02\/acerca3-1024x384.jpg\" alt=\"\" class=\"wp-image-237759\" srcset=\"http:\/\/vertienteglobal.com\/wp-content\/uploads\/2024\/02\/acerca3-1024x384.jpg 1024w, http:\/\/vertienteglobal.com\/wp-content\/uploads\/2024\/02\/acerca3-300x113.jpg 300w, http:\/\/vertienteglobal.com\/wp-content\/uploads\/2024\/02\/acerca3-150x56.jpg 150w, http:\/\/vertienteglobal.com\/wp-content\/uploads\/2024\/02\/acerca3-768x288.jpg 768w, http:\/\/vertienteglobal.com\/wp-content\/uploads\/2024\/02\/acerca3-1536x576.jpg 1536w, http:\/\/vertienteglobal.com\/wp-content\/uploads\/2024\/02\/acerca3.jpg 1600w\" sizes=\"auto, (max-width: 1024px) 100vw, 1024px\" \/><\/figure>\n\n\n\n<p>(Redaccion)<\/p>\n\n\n\n<p>Pone al servicio de m\u00e1s de 60 mil personas que trabajan en Cozumel, as\u00ed como del sector empresarial, nuevo M\u00f3dulo del Centro de Justicia Laboral y una oficina de la Procuradur\u00eda de la Defensa del Trabajo<\/p>\n\n\n\n<p>Cozumel, Quintana Roo 07 de febrero del 2024.- La gobernadora Mara Lezama Espinosa inaugur\u00f3 un nuevo M\u00f3dulo del Centro de Conciliaci\u00f3n Laboral de Quintana Roo y una Oficina de la Procuradur\u00eda de la Defensa del Trabajo, para acercar la justicia laboral a todas y todos los trabajadores y empresarios de esta Isla de las Golondrinas.<\/p>\n\n\n\n<p>Para la instalaci\u00f3n de este m\u00f3dulo, en respuesta a las peticiones y a un compromiso de campa\u00f1a, la gobernadora de Quintana Roo explic\u00f3 que gestion\u00f3 ante la federaci\u00f3n recursos por un mill\u00f3n 309 mil pesos para mobiliario, equipo y tecnolog\u00eda, en tanto el Gobierno del Estado aporta cerca de 300 mil pesos anuales para sueldos y salarios del personal.<\/p>\n\n\n\n<p>Precis\u00f3 que as\u00ed se refleja el Nuevo Acuerdo por el Bienestar y Desarrollo de Quintana Roo, sumando esfuerzos para atender las necesidades de la gente, en este caso de las y los trabajadores, de los empresarios, para que por la v\u00eda del di\u00e1logo, la conciliaci\u00f3n, se resuelvan las controversias.<\/p>\n\n\n\n<p>Adem\u00e1s, ahorrar\u00e1n tiempo y recursos, pues anteriormente ten\u00edan que cruzar a la zona continental para dirimir los conflictos, con gastos de cerca de 2 mil 500 pesos por persona, lo que es injusto porque lesionaba la econom\u00eda familiar y acentuaba las brechas de desigualdad.<\/p>\n\n\n\n<p>\u201cEste gobierno trabaja 24\/7 para sentar las bases de un piso de igualdad para todas y todos, y con estas acciones acercamos la justicia laboral a poco m\u00e1s de 60 mil personas que trabajan en Cozumel, promoviendo los procesos de conciliaci\u00f3n de manera cercana, imparcial, eficaz y expedita\u201d a\u00f1adi\u00f3 la Gobernadora.<\/p>\n\n\n\n<p>La secretaria de Trabajo y Previsi\u00f3n Social, Flor Ru\u00edz Cosio, al exponer los motivos dijo que para la realizaci\u00f3n de este proyecto se requiri\u00f3 la colaboraci\u00f3n entre el Gobierno del Estado, la Secretar\u00eda de Finanzas y Planeaci\u00f3n, del Trabajo y Previsi\u00f3n Social, para estar al servicio de una poblaci\u00f3n econ\u00f3micamente activa, con empleos directos, de 60 mil 177 ciudadanos, lo que representa aproximadamente un 67.9% del total de la poblaci\u00f3n cozumele\u00f1a.<\/p>\n\n\n\n<p>Agreg\u00f3 que se han generado cerca de 100 expedientes de ciudadanos cozumele\u00f1os; dentro de este n\u00famero se cuentan con 42 convenios de conciliaci\u00f3n, 46 casos no conciliatorios, 3 casos activos y 7 casos concluidos por falta de inter\u00e9s.<\/p>\n\n\n\n<p>La presidenta municipal Juanita Alonso Marrufo dio la bienvenida que este nuevo servicio atiende a una a\u00f1eja necesidad y representa acercar la justicia laboral a las y los trabajadores.<\/p>\n\n\n\n<p>Entre otras personas, estuvieron en el evento la presidenta honoraria del Sistema DIF, Ver\u00f3nica Lezama Espinosa; el magistrado Heyden Cebada Rivas, presidente del Tribunal Superior de Justicia; el diputado federal Juan Carrillo, entre otros.<\/p>\n\n\n\n<figure class=\"wp-block-image size-full\"><img loading=\"lazy\" decoding=\"async\" width=\"585\" height=\"390\" src=\"http:\/\/vertienteglobal.com\/wp-content\/uploads\/2024\/02\/acerca-585x390-1.jpg\" alt=\"\" class=\"wp-image-237760\" srcset=\"http:\/\/vertienteglobal.com\/wp-content\/uploads\/2024\/02\/acerca-585x390-1.jpg 585w, http:\/\/vertienteglobal.com\/wp-content\/uploads\/2024\/02\/acerca-585x390-1-300x200.jpg 300w, http:\/\/vertienteglobal.com\/wp-content\/uploads\/2024\/02\/acerca-585x390-1-150x100.jpg 150w\" sizes=\"auto, (max-width: 585px) 100vw, 585px\" \/><\/figure>\n\n\n\n<figure class=\"wp-block-image size-full\"><img loading=\"lazy\" decoding=\"async\" width=\"585\" height=\"390\" src=\"http:\/\/vertienteglobal.com\/wp-content\/uploads\/2024\/02\/acerca2-585x390-1.jpg\" alt=\"\" class=\"wp-image-237761\" srcset=\"http:\/\/vertienteglobal.com\/wp-content\/uploads\/2024\/02\/acerca2-585x390-1.jpg 585w, http:\/\/vertienteglobal.com\/wp-content\/uploads\/2024\/02\/acerca2-585x390-1-300x200.jpg 300w, http:\/\/vertienteglobal.com\/wp-content\/uploads\/2024\/02\/acerca2-585x390-1-150x100.jpg 150w\" sizes=\"auto, (max-width: 585px) 100vw, 585px\" \/><\/figure>\n\n\n\n<figure class=\"wp-block-image size-full\"><img loading=\"lazy\" decoding=\"async\" width=\"585\" height=\"390\" src=\"http:\/\/vertienteglobal.com\/wp-content\/uploads\/2024\/02\/acerca4-585x390-1.jpg\" alt=\"\" class=\"wp-image-237762\" srcset=\"http:\/\/vertienteglobal.com\/wp-content\/uploads\/2024\/02\/acerca4-585x390-1.jpg 585w, http:\/\/vertienteglobal.com\/wp-content\/uploads\/2024\/02\/acerca4-585x390-1-300x200.jpg 300w, http:\/\/vertienteglobal.com\/wp-content\/uploads\/2024\/02\/acerca4-585x390-1-150x100.jpg 150w\" sizes=\"auto, (max-width: 585px) 100vw, 585px\" \/><\/figure>\n","protected":false},"excerpt":{"rendered":"<p>(Redaccion) Pone al servicio de m\u00e1s de 60 mil personas que trabajan en Cozumel, as\u00ed como del sector empresarial, nuevo M\u00f3dulo del Centro de Justicia Laboral y una oficina de la Procuradur\u00eda de la Defensa del Trabajo Cozumel, Quintana Roo 07 de febrero del 2024.- La gobernadora Mara Lezama Espinosa inaugur\u00f3 un nuevo M\u00f3dulo del [&hellip;]<\/p>\n","protected":false},"author":1,"featured_media":237759,"comment_status":"open","ping_status":"open","sticky":false,"template":"","format":"standard","meta":{"footnotes":""},"categories":[3],"tags":[],"class_list":["post-237758","post","type-post","status-publish","format-standard","has-post-thumbnail","hentry","category-quintana-roo","entry","has-media"],"jetpack_featured_media_url":"http:\/\/vertienteglobal.com\/wp-content\/uploads\/2024\/02\/acerca3.jpg","_links":{"self":[{"href":"http:\/\/vertienteglobal.com\/index.php?rest_route=\/wp\/v2\/posts\/237758","targetHints":{"allow":["GET"]}}],"collection":[{"href":"http:\/\/vertienteglobal.com\/index.php?rest_route=\/wp\/v2\/posts"}],"about":[{"href":"http:\/\/vertienteglobal.com\/index.php?rest_route=\/wp\/v2\/types\/post"}],"author":[{"embeddable":true,"href":"http:\/\/vertienteglobal.com\/index.php?rest_route=\/wp\/v2\/users\/1"}],"replies":[{"embeddable":true,"href":"http:\/\/vertienteglobal.com\/index.php?rest_route=%2Fwp%2Fv2%2Fcomments&post=237758"}],"version-history":[{"count":0,"href":"http:\/\/vertienteglobal.com\/index.php?rest_route=\/wp\/v2\/posts\/237758\/revisions"}],"wp:featuredmedia":[{"embeddable":true,"href":"http:\/\/vertienteglobal.com\/index.php?rest_route=\/wp\/v2\/media\/237759"}],"wp:attachment":[{"href":"http:\/\/vertienteglobal.com\/index.php?rest_route=%2Fwp%2Fv2%2Fmedia&parent=237758"}],"wp:term":[{"taxonomy":"category","embeddable":true,"href":"http:\/\/vertienteglobal.com\/index.php?rest_route=%2Fwp%2Fv2%2Fcategories&post=237758"},{"taxonomy":"post_tag","embeddable":true,"href":"http:\/\/vertienteglobal.com\/index.php?rest_route=%2Fwp%2Fv2%2Ftags&post=237758"}],"curies":[{"name":"wp","href":"https:\/\/api.w.org\/{rel}","templated":true}]}}