{"id":237623,"date":"2024-02-06T11:19:00","date_gmt":"2024-02-06T17:19:00","guid":{"rendered":"http:\/\/vertienteglobal.com\/?p=237623"},"modified":"2024-02-06T21:13:00","modified_gmt":"2024-02-07T03:13:00","slug":"paquete-de-reformas-constitucionales-se-presentaron-porque-vienen-elecciones-amlo","status":"publish","type":"post","link":"http:\/\/vertienteglobal.com\/?p=237623","title":{"rendered":"Paquete de reformas constitucionales se presentaron porque vienen elecciones: AMLO"},"content":{"rendered":"\n<div class=\"twitterbutton\" style=\"float: right; padding-left: 5px;\"><a href=\"http:\/\/twitter.com\/share\" class=\"twitter-share-button\" data-count=\"horizontal\" data-text=\"Paquete de reformas constitucionales se presentaron porque vienen elecciones: AM...\" data-via=\"https:\/\/twitter.com\/VertienteGloba1\" data-url=\"http:\/\/vertienteglobal.com\/?p=237623\" data-lang=\"es\" data-related=\"Informaci\u00f3n general:S\u00edguenos para que est\u00e9ss informado\"><\/a><\/div>\n<figure class=\"wp-block-image size-full\"><img loading=\"lazy\" decoding=\"async\" width=\"1024\" height=\"683\" src=\"http:\/\/vertienteglobal.com\/wp-content\/uploads\/2024\/02\/225522xeva20240206112840.webp\" alt=\"\" class=\"wp-image-237624\" srcset=\"http:\/\/vertienteglobal.com\/wp-content\/uploads\/2024\/02\/225522xeva20240206112840.webp 1024w, http:\/\/vertienteglobal.com\/wp-content\/uploads\/2024\/02\/225522xeva20240206112840-300x200.webp 300w, http:\/\/vertienteglobal.com\/wp-content\/uploads\/2024\/02\/225522xeva20240206112840-150x100.webp 150w, http:\/\/vertienteglobal.com\/wp-content\/uploads\/2024\/02\/225522xeva20240206112840-768x512.webp 768w\" sizes=\"auto, (max-width: 1024px) 100vw, 1024px\" \/><\/figure>\n\n\n\n<p>(Redaccion)<\/p>\n\n\n\n<p>El mandatario federal se refiri\u00f3 as\u00ed al paquete de 20 reformas, 18 de ellas constitucionales y dos legales que present\u00f3 este 5 de febrero para eliminar una serie de \u201cart\u00edculos antipopulares\u201d, \u201cdevolver la grandeza\u201d a la Carta Magna y protegerla de los \u201creaccionarios\u201d a cuatro meses de que se celebren las elecciones federales<\/p>\n\n\n\n<p>Ciudad de M\u00e9xico 06 de febrero del 2024.- El presidente de M\u00e9xico, Andr\u00e9s Manuel L\u00f3pez Obrador, reconoci\u00f3 este martes que el paquete de reformas constitucionales que present\u00f3 el lunes, fue porque se aproximan las elecciones que definir\u00e1n, dijo, no solo a un candidato o partido sino tambi\u00e9n un proyecto de naci\u00f3n.<\/p>\n\n\n\n<p>\u00ab(Se presentaron) porque hasta ahora se dieron las condiciones y adem\u00e1s porque vienen las elecciones y el pueblo va a decidir\u201d, dijo el mandatario en su rueda de prensa matutina, adem\u00e1s de expresar que una elecci\u00f3n no es nada m\u00e1s para ver qu\u00e9 candidato, partido, alianza o coalici\u00f3n gana, \u201cuna elecci\u00f3n es tambi\u00e9n para definir un proyecto de naci\u00f3n\u201d.<\/p>\n\n\n\n<p>El mandatario federal se refiri\u00f3 as\u00ed al paquete de 20 reformas, 18 de ellas constitucionales y dos legales que present\u00f3 este 5 de febrero para eliminar una serie de \u201cart\u00edculos antipopulares\u201d, \u201cdevolver la grandeza\u201d a la Carta Magna y protegerla de los \u201creaccionarios\u201d a cuatro meses de que se celebren las elecciones federales.<\/p>\n\n\n\n<p>Cabe mencionar que L\u00f3pez Obrador defendi\u00f3 que las reformas tienen como objetivo que en casi de que regresen al poder los partidos de oposici\u00f3n les resulte \u201cmuy dif\u00edcil\u201d revertir esta nueva situaci\u00f3n y que \u201clas nuevas generaciones puedan recuperar el camino de la justicia, la paz y la democracia\u201d.(Fuente: LD\/Foto: EFE\/Xeva)<\/p>\n","protected":false},"excerpt":{"rendered":"<p>(Redaccion) El mandatario federal se refiri\u00f3 as\u00ed al paquete de 20 reformas, 18 de ellas constitucionales y dos legales que present\u00f3 este 5 de febrero para eliminar una serie de \u201cart\u00edculos antipopulares\u201d, \u201cdevolver la grandeza\u201d a la Carta Magna y protegerla de los \u201creaccionarios\u201d a cuatro meses de que se celebren las elecciones federales Ciudad [&hellip;]<\/p>\n","protected":false},"author":1,"featured_media":237624,"comment_status":"open","ping_status":"open","sticky":false,"template":"","format":"standard","meta":{"footnotes":""},"categories":[8],"tags":[],"class_list":["post-237623","post","type-post","status-publish","format-standard","has-post-thumbnail","hentry","category-pais","entry","has-media"],"jetpack_featured_media_url":"http:\/\/vertienteglobal.com\/wp-content\/uploads\/2024\/02\/225522xeva20240206112840.webp","_links":{"self":[{"href":"http:\/\/vertienteglobal.com\/index.php?rest_route=\/wp\/v2\/posts\/237623","targetHints":{"allow":["GET"]}}],"collection":[{"href":"http:\/\/vertienteglobal.com\/index.php?rest_route=\/wp\/v2\/posts"}],"about":[{"href":"http:\/\/vertienteglobal.com\/index.php?rest_route=\/wp\/v2\/types\/post"}],"author":[{"embeddable":true,"href":"http:\/\/vertienteglobal.com\/index.php?rest_route=\/wp\/v2\/users\/1"}],"replies":[{"embeddable":true,"href":"http:\/\/vertienteglobal.com\/index.php?rest_route=%2Fwp%2Fv2%2Fcomments&post=237623"}],"version-history":[{"count":0,"href":"http:\/\/vertienteglobal.com\/index.php?rest_route=\/wp\/v2\/posts\/237623\/revisions"}],"wp:featuredmedia":[{"embeddable":true,"href":"http:\/\/vertienteglobal.com\/index.php?rest_route=\/wp\/v2\/media\/237624"}],"wp:attachment":[{"href":"http:\/\/vertienteglobal.com\/index.php?rest_route=%2Fwp%2Fv2%2Fmedia&parent=237623"}],"wp:term":[{"taxonomy":"category","embeddable":true,"href":"http:\/\/vertienteglobal.com\/index.php?rest_route=%2Fwp%2Fv2%2Fcategories&post=237623"},{"taxonomy":"post_tag","embeddable":true,"href":"http:\/\/vertienteglobal.com\/index.php?rest_route=%2Fwp%2Fv2%2Ftags&post=237623"}],"curies":[{"name":"wp","href":"https:\/\/api.w.org\/{rel}","templated":true}]}}