{"id":237540,"date":"2024-02-04T18:53:00","date_gmt":"2024-02-05T00:53:00","guid":{"rendered":"http:\/\/vertienteglobal.com\/?p=237540"},"modified":"2024-02-06T15:26:12","modified_gmt":"2024-02-06T21:26:12","slug":"se-abre-a-la-circulacion-la-prolongacion-chac-mool-para-beneficio-de-la-benitojuarenses","status":"publish","type":"post","link":"http:\/\/vertienteglobal.com\/?p=237540","title":{"rendered":"Se abre a la circulaci\u00f3n la prolongaci\u00f3n Chac Mool para beneficio de la benitojuarenses"},"content":{"rendered":"\n<div class=\"twitterbutton\" style=\"float: right; padding-left: 5px;\"><a href=\"http:\/\/twitter.com\/share\" class=\"twitter-share-button\" data-count=\"horizontal\" data-text=\"Se abre a la circulaci\u00f3n la prolongaci\u00f3n Chac Mool para beneficio de la benito...\" data-via=\"https:\/\/twitter.com\/VertienteGloba1\" data-url=\"http:\/\/vertienteglobal.com\/?p=237540\" data-lang=\"es\" data-related=\"Informaci\u00f3n general:S\u00edguenos para que est\u00e9ss informado\"><\/a><\/div>\n<figure class=\"wp-block-image size-full\"><img loading=\"lazy\" decoding=\"async\" width=\"585\" height=\"390\" src=\"http:\/\/vertienteglobal.com\/wp-content\/uploads\/2024\/02\/Mara0001-585x390-1.jpg\" alt=\"\" class=\"wp-image-237541\" srcset=\"http:\/\/vertienteglobal.com\/wp-content\/uploads\/2024\/02\/Mara0001-585x390-1.jpg 585w, http:\/\/vertienteglobal.com\/wp-content\/uploads\/2024\/02\/Mara0001-585x390-1-300x200.jpg 300w, http:\/\/vertienteglobal.com\/wp-content\/uploads\/2024\/02\/Mara0001-585x390-1-150x100.jpg 150w\" sizes=\"auto, (max-width: 585px) 100vw, 585px\" \/><\/figure>\n\n\n\n<p>(Redaccion)<\/p>\n\n\n\n<p>La gobernadora Mara Lezama indic\u00f3 que esta obra mejorar\u00e1 la movilidad entre la avenida Huayac\u00e1n y el Bulevard Colosio<\/p>\n\n\n\n<p>Canc\u00fan, Quintana Roo 04 de febrero del 2024.- La obra de la prolongaci\u00f3n de la avenida Chac Mool, una vialidad tan necesaria para descongestionar el tr\u00e1fico y mejorar la movilidad en Canc\u00fan, fue abierta a la circulaci\u00f3n a partir de este domingo, afirm\u00f3 la gobernadora Mara Lezama Espinosa.<\/p>\n\n\n\n<p>En esta obra, de 4.5 kil\u00f3metros de extensi\u00f3n, dos carriles por sentido, pasos de fauna, guarniciones, banquetas, drenaje pluvial, se materializa el Nuevo Acuerdo por el Bienestar y Desarrollo de Quintana Roo, pues suma el esfuerzo de todas y todos, destac\u00f3 la Gobernadora.<\/p>\n\n\n\n<p>Mara Lezama agradeci\u00f3 al presidente de M\u00e9xico, Andr\u00e9s Manuel L\u00f3pez Obrador la inversi\u00f3n destinada para realizar esta obra, que se suma a magnas inversiones que se realizan en el Estado y que est\u00e1n haciendo justicia social.<\/p>\n\n\n\n<p>Asimismo, destac\u00f3 el trabajo y la mano de obra de los trabajadores que d\u00eda a d\u00eda dieron su mejor esfuerzo para la construcci\u00f3n de la avenida Chac Mool que une a la avenida Huayac\u00e1n con el Bulevard Colosio.<\/p>\n\n\n\n<p>Al ponerse en servicio esta obra ya totalmente se\u00f1alizada para la seguridad de quienes la usen, se transforma tambi\u00e9n al municipio que no para de crecer, y se atiende una necesidad de las personas porque en este gobierno humanista y progresista, la gente est\u00e1 en el centro de las acciones<\/p>\n\n\n\n<figure class=\"wp-block-image size-large\"><img loading=\"lazy\" decoding=\"async\" width=\"1024\" height=\"644\" src=\"http:\/\/vertienteglobal.com\/wp-content\/uploads\/2024\/02\/Mara0003-scaled-1-1024x644.jpg\" alt=\"\" class=\"wp-image-237542\" srcset=\"http:\/\/vertienteglobal.com\/wp-content\/uploads\/2024\/02\/Mara0003-scaled-1-1024x644.jpg 1024w, http:\/\/vertienteglobal.com\/wp-content\/uploads\/2024\/02\/Mara0003-scaled-1-300x189.jpg 300w, http:\/\/vertienteglobal.com\/wp-content\/uploads\/2024\/02\/Mara0003-scaled-1-150x94.jpg 150w, http:\/\/vertienteglobal.com\/wp-content\/uploads\/2024\/02\/Mara0003-scaled-1-768x483.jpg 768w, http:\/\/vertienteglobal.com\/wp-content\/uploads\/2024\/02\/Mara0003-scaled-1-1536x967.jpg 1536w, http:\/\/vertienteglobal.com\/wp-content\/uploads\/2024\/02\/Mara0003-scaled-1-2048x1289.jpg 2048w\" sizes=\"auto, (max-width: 1024px) 100vw, 1024px\" \/><\/figure>\n\n\n\n<figure class=\"wp-block-image size-full\"><img loading=\"lazy\" decoding=\"async\" width=\"585\" height=\"387\" src=\"http:\/\/vertienteglobal.com\/wp-content\/uploads\/2024\/02\/Mara0002-585x387-1.jpg\" alt=\"\" class=\"wp-image-237543\" srcset=\"http:\/\/vertienteglobal.com\/wp-content\/uploads\/2024\/02\/Mara0002-585x387-1.jpg 585w, http:\/\/vertienteglobal.com\/wp-content\/uploads\/2024\/02\/Mara0002-585x387-1-300x198.jpg 300w, http:\/\/vertienteglobal.com\/wp-content\/uploads\/2024\/02\/Mara0002-585x387-1-150x99.jpg 150w\" sizes=\"auto, (max-width: 585px) 100vw, 585px\" \/><\/figure>\n","protected":false},"excerpt":{"rendered":"<p>(Redaccion) La gobernadora Mara Lezama indic\u00f3 que esta obra mejorar\u00e1 la movilidad entre la avenida Huayac\u00e1n y el Bulevard Colosio Canc\u00fan, Quintana Roo 04 de febrero del 2024.- La obra de la prolongaci\u00f3n de la avenida Chac Mool, una vialidad tan necesaria para descongestionar el tr\u00e1fico y mejorar la movilidad en Canc\u00fan, fue abierta a [&hellip;]<\/p>\n","protected":false},"author":1,"featured_media":237542,"comment_status":"open","ping_status":"open","sticky":false,"template":"","format":"standard","meta":{"footnotes":""},"categories":[3],"tags":[],"class_list":["post-237540","post","type-post","status-publish","format-standard","has-post-thumbnail","hentry","category-quintana-roo","entry","has-media"],"jetpack_featured_media_url":"http:\/\/vertienteglobal.com\/wp-content\/uploads\/2024\/02\/Mara0003-scaled-1.jpg","_links":{"self":[{"href":"http:\/\/vertienteglobal.com\/index.php?rest_route=\/wp\/v2\/posts\/237540","targetHints":{"allow":["GET"]}}],"collection":[{"href":"http:\/\/vertienteglobal.com\/index.php?rest_route=\/wp\/v2\/posts"}],"about":[{"href":"http:\/\/vertienteglobal.com\/index.php?rest_route=\/wp\/v2\/types\/post"}],"author":[{"embeddable":true,"href":"http:\/\/vertienteglobal.com\/index.php?rest_route=\/wp\/v2\/users\/1"}],"replies":[{"embeddable":true,"href":"http:\/\/vertienteglobal.com\/index.php?rest_route=%2Fwp%2Fv2%2Fcomments&post=237540"}],"version-history":[{"count":0,"href":"http:\/\/vertienteglobal.com\/index.php?rest_route=\/wp\/v2\/posts\/237540\/revisions"}],"wp:featuredmedia":[{"embeddable":true,"href":"http:\/\/vertienteglobal.com\/index.php?rest_route=\/wp\/v2\/media\/237542"}],"wp:attachment":[{"href":"http:\/\/vertienteglobal.com\/index.php?rest_route=%2Fwp%2Fv2%2Fmedia&parent=237540"}],"wp:term":[{"taxonomy":"category","embeddable":true,"href":"http:\/\/vertienteglobal.com\/index.php?rest_route=%2Fwp%2Fv2%2Fcategories&post=237540"},{"taxonomy":"post_tag","embeddable":true,"href":"http:\/\/vertienteglobal.com\/index.php?rest_route=%2Fwp%2Fv2%2Ftags&post=237540"}],"curies":[{"name":"wp","href":"https:\/\/api.w.org\/{rel}","templated":true}]}}