{"id":237367,"date":"2024-01-02T09:52:00","date_gmt":"2024-01-02T15:52:00","guid":{"rendered":"http:\/\/vertienteglobal.com\/?p=237367"},"modified":"2024-02-01T09:57:11","modified_gmt":"2024-02-01T15:57:11","slug":"seq-inicia-el-proceso-de-inscripcion-a-educacion-primaria-y-secundaria","status":"publish","type":"post","link":"http:\/\/vertienteglobal.com\/?p=237367","title":{"rendered":"SEQ inicia el proceso de inscripci\u00f3n a educaci\u00f3n primaria y secundaria"},"content":{"rendered":"\n<div class=\"twitterbutton\" style=\"float: right; padding-left: 5px;\"><a href=\"http:\/\/twitter.com\/share\" class=\"twitter-share-button\" data-count=\"horizontal\" data-text=\"SEQ inicia el proceso de inscripci\u00f3n a educaci\u00f3n primaria y secundaria\" data-via=\"https:\/\/twitter.com\/VertienteGloba1\" data-url=\"http:\/\/vertienteglobal.com\/?p=237367\" data-lang=\"es\" data-related=\"Informaci\u00f3n general:S\u00edguenos para que est\u00e9ss informado\"><\/a><\/div>\n<figure class=\"wp-block-image size-full\"><img loading=\"lazy\" decoding=\"async\" width=\"720\" height=\"540\" src=\"http:\/\/vertienteglobal.com\/wp-content\/uploads\/2024\/02\/FB_IMG_1706802778635.jpg\" alt=\"\" class=\"wp-image-237368\" srcset=\"http:\/\/vertienteglobal.com\/wp-content\/uploads\/2024\/02\/FB_IMG_1706802778635.jpg 720w, http:\/\/vertienteglobal.com\/wp-content\/uploads\/2024\/02\/FB_IMG_1706802778635-300x225.jpg 300w, http:\/\/vertienteglobal.com\/wp-content\/uploads\/2024\/02\/FB_IMG_1706802778635-150x113.jpg 150w\" sizes=\"auto, (max-width: 720px) 100vw, 720px\" \/><\/figure>\n\n\n\n<p>(Redaccion)<\/p>\n\n\n\n<p>Se abre el registro para quienes cumplen seis a\u00f1os el 31 de diciembre del 2024 y para inscribirse a secundarias generales y t\u00e9cnicas los estudiantes deben ser menores de 15 a\u00f1os al inicio del ciclo escolar<\/p>\n\n\n\n<p>Chetumal, Quintana Roo 31 de enero del 2024.-La Secretar\u00eda de Educaci\u00f3n de Quintana Roo (SEQ), informa a la comunidad educativa que el proceso de inscripciones de educaci\u00f3n b\u00e1sica 2024-2025, se llevar\u00e1 a cabo del 1 al 15 de febrero del presente a\u00f1o a trav\u00e9s de la p\u00e1gina web https:\/\/padresenlinea.seq.gob.mx.<\/p>\n\n\n\n<p>En cumplimiento del compromiso de la gobernadora Mara Lezama Espinosa y con base al Nuevo Acuerdo por el Bienestar y Desarrollo de Quintana Roo, se implementa una educaci\u00f3n integral, inclusiva e igualitaria para que ninguna ni\u00f1a, ni\u00f1o, adolescente y joven se quede sin estudiar y con ello cerrar las brechas de desigualdad.<\/p>\n\n\n\n<p>Por ello, la SEQ inicia el proceso de inscripci\u00f3n en l\u00ednea para primaria y secundaria, con el objetivo de facilitar y agilizar los procesos de inscripciones correspondientes al ciclo escolar 2024-2025 en el estado.<\/p>\n\n\n\n<p>A primero de primaria deber\u00e1n inscribirse las y los alumnos que cumplen seis a\u00f1os el 31 de diciembre del 2024 y para inscribirse a secundarias generales y t\u00e9cnicas, el estudiante debe ser menor de 15 a\u00f1os al inicio del ciclo escolar.<\/p>\n\n\n\n<p>Si su hijo o hija est\u00e1 por salir de preescolar o primaria, se le otorgar\u00e1 autom\u00e1ticamente una vinculaci\u00f3n a la escuela primaria o secundaria donde actualmente estudia su hermano(a) mayor.<\/p>\n\n\n\n<p>Esta informaci\u00f3n puede ser verificada en l\u00ednea a trav\u00e9s del portal https:\/\/padresenlinea.seq.gob.mx, utilizando su usuario \u00f3 contrase\u00f1a.<\/p>\n\n\n\n<p>En dicho portal se debe hacer clic en \u00abRegistro de Hermanos\u00bb, para consultar la vinculaci\u00f3n correspondiente.<\/p>\n\n\n\n<p>Cabe mencionar que el tr\u00e1mite es personal, en l\u00ednea y gratuito, y los exhortamos a no compartir informaci\u00f3n personal de su hijo o hija con un desconocido para que realice el tr\u00e1mite.<\/p>\n\n\n\n<p>Asimismo, recomendamos que antes de iniciar el procedimiento, deber\u00e1 contar con el usuario \u00f3 contrase\u00f1a, el cual obtienen en la plataforma, cuando se registran la primera vez en Padres en L\u00ednea y guardarlo bien para futuros tr\u00e1mites.<\/p>\n\n\n\n<figure class=\"wp-block-image size-full\"><img loading=\"lazy\" decoding=\"async\" width=\"720\" height=\"479\" src=\"http:\/\/vertienteglobal.com\/wp-content\/uploads\/2024\/02\/FB_IMG_1706802781031.jpg\" alt=\"\" class=\"wp-image-237369\" srcset=\"http:\/\/vertienteglobal.com\/wp-content\/uploads\/2024\/02\/FB_IMG_1706802781031.jpg 720w, http:\/\/vertienteglobal.com\/wp-content\/uploads\/2024\/02\/FB_IMG_1706802781031-300x200.jpg 300w, http:\/\/vertienteglobal.com\/wp-content\/uploads\/2024\/02\/FB_IMG_1706802781031-150x100.jpg 150w\" sizes=\"auto, (max-width: 720px) 100vw, 720px\" \/><\/figure>\n\n\n\n<figure class=\"wp-block-image size-full\"><img loading=\"lazy\" decoding=\"async\" width=\"720\" height=\"479\" src=\"http:\/\/vertienteglobal.com\/wp-content\/uploads\/2024\/02\/FB_IMG_1706802783494.jpg\" alt=\"\" class=\"wp-image-237370\" srcset=\"http:\/\/vertienteglobal.com\/wp-content\/uploads\/2024\/02\/FB_IMG_1706802783494.jpg 720w, http:\/\/vertienteglobal.com\/wp-content\/uploads\/2024\/02\/FB_IMG_1706802783494-300x200.jpg 300w, http:\/\/vertienteglobal.com\/wp-content\/uploads\/2024\/02\/FB_IMG_1706802783494-150x100.jpg 150w\" sizes=\"auto, (max-width: 720px) 100vw, 720px\" \/><\/figure>\n\n\n\n<figure class=\"wp-block-image size-full\"><img loading=\"lazy\" decoding=\"async\" width=\"720\" height=\"479\" src=\"http:\/\/vertienteglobal.com\/wp-content\/uploads\/2024\/02\/FB_IMG_1706802785692.jpg\" alt=\"\" class=\"wp-image-237371\" srcset=\"http:\/\/vertienteglobal.com\/wp-content\/uploads\/2024\/02\/FB_IMG_1706802785692.jpg 720w, http:\/\/vertienteglobal.com\/wp-content\/uploads\/2024\/02\/FB_IMG_1706802785692-300x200.jpg 300w, http:\/\/vertienteglobal.com\/wp-content\/uploads\/2024\/02\/FB_IMG_1706802785692-150x100.jpg 150w\" sizes=\"auto, (max-width: 720px) 100vw, 720px\" \/><\/figure>\n","protected":false},"excerpt":{"rendered":"<p>(Redaccion) Se abre el registro para quienes cumplen seis a\u00f1os el 31 de diciembre del 2024 y para inscribirse a secundarias generales y t\u00e9cnicas los estudiantes deben ser menores de 15 a\u00f1os al inicio del ciclo escolar Chetumal, Quintana Roo 31 de enero del 2024.-La Secretar\u00eda de Educaci\u00f3n de Quintana Roo (SEQ), informa a la [&hellip;]<\/p>\n","protected":false},"author":1,"featured_media":237370,"comment_status":"open","ping_status":"open","sticky":false,"template":"","format":"standard","meta":{"footnotes":""},"categories":[9,3],"tags":[],"class_list":["post-237367","post","type-post","status-publish","format-standard","has-post-thumbnail","hentry","category-educacion","category-quintana-roo","entry","has-media"],"jetpack_featured_media_url":"http:\/\/vertienteglobal.com\/wp-content\/uploads\/2024\/02\/FB_IMG_1706802783494.jpg","_links":{"self":[{"href":"http:\/\/vertienteglobal.com\/index.php?rest_route=\/wp\/v2\/posts\/237367","targetHints":{"allow":["GET"]}}],"collection":[{"href":"http:\/\/vertienteglobal.com\/index.php?rest_route=\/wp\/v2\/posts"}],"about":[{"href":"http:\/\/vertienteglobal.com\/index.php?rest_route=\/wp\/v2\/types\/post"}],"author":[{"embeddable":true,"href":"http:\/\/vertienteglobal.com\/index.php?rest_route=\/wp\/v2\/users\/1"}],"replies":[{"embeddable":true,"href":"http:\/\/vertienteglobal.com\/index.php?rest_route=%2Fwp%2Fv2%2Fcomments&post=237367"}],"version-history":[{"count":0,"href":"http:\/\/vertienteglobal.com\/index.php?rest_route=\/wp\/v2\/posts\/237367\/revisions"}],"wp:featuredmedia":[{"embeddable":true,"href":"http:\/\/vertienteglobal.com\/index.php?rest_route=\/wp\/v2\/media\/237370"}],"wp:attachment":[{"href":"http:\/\/vertienteglobal.com\/index.php?rest_route=%2Fwp%2Fv2%2Fmedia&parent=237367"}],"wp:term":[{"taxonomy":"category","embeddable":true,"href":"http:\/\/vertienteglobal.com\/index.php?rest_route=%2Fwp%2Fv2%2Fcategories&post=237367"},{"taxonomy":"post_tag","embeddable":true,"href":"http:\/\/vertienteglobal.com\/index.php?rest_route=%2Fwp%2Fv2%2Ftags&post=237367"}],"curies":[{"name":"wp","href":"https:\/\/api.w.org\/{rel}","templated":true}]}}