{"id":237195,"date":"2024-01-25T11:32:00","date_gmt":"2024-01-25T17:32:00","guid":{"rendered":"http:\/\/vertienteglobal.com\/?p=237195"},"modified":"2024-01-25T12:20:47","modified_gmt":"2024-01-25T18:20:47","slug":"incrementa-23-5-visitas-a-zonas-arqueologicas-de-la-ruta-del-tren-maya-en-2023-inah","status":"publish","type":"post","link":"http:\/\/vertienteglobal.com\/?p=237195","title":{"rendered":"Incrementa 23.5% visitas a zonas arqueol\u00f3gicas de la ruta del Tren Maya en 2023: INAH"},"content":{"rendered":"\n<div class=\"twitterbutton\" style=\"float: right; padding-left: 5px;\"><a href=\"http:\/\/twitter.com\/share\" class=\"twitter-share-button\" data-count=\"horizontal\" data-text=\"Incrementa 23.5% visitas a zonas arqueol\u00f3gicas de la ruta del Tren Maya en 2023...\" data-via=\"https:\/\/twitter.com\/VertienteGloba1\" data-url=\"http:\/\/vertienteglobal.com\/?p=237195\" data-lang=\"es\" data-related=\"Informaci\u00f3n general:S\u00edguenos para que est\u00e9ss informado\"><\/a><\/div>\n<figure class=\"wp-block-image size-full\"><img loading=\"lazy\" decoding=\"async\" width=\"1024\" height=\"683\" src=\"http:\/\/vertienteglobal.com\/wp-content\/uploads\/2024\/01\/224660xeva20240125121426.webp\" alt=\"\" class=\"wp-image-237196\" srcset=\"http:\/\/vertienteglobal.com\/wp-content\/uploads\/2024\/01\/224660xeva20240125121426.webp 1024w, http:\/\/vertienteglobal.com\/wp-content\/uploads\/2024\/01\/224660xeva20240125121426-300x200.webp 300w, http:\/\/vertienteglobal.com\/wp-content\/uploads\/2024\/01\/224660xeva20240125121426-150x100.webp 150w, http:\/\/vertienteglobal.com\/wp-content\/uploads\/2024\/01\/224660xeva20240125121426-768x512.webp 768w\" sizes=\"auto, (max-width: 1024px) 100vw, 1024px\" \/><\/figure>\n\n\n\n<p>(Redaccion)<\/p>\n\n\n\n<p>Prieto expus\u00f3 que al menos en Chich\u00e9n Itz\u00e1 el incremento ha sido del 17 por ciento en 2023 con respecto al 2022; en Uxmal del 20 por ciento; en Tulum del 23 por ciento y en total en el \u00e1rea, ya que muchas zonas peque\u00f1as han tenido incrementos considerables<\/p>\n\n\n\n<p>Ciudad de M\u00e9xico 25 de enero del 2024.-El director del Instituto Nacional de Antropolog\u00eda (INAH), Diego Prieto, dio a conocer que como consecuencia de las obras del Tren Maya se tuvo un increment\u00f3 en 2023 en las zonas arqueol\u00f3gicas con un 23. 5 por ciento de visitantes en los sitios que se encuentran en la ruta de este nuevo medio de transporte.<\/p>\n\n\n\n<p>Y es que este jueves en la conferencia de prensa ma\u00f1anera, ante ello dijo que \u201chemos tenido un incremento notable en la afluencia de visitantes a las zonas arqueol\u00f3gicas de todo el pa\u00eds, pero particularmente el \u00e1rea Maya y muy particularmente de las zonas cercanas a la ruta del Tren Maya que est\u00e1n en el Promesa Tren Maya\u201d.<\/p>\n\n\n\n<p>Ante ello, Prieto expus\u00f3 que al menos en Chich\u00e9n Itz\u00e1 el incremento ha sido del 17 por ciento en 2023 con respecto al 2022; en Uxmal del 20 por ciento; en Tulum del 23 por ciento y en total en el \u00e1rea, ya que muchas zonas peque\u00f1as han tenido incrementos considerables.<\/p>\n\n\n\n<p>\u201cEl incremento es del 23.5% y solo en Chich\u00e9n Itz\u00e1 en el a\u00f1o 2023 tuvimos la visita de 2 millones 330,000 visitantes extranjeros y nacionales y solo el d\u00eda de antier, 23 de enero, rompimos el r\u00e9cord de visitas en un solo d\u00eda que no fuera Equinoccio de Primavera y llegaron 7,500 visitantes\u201d asegur\u00f3 el director del INAH.(Fuente: (AgenciasFoto: freepik\/Xeva)<\/p>\n","protected":false},"excerpt":{"rendered":"<p>(Redaccion) Prieto expus\u00f3 que al menos en Chich\u00e9n Itz\u00e1 el incremento ha sido del 17 por ciento en 2023 con respecto al 2022; en Uxmal del 20 por ciento; en Tulum del 23 por ciento y en total en el \u00e1rea, ya que muchas zonas peque\u00f1as han tenido incrementos considerables Ciudad de M\u00e9xico 25 de [&hellip;]<\/p>\n","protected":false},"author":1,"featured_media":237196,"comment_status":"open","ping_status":"open","sticky":false,"template":"","format":"standard","meta":{"footnotes":""},"categories":[8],"tags":[],"class_list":["post-237195","post","type-post","status-publish","format-standard","has-post-thumbnail","hentry","category-pais","entry","has-media"],"jetpack_featured_media_url":"http:\/\/vertienteglobal.com\/wp-content\/uploads\/2024\/01\/224660xeva20240125121426.webp","_links":{"self":[{"href":"http:\/\/vertienteglobal.com\/index.php?rest_route=\/wp\/v2\/posts\/237195","targetHints":{"allow":["GET"]}}],"collection":[{"href":"http:\/\/vertienteglobal.com\/index.php?rest_route=\/wp\/v2\/posts"}],"about":[{"href":"http:\/\/vertienteglobal.com\/index.php?rest_route=\/wp\/v2\/types\/post"}],"author":[{"embeddable":true,"href":"http:\/\/vertienteglobal.com\/index.php?rest_route=\/wp\/v2\/users\/1"}],"replies":[{"embeddable":true,"href":"http:\/\/vertienteglobal.com\/index.php?rest_route=%2Fwp%2Fv2%2Fcomments&post=237195"}],"version-history":[{"count":0,"href":"http:\/\/vertienteglobal.com\/index.php?rest_route=\/wp\/v2\/posts\/237195\/revisions"}],"wp:featuredmedia":[{"embeddable":true,"href":"http:\/\/vertienteglobal.com\/index.php?rest_route=\/wp\/v2\/media\/237196"}],"wp:attachment":[{"href":"http:\/\/vertienteglobal.com\/index.php?rest_route=%2Fwp%2Fv2%2Fmedia&parent=237195"}],"wp:term":[{"taxonomy":"category","embeddable":true,"href":"http:\/\/vertienteglobal.com\/index.php?rest_route=%2Fwp%2Fv2%2Fcategories&post=237195"},{"taxonomy":"post_tag","embeddable":true,"href":"http:\/\/vertienteglobal.com\/index.php?rest_route=%2Fwp%2Fv2%2Ftags&post=237195"}],"curies":[{"name":"wp","href":"https:\/\/api.w.org\/{rel}","templated":true}]}}