{"id":237080,"date":"2024-01-23T21:53:00","date_gmt":"2024-01-24T03:53:00","guid":{"rendered":"http:\/\/vertienteglobal.com\/?p=237080"},"modified":"2024-01-24T21:13:11","modified_gmt":"2024-01-25T03:13:11","slug":"anuncian-primer-congreso-iberoamericano-de-turismo-sustentable-justo-e-inclusivo-en-cancun","status":"publish","type":"post","link":"http:\/\/vertienteglobal.com\/?p=237080","title":{"rendered":"Anuncian Primer Congreso Iberoamericano de Turismo Sustentable, Justo e Inclusivo en Canc\u00fan"},"content":{"rendered":"\n<div class=\"twitterbutton\" style=\"float: right; padding-left: 5px;\"><a href=\"http:\/\/twitter.com\/share\" class=\"twitter-share-button\" data-count=\"horizontal\" data-text=\"Anuncian Primer Congreso Iberoamericano de Turismo Sustentable, Justo e Inclusiv...\" data-via=\"https:\/\/twitter.com\/VertienteGloba1\" data-url=\"http:\/\/vertienteglobal.com\/?p=237080\" data-lang=\"es\" data-related=\"Informaci\u00f3n general:S\u00edguenos para que est\u00e9ss informado\"><\/a><\/div>\n<figure class=\"wp-block-image size-large\"><img loading=\"lazy\" decoding=\"async\" width=\"1024\" height=\"682\" src=\"http:\/\/vertienteglobal.com\/wp-content\/uploads\/2024\/01\/Mara-5-1024x682.jpg\" alt=\"\" class=\"wp-image-237081\" srcset=\"http:\/\/vertienteglobal.com\/wp-content\/uploads\/2024\/01\/Mara-5-1024x682.jpg 1024w, http:\/\/vertienteglobal.com\/wp-content\/uploads\/2024\/01\/Mara-5-300x200.jpg 300w, http:\/\/vertienteglobal.com\/wp-content\/uploads\/2024\/01\/Mara-5-150x100.jpg 150w, http:\/\/vertienteglobal.com\/wp-content\/uploads\/2024\/01\/Mara-5-768x512.jpg 768w, http:\/\/vertienteglobal.com\/wp-content\/uploads\/2024\/01\/Mara-5-1536x1023.jpg 1536w, http:\/\/vertienteglobal.com\/wp-content\/uploads\/2024\/01\/Mara-5.jpg 1600w\" sizes=\"auto, (max-width: 1024px) 100vw, 1024px\" \/><\/figure>\n\n\n\n<p>(Redaccion)<\/p>\n\n\n\n<p>Autoridades del Gobierno del Estado y del Ayuntamiento de Benito Ju\u00e1rez destacaron la importancia de la sustentabilidad en Quintana Roo, donde se trabaja con un Plan Maestro de Turismo Sustentable 2030<\/p>\n\n\n\n<p>Madrid, Espa\u00f1a, 23 de enero de 2024.- La gobernadora Mara Lezama Espinosa y la presidenta municipal de Benito Ju\u00e1rez anunciaron el Primer Congreso Iberoamericano de Turismo Sustentable, Justo e Inclusivo que tendr\u00e1 su sede en Canc\u00fan, Quintana Roo, del 19 al 22 de marzo pr\u00f3ximos.<\/p>\n\n\n\n<p>Mara Lezama expres\u00f3 que en el caso de Quintana Roo, desde el primer d\u00eda de este nuevo gobierno humanista y progresista, \u201centendimos la necesidad de trabajar de la mano de los tres \u00f3rdenes de gobierno, de todos los sectores representativos junto a la sociedad civil y promovimos el Nuevo Acuerdo por el Bienestar y Desarrollo de Quintana Roo como mecanismo articulador de consensos y acciones\u201d.<\/p>\n\n\n\n<p>\u201cEs por ello, que este Congreso reafirmar\u00e1 nuestra filosof\u00eda de pensamiento y de gobierno en el sentido que un turismo respetuoso con la naturaleza y la cultura, fortalece econ\u00f3micamente y socialmente las comunidades donde se desarrolla, garantizando la integridad de sus recursos para el futuro\u201d, a\u00f1adi\u00f3.<\/p>\n\n\n\n<p>Ante los asistentes a esta presentaci\u00f3n, en la que estuvo el coordinador del \u00e1rea de inversi\u00f3n, educaci\u00f3n e innovaci\u00f3n de la Organizaci\u00f3n Mundial de Turismo (OMT) Peter James, la titular del Ejecutivo expuso que Quintana Roo es un estado rico en biodiversidad y se tiene que pensar en el desarrollo sostenible y sustentable, de ah\u00ed la importancia de celebrar este Congreso organizado por la Secretar\u00eda Municipal de Turismo, la Federaci\u00f3n Iberoamericana de J\u00f3venes Empresarios (FIJE), el Consejo de Empresarios Iberoamericanos (CEIB) y la Confederaci\u00f3n Espa\u00f1ola de Organizaciones Empresariales (CEOE).<\/p>\n\n\n\n<p>El Congreso contar\u00e1 con la participaci\u00f3n de representantes de gobiernos, empresas, organizaciones de la sociedad civil y academia de toda la regi\u00f3n iberoamericana y tiene el potencial de ser un evento transformador para el turismo; los asistentes tendr\u00e1n la oportunidad de compartir experiencias, aprender sobre las mejores pr\u00e1cticas y desarrollar nuevas alianzas para avanzar en el turismo sostenible, justo e inclusivo en la regi\u00f3n.<\/p>\n\n\n\n<p>Estuvieron en este lanzamiento Narciso Casado, secretario permanente del Consejo de Empresarios Iberoamericanos; Antonio Magraner, secretario general de la Federaci\u00f3n Iberoamericana de J\u00f3venes Empresarios; Jorge S\u00e1nchez Cata\u00f1o, agregado de Cooperaci\u00f3n Internacional y Educaci\u00f3n en la Embajada de M\u00e9xico.<\/p>\n\n\n\n<p>Por Quintana Roo, el secretario estatal de Turismo Bernardo Cueto Riestra; el director del Consejo de Promoci\u00f3n Tur\u00edstica de Quintana Roo Andr\u00e9s Mart\u00ednez Reynoso; las presidentas municipales de Cozumel, Juanita Alonso Marrufo; de Puerto Morelos, Blanca Merari Tziu, representantes de organizaciones empresariales y de medios de comunicaci\u00f3n.<\/p>\n\n\n\n<figure class=\"wp-block-image size-full\"><img loading=\"lazy\" decoding=\"async\" width=\"585\" height=\"390\" src=\"http:\/\/vertienteglobal.com\/wp-content\/uploads\/2024\/01\/Mara04-2-585x390-1.jpg\" alt=\"\" class=\"wp-image-237082\" srcset=\"http:\/\/vertienteglobal.com\/wp-content\/uploads\/2024\/01\/Mara04-2-585x390-1.jpg 585w, http:\/\/vertienteglobal.com\/wp-content\/uploads\/2024\/01\/Mara04-2-585x390-1-300x200.jpg 300w, http:\/\/vertienteglobal.com\/wp-content\/uploads\/2024\/01\/Mara04-2-585x390-1-150x100.jpg 150w\" sizes=\"auto, (max-width: 585px) 100vw, 585px\" \/><\/figure>\n\n\n\n<figure class=\"wp-block-image size-full\"><img loading=\"lazy\" decoding=\"async\" width=\"585\" height=\"390\" src=\"http:\/\/vertienteglobal.com\/wp-content\/uploads\/2024\/01\/Mara03-4-585x390-1.jpg\" alt=\"\" class=\"wp-image-237083\" srcset=\"http:\/\/vertienteglobal.com\/wp-content\/uploads\/2024\/01\/Mara03-4-585x390-1.jpg 585w, http:\/\/vertienteglobal.com\/wp-content\/uploads\/2024\/01\/Mara03-4-585x390-1-300x200.jpg 300w, http:\/\/vertienteglobal.com\/wp-content\/uploads\/2024\/01\/Mara03-4-585x390-1-150x100.jpg 150w\" sizes=\"auto, (max-width: 585px) 100vw, 585px\" \/><\/figure>\n\n\n\n<figure class=\"wp-block-image size-full\"><img loading=\"lazy\" decoding=\"async\" width=\"585\" height=\"390\" src=\"http:\/\/vertienteglobal.com\/wp-content\/uploads\/2024\/01\/Mara02-4-585x390-1.jpg\" alt=\"\" class=\"wp-image-237084\" srcset=\"http:\/\/vertienteglobal.com\/wp-content\/uploads\/2024\/01\/Mara02-4-585x390-1.jpg 585w, http:\/\/vertienteglobal.com\/wp-content\/uploads\/2024\/01\/Mara02-4-585x390-1-300x200.jpg 300w, http:\/\/vertienteglobal.com\/wp-content\/uploads\/2024\/01\/Mara02-4-585x390-1-150x100.jpg 150w\" sizes=\"auto, (max-width: 585px) 100vw, 585px\" \/><\/figure>\n","protected":false},"excerpt":{"rendered":"<p>(Redaccion) Autoridades del Gobierno del Estado y del Ayuntamiento de Benito Ju\u00e1rez destacaron la importancia de la sustentabilidad en Quintana Roo, donde se trabaja con un Plan Maestro de Turismo Sustentable 2030 Madrid, Espa\u00f1a, 23 de enero de 2024.- La gobernadora Mara Lezama Espinosa y la presidenta municipal de Benito Ju\u00e1rez anunciaron el Primer Congreso [&hellip;]<\/p>\n","protected":false},"author":1,"featured_media":237081,"comment_status":"open","ping_status":"open","sticky":false,"template":"","format":"standard","meta":{"footnotes":""},"categories":[8,3],"tags":[],"class_list":["post-237080","post","type-post","status-publish","format-standard","has-post-thumbnail","hentry","category-pais","category-quintana-roo","entry","has-media"],"jetpack_featured_media_url":"http:\/\/vertienteglobal.com\/wp-content\/uploads\/2024\/01\/Mara-5.jpg","_links":{"self":[{"href":"http:\/\/vertienteglobal.com\/index.php?rest_route=\/wp\/v2\/posts\/237080","targetHints":{"allow":["GET"]}}],"collection":[{"href":"http:\/\/vertienteglobal.com\/index.php?rest_route=\/wp\/v2\/posts"}],"about":[{"href":"http:\/\/vertienteglobal.com\/index.php?rest_route=\/wp\/v2\/types\/post"}],"author":[{"embeddable":true,"href":"http:\/\/vertienteglobal.com\/index.php?rest_route=\/wp\/v2\/users\/1"}],"replies":[{"embeddable":true,"href":"http:\/\/vertienteglobal.com\/index.php?rest_route=%2Fwp%2Fv2%2Fcomments&post=237080"}],"version-history":[{"count":0,"href":"http:\/\/vertienteglobal.com\/index.php?rest_route=\/wp\/v2\/posts\/237080\/revisions"}],"wp:featuredmedia":[{"embeddable":true,"href":"http:\/\/vertienteglobal.com\/index.php?rest_route=\/wp\/v2\/media\/237081"}],"wp:attachment":[{"href":"http:\/\/vertienteglobal.com\/index.php?rest_route=%2Fwp%2Fv2%2Fmedia&parent=237080"}],"wp:term":[{"taxonomy":"category","embeddable":true,"href":"http:\/\/vertienteglobal.com\/index.php?rest_route=%2Fwp%2Fv2%2Fcategories&post=237080"},{"taxonomy":"post_tag","embeddable":true,"href":"http:\/\/vertienteglobal.com\/index.php?rest_route=%2Fwp%2Fv2%2Ftags&post=237080"}],"curies":[{"name":"wp","href":"https:\/\/api.w.org\/{rel}","templated":true}]}}