{"id":236965,"date":"2024-01-21T06:24:00","date_gmt":"2024-01-21T12:24:00","guid":{"rendered":"http:\/\/vertienteglobal.com\/?p=236965"},"modified":"2024-01-23T06:22:16","modified_gmt":"2024-01-23T12:22:16","slug":"la-lengua-indigena-de-mexico-que-solo-hablan-dos-personas","status":"publish","type":"post","link":"http:\/\/vertienteglobal.com\/?p=236965","title":{"rendered":"La lengua ind\u00edgena de M\u00e9xico que solo hablan dos personas"},"content":{"rendered":"\n<div class=\"twitterbutton\" style=\"float: right; padding-left: 5px;\"><a href=\"http:\/\/twitter.com\/share\" class=\"twitter-share-button\" data-count=\"horizontal\" data-text=\"La lengua ind\u00edgena de M\u00e9xico que solo hablan dos personas\" data-via=\"https:\/\/twitter.com\/VertienteGloba1\" data-url=\"http:\/\/vertienteglobal.com\/?p=236965\" data-lang=\"es\" data-related=\"Informaci\u00f3n general:S\u00edguenos para que est\u00e9ss informado\"><\/a><\/div>\n<figure class=\"wp-block-image size-full\"><img loading=\"lazy\" decoding=\"async\" width=\"720\" height=\"454\" src=\"http:\/\/vertienteglobal.com\/wp-content\/uploads\/2024\/01\/FB_IMG_1706012094887.jpg\" alt=\"\" class=\"wp-image-236966\" srcset=\"http:\/\/vertienteglobal.com\/wp-content\/uploads\/2024\/01\/FB_IMG_1706012094887.jpg 720w, http:\/\/vertienteglobal.com\/wp-content\/uploads\/2024\/01\/FB_IMG_1706012094887-300x189.jpg 300w, http:\/\/vertienteglobal.com\/wp-content\/uploads\/2024\/01\/FB_IMG_1706012094887-150x95.jpg 150w\" sizes=\"auto, (max-width: 720px) 100vw, 720px\" \/><\/figure>\n\n\n\n<p>(Redaccion)<\/p>\n\n\n\n<p>Teresa y Dar\u00eda Armenda, t\u00eda y sobrina, son las \u00faltimas dos hablantes de ku\u2019ahl, quienes se rehusan a que la lengua quede en el olvido y realizan grandes esfuerzos para lograr su preservaci\u00f3n<\/p>\n\n\n\n<p>Ciudad de M\u00e9xico 21 de enero de 2024.-Oficialmente la lengua Ku\u2019ahl se considera muerta, sin embargo, a\u00fan existen dos personas que la hablan.<\/p>\n\n\n\n<p>En nuestro pa\u00eds han sido numerosas las lenguas que han desaparecido, principalmente porque sus hablantes la remplazan por el uso del castellano.<\/p>\n\n\n\n<p>Teresa y Dar\u00eda Armenda, t\u00eda y sobrina, son las \u00faltimas dos hablantes de ku\u2019ahl, quienes se rehusan a que la lengua quede en el olvido y realizan grandes esfuerzos para lograr su preservaci\u00f3n.<\/p>\n\n\n\n<p>Para ello, crearon el Museo Ku\u2019ahl, ubicado en un inmueble de peque\u00f1as dimensiones en Misi\u00f3n de Santa Catarina, Baja California.<\/p>\n\n\n\n<p>En sus paredes se encuentran pegados algunos pliegos de papel con palabras en la lengua ind\u00edgena y su traducci\u00f3n al espa\u00f1ol.<\/p>\n","protected":false},"excerpt":{"rendered":"<p>(Redaccion) Teresa y Dar\u00eda Armenda, t\u00eda y sobrina, son las \u00faltimas dos hablantes de ku\u2019ahl, quienes se rehusan a que la lengua quede en el olvido y realizan grandes esfuerzos para lograr su preservaci\u00f3n Ciudad de M\u00e9xico 21 de enero de 2024.-Oficialmente la lengua Ku\u2019ahl se considera muerta, sin embargo, a\u00fan existen dos personas que [&hellip;]<\/p>\n","protected":false},"author":1,"featured_media":236966,"comment_status":"open","ping_status":"open","sticky":false,"template":"","format":"standard","meta":{"footnotes":""},"categories":[8],"tags":[],"class_list":["post-236965","post","type-post","status-publish","format-standard","has-post-thumbnail","hentry","category-pais","entry","has-media"],"jetpack_featured_media_url":"http:\/\/vertienteglobal.com\/wp-content\/uploads\/2024\/01\/FB_IMG_1706012094887.jpg","_links":{"self":[{"href":"http:\/\/vertienteglobal.com\/index.php?rest_route=\/wp\/v2\/posts\/236965","targetHints":{"allow":["GET"]}}],"collection":[{"href":"http:\/\/vertienteglobal.com\/index.php?rest_route=\/wp\/v2\/posts"}],"about":[{"href":"http:\/\/vertienteglobal.com\/index.php?rest_route=\/wp\/v2\/types\/post"}],"author":[{"embeddable":true,"href":"http:\/\/vertienteglobal.com\/index.php?rest_route=\/wp\/v2\/users\/1"}],"replies":[{"embeddable":true,"href":"http:\/\/vertienteglobal.com\/index.php?rest_route=%2Fwp%2Fv2%2Fcomments&post=236965"}],"version-history":[{"count":0,"href":"http:\/\/vertienteglobal.com\/index.php?rest_route=\/wp\/v2\/posts\/236965\/revisions"}],"wp:featuredmedia":[{"embeddable":true,"href":"http:\/\/vertienteglobal.com\/index.php?rest_route=\/wp\/v2\/media\/236966"}],"wp:attachment":[{"href":"http:\/\/vertienteglobal.com\/index.php?rest_route=%2Fwp%2Fv2%2Fmedia&parent=236965"}],"wp:term":[{"taxonomy":"category","embeddable":true,"href":"http:\/\/vertienteglobal.com\/index.php?rest_route=%2Fwp%2Fv2%2Fcategories&post=236965"},{"taxonomy":"post_tag","embeddable":true,"href":"http:\/\/vertienteglobal.com\/index.php?rest_route=%2Fwp%2Fv2%2Ftags&post=236965"}],"curies":[{"name":"wp","href":"https:\/\/api.w.org\/{rel}","templated":true}]}}