{"id":236949,"date":"2024-01-19T13:53:00","date_gmt":"2024-01-19T19:53:00","guid":{"rendered":"http:\/\/vertienteglobal.com\/?p=236949"},"modified":"2024-01-23T06:09:16","modified_gmt":"2024-01-23T12:09:16","slug":"inaugura-eric-arcila-la-primera-edicion-del-mayan-wind-fest-2024-de-vela-2","status":"publish","type":"post","link":"http:\/\/vertienteglobal.com\/?p=236949","title":{"rendered":"Inaugura Eric Arcila la primera edici\u00f3n del \u201cMayan Wind Fest 2024\u201d de vela"},"content":{"rendered":"\n<div class=\"twitterbutton\" style=\"float: right; padding-left: 5px;\"><a href=\"http:\/\/twitter.com\/share\" class=\"twitter-share-button\" data-count=\"horizontal\" data-text=\"Inaugura Eric Arcila la primera edici\u00f3n del \u201cMayan Wind Fest 2024\u201d de vela\" data-via=\"https:\/\/twitter.com\/VertienteGloba1\" data-url=\"http:\/\/vertienteglobal.com\/?p=236949\" data-lang=\"es\" data-related=\"Informaci\u00f3n general:S\u00edguenos para que est\u00e9ss informado\"><\/a><\/div>\n<figure class=\"wp-block-image size-full\"><img loading=\"lazy\" decoding=\"async\" width=\"585\" height=\"399\" src=\"http:\/\/vertienteglobal.com\/wp-content\/uploads\/2024\/01\/FB_IMG_1706010764717.jpg\" alt=\"\" class=\"wp-image-236950\" srcset=\"http:\/\/vertienteglobal.com\/wp-content\/uploads\/2024\/01\/FB_IMG_1706010764717.jpg 585w, http:\/\/vertienteglobal.com\/wp-content\/uploads\/2024\/01\/FB_IMG_1706010764717-300x205.jpg 300w, http:\/\/vertienteglobal.com\/wp-content\/uploads\/2024\/01\/FB_IMG_1706010764717-150x102.jpg 150w\" sizes=\"auto, (max-width: 585px) 100vw, 585px\" \/><\/figure>\n\n\n\n<p>(Redaccion)<\/p>\n\n\n\n<p>El titular de la CODEQ resalt\u00f3 la importancia de promocionar Quintana Roo como el destino por excelencia para eventos deportivos<\/p>\n\n\n\n<p>Canc\u00fan, Quintana Roo 19 de enero 2024.- Con una participaci\u00f3n de 230 veleristas provenientes de varios pa\u00edses y de diferentes estados de la rep\u00fablica mexicana, se puso en marcha en Canc\u00fan la primera edici\u00f3n del \u201cMayan Wind Fest 2024\u201d de tabla vela, tras haber sido inaugurado por Eric Arcila Arjona, presidente de la Comisi\u00f3n del Deporte de Quintana Roo (CODEQ).<\/p>\n\n\n\n<p>\u201cTal como lo marca el Nuevo Acuerdo por el Bienestar y Desarrollo de Quintana Roo, que promueve nuestra gobernadora Mara Lezama, seguimos impulsando a Quintana Roo como el destino por excelencia para la realizaci\u00f3n de eventos deportivos y debemos resaltar que nuestra entidad es segundo lugar nacional en la disciplina de vela, por lo que este certamen servir\u00e1 de gran experiencia para nuestras y nuestros exponentes\u201d, dijo.<\/p>\n\n\n\n<p>Cabe mencionar que este evento re\u00fane las competencias del Circuito Nacional de Optimist 2024, el Campeonato Nacional de Windsurf 2024 y el Primer Circuito Nacional de Kite AMK 2024; resaltando que las y los atletas entrar\u00e1n en acci\u00f3n en cinco diferentes modalidades acu\u00e1ticas y que este certamen est\u00e1 programado para disputarse hasta el pr\u00f3ximo domingo 21 de enero.<\/p>\n\n\n\n<p>\u201cSeguimos trabajando #ANivelDeCancha para traer eventos deportivos de primer nivel y estamos muy contentos de iniciar el 2024 con una competencia de tabla vela, sepan que en Quintana Roo tenemos buenos representantes y nos alegra que elijan nuestras playas, disfruten su estancia y que haya buen viento en las pruebas\u201d, agreg\u00f3 el titular de la CODEQ.<\/p>\n\n\n\n<p>De acuerdo a la organizaci\u00f3n de la competencia, se tiene registrado que en tabla vela se tendr\u00e1n las pruebas de Optimist e ILCA con 68 y 48 participantes, respectivamente; as\u00ed como kiteboard donde se confirm\u00f3 a 72 atletas; en Wingfoil se registr\u00f3 a 15; y en Windsurf a 27; resaltando que hay representantes de los pa\u00edses de Republica Checa, Republica Dominicana, Francia, Dinamarca, Estados Unidos, Brasil y M\u00e9xico, por mencionar algunos.<\/p>\n\n\n\n<p>En la ceremonia de apertura tambi\u00e9n se cont\u00f3 con la presencia de Quanhai Li, presidente de la World Sailing, quien agradeci\u00f3 todo el apoyo para la realizaci\u00f3n de esta competencia y que la idea es hacer anual en Quintana Roo y, adem\u00e1s, poderlo implementar en otros municipios de la entidad.<\/p>\n\n\n\n<p>Tambi\u00e9n estuvieron presentes Juan Pablo de Zulueta, secretario municipal de Turismo; Ana Mari Irabien del Consejo de Promoci\u00f3n Tur\u00edstica; Beatriz Gonz\u00e1lez Luna, presidenta de la Federaci\u00f3n Mexicana de Vela; y Ernesto Rivas Butcher, presidente de Sabino Producciones.<\/p>\n\n\n\n<figure class=\"wp-block-image size-full\"><img loading=\"lazy\" decoding=\"async\" width=\"585\" height=\"390\" src=\"http:\/\/vertienteglobal.com\/wp-content\/uploads\/2024\/01\/FB_IMG_1706010769446.jpg\" alt=\"\" class=\"wp-image-236951\" srcset=\"http:\/\/vertienteglobal.com\/wp-content\/uploads\/2024\/01\/FB_IMG_1706010769446.jpg 585w, http:\/\/vertienteglobal.com\/wp-content\/uploads\/2024\/01\/FB_IMG_1706010769446-300x200.jpg 300w, http:\/\/vertienteglobal.com\/wp-content\/uploads\/2024\/01\/FB_IMG_1706010769446-150x100.jpg 150w\" sizes=\"auto, (max-width: 585px) 100vw, 585px\" \/><\/figure>\n\n\n\n<figure class=\"wp-block-image size-full\"><img loading=\"lazy\" decoding=\"async\" width=\"719\" height=\"480\" src=\"http:\/\/vertienteglobal.com\/wp-content\/uploads\/2024\/01\/FB_IMG_1706010760864.jpg\" alt=\"\" class=\"wp-image-236952\" srcset=\"http:\/\/vertienteglobal.com\/wp-content\/uploads\/2024\/01\/FB_IMG_1706010760864.jpg 719w, http:\/\/vertienteglobal.com\/wp-content\/uploads\/2024\/01\/FB_IMG_1706010760864-300x200.jpg 300w, http:\/\/vertienteglobal.com\/wp-content\/uploads\/2024\/01\/FB_IMG_1706010760864-150x100.jpg 150w\" sizes=\"auto, (max-width: 719px) 100vw, 719px\" \/><\/figure>\n","protected":false},"excerpt":{"rendered":"<p>(Redaccion) El titular de la CODEQ resalt\u00f3 la importancia de promocionar Quintana Roo como el destino por excelencia para eventos deportivos Canc\u00fan, Quintana Roo 19 de enero 2024.- Con una participaci\u00f3n de 230 veleristas provenientes de varios pa\u00edses y de diferentes estados de la rep\u00fablica mexicana, se puso en marcha en Canc\u00fan la primera edici\u00f3n [&hellip;]<\/p>\n","protected":false},"author":1,"featured_media":236952,"comment_status":"open","ping_status":"open","sticky":false,"template":"","format":"standard","meta":{"footnotes":""},"categories":[11,3],"tags":[],"class_list":["post-236949","post","type-post","status-publish","format-standard","has-post-thumbnail","hentry","category-deportes","category-quintana-roo","entry","has-media"],"jetpack_featured_media_url":"http:\/\/vertienteglobal.com\/wp-content\/uploads\/2024\/01\/FB_IMG_1706010760864.jpg","_links":{"self":[{"href":"http:\/\/vertienteglobal.com\/index.php?rest_route=\/wp\/v2\/posts\/236949","targetHints":{"allow":["GET"]}}],"collection":[{"href":"http:\/\/vertienteglobal.com\/index.php?rest_route=\/wp\/v2\/posts"}],"about":[{"href":"http:\/\/vertienteglobal.com\/index.php?rest_route=\/wp\/v2\/types\/post"}],"author":[{"embeddable":true,"href":"http:\/\/vertienteglobal.com\/index.php?rest_route=\/wp\/v2\/users\/1"}],"replies":[{"embeddable":true,"href":"http:\/\/vertienteglobal.com\/index.php?rest_route=%2Fwp%2Fv2%2Fcomments&post=236949"}],"version-history":[{"count":0,"href":"http:\/\/vertienteglobal.com\/index.php?rest_route=\/wp\/v2\/posts\/236949\/revisions"}],"wp:featuredmedia":[{"embeddable":true,"href":"http:\/\/vertienteglobal.com\/index.php?rest_route=\/wp\/v2\/media\/236952"}],"wp:attachment":[{"href":"http:\/\/vertienteglobal.com\/index.php?rest_route=%2Fwp%2Fv2%2Fmedia&parent=236949"}],"wp:term":[{"taxonomy":"category","embeddable":true,"href":"http:\/\/vertienteglobal.com\/index.php?rest_route=%2Fwp%2Fv2%2Fcategories&post=236949"},{"taxonomy":"post_tag","embeddable":true,"href":"http:\/\/vertienteglobal.com\/index.php?rest_route=%2Fwp%2Fv2%2Ftags&post=236949"}],"curies":[{"name":"wp","href":"https:\/\/api.w.org\/{rel}","templated":true}]}}