{"id":236855,"date":"2024-01-19T09:19:00","date_gmt":"2024-01-19T15:19:00","guid":{"rendered":"http:\/\/vertienteglobal.com\/?p=236855"},"modified":"2024-01-19T20:01:59","modified_gmt":"2024-01-20T02:01:59","slug":"amlo-aclara-que-solo-ira-contra-10-organismos-autonomos-cndh-se-salva","status":"publish","type":"post","link":"http:\/\/vertienteglobal.com\/?p=236855","title":{"rendered":"AMLO aclara que solo ir\u00e1 contra 10 organismos aut\u00f3nomos; CNDH se salva"},"content":{"rendered":"\n<div class=\"twitterbutton\" style=\"float: right; padding-left: 5px;\"><a href=\"http:\/\/twitter.com\/share\" class=\"twitter-share-button\" data-count=\"horizontal\" data-text=\"AMLO aclara que solo ir\u00e1 contra 10 organismos aut\u00f3nomos; CNDH se salva\" data-via=\"https:\/\/twitter.com\/VertienteGloba1\" data-url=\"http:\/\/vertienteglobal.com\/?p=236855\" data-lang=\"es\" data-related=\"Informaci\u00f3n general:S\u00edguenos para que est\u00e9ss informado\"><\/a><\/div>\n<figure class=\"wp-block-image size-full\"><img loading=\"lazy\" decoding=\"async\" width=\"1024\" height=\"683\" src=\"http:\/\/vertienteglobal.com\/wp-content\/uploads\/2024\/01\/224261xeva20240119085157.webp\" alt=\"\" class=\"wp-image-236856\" srcset=\"http:\/\/vertienteglobal.com\/wp-content\/uploads\/2024\/01\/224261xeva20240119085157.webp 1024w, http:\/\/vertienteglobal.com\/wp-content\/uploads\/2024\/01\/224261xeva20240119085157-300x200.webp 300w, http:\/\/vertienteglobal.com\/wp-content\/uploads\/2024\/01\/224261xeva20240119085157-150x100.webp 150w, http:\/\/vertienteglobal.com\/wp-content\/uploads\/2024\/01\/224261xeva20240119085157-768x512.webp 768w\" sizes=\"auto, (max-width: 1024px) 100vw, 1024px\" \/><\/figure>\n\n\n\n<p>(Redaccion)<\/p>\n\n\n\n<p>L\u00f3pez Obrador detall\u00f3 que en su paquetes de iniciativas que presentar\u00e1 el pr\u00f3ximo 5 de febrero \u00fanicamente contempla la desaparici\u00f3n de unos 10 organismos aut\u00f3nomos y descart\u00f3 que la Comisi\u00f3n Nacional de los Derechos Humanos (CNDH) est\u00e9 entre ellos<\/p>\n\n\n\n<p>Ciudad de M\u00e9xico 19 de enero de 2024.-El presidente Andr\u00e9s Manuel L\u00f3pez Obrador, aclar\u00f3 durante su conferencia de prensa de este viernes, que s\u00f3lo buscar\u00e1 que sean desaparecidos los organismos aut\u00f3nomos que fueron creados para legalizar la corrupci\u00f3n.<\/p>\n\n\n\n<p>Desde Palacio Nacional, L\u00f3pez Obrador detall\u00f3 que en su paquetes de iniciativas que presentar\u00e1 el pr\u00f3ximo 5 de febrero \u00fanicamente contempla la desaparici\u00f3n de unos 10 organismos aut\u00f3nomos y descart\u00f3 que la Comisi\u00f3n Nacional de los Derechos Humanos (CNDH) est\u00e9 entre ellos.<\/p>\n\n\n\n<p>\u00abNo, la CNDH no. Estoy hablando de los organismos que se crearon para legalizar la corrupci\u00f3n que imperaba. Son como 10 (organismos)\u201d, expres\u00f3 el mandatario nacional, adem\u00e1s de adelantar que entre los organismos que se contempla desaparecer est\u00e1 el Instituto Federal de Telecomunicaciones (IFT), que pasar\u00eda a la Secretar\u00eda de Comunicaciones \u201ccomo era antes\u201d<\/p>\n\n\n\n<p>\u201c\u00bfPor qu\u00e9 esa? porque la crearon para que no hubiese monopolio en la comunicaci\u00f3n y resulta que siguen habiendo monopolios (\u2026) Para qu\u00e9 sirve? Pies para proteger a estas empresas, no tienen un prop\u00f3sito de beneficio al pueblo\u201d. se\u00f1al\u00f3.<\/p>\n\n\n\n<p>De igual forma adelant\u00f3 que otro de los organismos que se desaparecer\u00edan ser\u00eda el Instituto Nacional de Transparencia y Acceso a la Informaci\u00f3n (Inai).<\/p>\n\n\n\n<p>\u201c(Su funci\u00f3n) lo puede hacer la Secretar\u00eda de la Funci\u00f3n P\u00fablica (SFP), en el Poder legislativo, la Auditoria Superior de la Federaci\u00f3n, lo puede hacer la Fiscal\u00eda General de la Rep\u00fablica. Es presentar una solicitud: \u2018requiero que me informen\u2019, adem\u00e1s ya hay la obligaci\u00f3n de transparentar todos los asuntos p\u00fablicos. En la iniciativa vamos a proponer d\u00f3nde y c\u00f3mo. Que haya transparencia de verdad, no de mentiritas\u201d asever\u00f3 el presidente mexicano.(Fuente: LD\/Foto: EFE\/Xeva)<\/p>\n","protected":false},"excerpt":{"rendered":"<p>(Redaccion) L\u00f3pez Obrador detall\u00f3 que en su paquetes de iniciativas que presentar\u00e1 el pr\u00f3ximo 5 de febrero \u00fanicamente contempla la desaparici\u00f3n de unos 10 organismos aut\u00f3nomos y descart\u00f3 que la Comisi\u00f3n Nacional de los Derechos Humanos (CNDH) est\u00e9 entre ellos Ciudad de M\u00e9xico 19 de enero de 2024.-El presidente Andr\u00e9s Manuel L\u00f3pez Obrador, aclar\u00f3 durante [&hellip;]<\/p>\n","protected":false},"author":1,"featured_media":236856,"comment_status":"open","ping_status":"open","sticky":false,"template":"","format":"standard","meta":{"footnotes":""},"categories":[8],"tags":[],"class_list":["post-236855","post","type-post","status-publish","format-standard","has-post-thumbnail","hentry","category-pais","entry","has-media"],"jetpack_featured_media_url":"http:\/\/vertienteglobal.com\/wp-content\/uploads\/2024\/01\/224261xeva20240119085157.webp","_links":{"self":[{"href":"http:\/\/vertienteglobal.com\/index.php?rest_route=\/wp\/v2\/posts\/236855","targetHints":{"allow":["GET"]}}],"collection":[{"href":"http:\/\/vertienteglobal.com\/index.php?rest_route=\/wp\/v2\/posts"}],"about":[{"href":"http:\/\/vertienteglobal.com\/index.php?rest_route=\/wp\/v2\/types\/post"}],"author":[{"embeddable":true,"href":"http:\/\/vertienteglobal.com\/index.php?rest_route=\/wp\/v2\/users\/1"}],"replies":[{"embeddable":true,"href":"http:\/\/vertienteglobal.com\/index.php?rest_route=%2Fwp%2Fv2%2Fcomments&post=236855"}],"version-history":[{"count":0,"href":"http:\/\/vertienteglobal.com\/index.php?rest_route=\/wp\/v2\/posts\/236855\/revisions"}],"wp:featuredmedia":[{"embeddable":true,"href":"http:\/\/vertienteglobal.com\/index.php?rest_route=\/wp\/v2\/media\/236856"}],"wp:attachment":[{"href":"http:\/\/vertienteglobal.com\/index.php?rest_route=%2Fwp%2Fv2%2Fmedia&parent=236855"}],"wp:term":[{"taxonomy":"category","embeddable":true,"href":"http:\/\/vertienteglobal.com\/index.php?rest_route=%2Fwp%2Fv2%2Fcategories&post=236855"},{"taxonomy":"post_tag","embeddable":true,"href":"http:\/\/vertienteglobal.com\/index.php?rest_route=%2Fwp%2Fv2%2Ftags&post=236855"}],"curies":[{"name":"wp","href":"https:\/\/api.w.org\/{rel}","templated":true}]}}