{"id":236572,"date":"2024-01-10T11:53:00","date_gmt":"2024-01-10T17:53:00","guid":{"rendered":"http:\/\/vertienteglobal.com\/?p=236572"},"modified":"2024-01-11T09:00:40","modified_gmt":"2024-01-11T15:00:40","slug":"la-cuarta-transformacion-es-para-todos-jorge-sanen","status":"publish","type":"post","link":"http:\/\/vertienteglobal.com\/?p=236572","title":{"rendered":"La cuarta Transformaci\u00f3n es para todos: Jorge San\u00e9n"},"content":{"rendered":"\n<div class=\"twitterbutton\" style=\"float: right; padding-left: 5px;\"><a href=\"http:\/\/twitter.com\/share\" class=\"twitter-share-button\" data-count=\"horizontal\" data-text=\"La cuarta Transformaci\u00f3n es para todos: Jorge San\u00e9n\" data-via=\"https:\/\/twitter.com\/VertienteGloba1\" data-url=\"http:\/\/vertienteglobal.com\/?p=236572\" data-lang=\"es\" data-related=\"Informaci\u00f3n general:S\u00edguenos para que est\u00e9ss informado\"><\/a><\/div>\n<figure class=\"wp-block-image size-full\"><img loading=\"lazy\" decoding=\"async\" width=\"720\" height=\"481\" src=\"http:\/\/vertienteglobal.com\/wp-content\/uploads\/2024\/01\/FB_IMG_1704984993064.jpg\" alt=\"\" class=\"wp-image-236573\" srcset=\"http:\/\/vertienteglobal.com\/wp-content\/uploads\/2024\/01\/FB_IMG_1704984993064.jpg 720w, http:\/\/vertienteglobal.com\/wp-content\/uploads\/2024\/01\/FB_IMG_1704984993064-300x200.jpg 300w, http:\/\/vertienteglobal.com\/wp-content\/uploads\/2024\/01\/FB_IMG_1704984993064-150x100.jpg 150w\" sizes=\"auto, (max-width: 720px) 100vw, 720px\" \/><\/figure>\n\n\n\n<p>(Redaccion)<\/p>\n\n\n\n<p>San\u00e9n Cervantes explic\u00f3 que la mayor\u00eda de los que llegan al Movimiento vienen de otros partidos pol\u00edticos; adem\u00e1s de que existen alianzas entre partidos que les permite llevar a una candidatura a los mejores cuadros<\/p>\n\n\n\n<p>Canc\u00fan, Quintana Roo, a 10 de enero de 2024.-Entrevistado hoy en un programa de streaming, el regidor Jorge San\u00e9n Cervantes, dej\u00f3 en claro que la Cuarta Transformaci\u00f3n es para todos los mexicanos, de acuerdo a la instrucci\u00f3n del creador del proyecto, Andr\u00e9s Manuel L\u00f3pez Obrador.<\/p>\n\n\n\n<p>Lo anterior, ante el comentario de los comunicadores de que otros partidos han \u00abengullido\u00bb a Morena; San\u00e9n Cervantes explic\u00f3 que la mayor\u00eda de los que llegan al Movimiento vienen de otros partidos pol\u00edticos; adem\u00e1s de que existen alianzas entre partidos que les permite llevar a una candidatura a los mejores cuadros.<\/p>\n\n\n\n<p>\u00abEs una consigna de la precandidata \u00fanica de Morena a la Presidencia de M\u00e9xico, Claudia Sheinbaum, es de sumar a todos; la cuarta Transformaci\u00f3n no es exclusiva de los Morenos, es para todas las personas, para todos los mexicanos. Yo no s\u00e9 qui\u00e9n vaya a ser candidato o candidata, no hay siglado, no podemos hablar de algo que no ha pasado \u00ab, coment\u00f3.<\/p>\n\n\n\n<p>En cuanto a los tiempos de Morena para dar los resultados de las encuestas de quienes coordinar\u00e1n los trabajos de la Cuarta Transformaci\u00f3n en los municipios y 15 distritos locales, pidi\u00f3 paciencia, aunque hay gente que se mueve y es visible, por eso quiz\u00e1 la gente dice que va fulano o perengano, pero no hay nada para nadie todav\u00eda.<\/p>\n\n\n\n<p>Al cuestionarle sobre su futuro pol\u00edtico, San\u00e9n Cervantes enfrent\u00f3 la pregunta al decir que \u00abdesde la trinchera donde voy a estar cuando termine mi gesti\u00f3n como regidor, seguir\u00e9 trabajando a favor de los m\u00e1s necesitados; s\u00e9 lo que es hacer gesti\u00f3n ante el gobierno\u2026 Sea como simple mortal o teniendo un cargo, voy a buscar que se genere un estado de bienestar en la sociedad\u00bb.<\/p>\n\n\n\n<p>Aclar\u00f3 que trabajan en la promoci\u00f3n de las propuestas de Claudia Sheinbaum Pardo, como precandidata \u00fanica de Morena a la Presidencia, as\u00ed que ya alistan a m\u00e1s de 2,400 representantes de casilla para hacerle frente a cualquier posible fraude por parte de la oposici\u00f3n \u00abpues robaron por m\u00e1s de 50 a\u00f1os\u00bb.<\/p>\n\n\n\n<p>Por \u00faltimo, no olvid\u00f3 mencionar el activo pol\u00edtico que encabeza la Gobernadora Mara Lezama, adem\u00e1s de la excelente gesti\u00f3n que realiza en el gobierno Federal a favor de las y los quintanarroenses, as\u00ed que no es extra\u00f1o que ella tenga proyecci\u00f3n e influencia Nacional.<\/p>\n\n\n\n<p>\u00abHoy Mara Lezama es una persona que influye a nivel nacional; a\u00fan estando en un estado peque\u00f1o electoralmente, as\u00ed que terminando su gesti\u00f3n como Gobernadora estoy seguro que no la van a querer perder\u00bb, concluy\u00f3.<\/p>\n","protected":false},"excerpt":{"rendered":"<p>(Redaccion) San\u00e9n Cervantes explic\u00f3 que la mayor\u00eda de los que llegan al Movimiento vienen de otros partidos pol\u00edticos; adem\u00e1s de que existen alianzas entre partidos que les permite llevar a una candidatura a los mejores cuadros Canc\u00fan, Quintana Roo, a 10 de enero de 2024.-Entrevistado hoy en un programa de streaming, el regidor Jorge San\u00e9n [&hellip;]<\/p>\n","protected":false},"author":1,"featured_media":236573,"comment_status":"open","ping_status":"open","sticky":false,"template":"","format":"standard","meta":{"footnotes":""},"categories":[3],"tags":[],"class_list":["post-236572","post","type-post","status-publish","format-standard","has-post-thumbnail","hentry","category-quintana-roo","entry","has-media"],"jetpack_featured_media_url":"http:\/\/vertienteglobal.com\/wp-content\/uploads\/2024\/01\/FB_IMG_1704984993064.jpg","_links":{"self":[{"href":"http:\/\/vertienteglobal.com\/index.php?rest_route=\/wp\/v2\/posts\/236572","targetHints":{"allow":["GET"]}}],"collection":[{"href":"http:\/\/vertienteglobal.com\/index.php?rest_route=\/wp\/v2\/posts"}],"about":[{"href":"http:\/\/vertienteglobal.com\/index.php?rest_route=\/wp\/v2\/types\/post"}],"author":[{"embeddable":true,"href":"http:\/\/vertienteglobal.com\/index.php?rest_route=\/wp\/v2\/users\/1"}],"replies":[{"embeddable":true,"href":"http:\/\/vertienteglobal.com\/index.php?rest_route=%2Fwp%2Fv2%2Fcomments&post=236572"}],"version-history":[{"count":0,"href":"http:\/\/vertienteglobal.com\/index.php?rest_route=\/wp\/v2\/posts\/236572\/revisions"}],"wp:featuredmedia":[{"embeddable":true,"href":"http:\/\/vertienteglobal.com\/index.php?rest_route=\/wp\/v2\/media\/236573"}],"wp:attachment":[{"href":"http:\/\/vertienteglobal.com\/index.php?rest_route=%2Fwp%2Fv2%2Fmedia&parent=236572"}],"wp:term":[{"taxonomy":"category","embeddable":true,"href":"http:\/\/vertienteglobal.com\/index.php?rest_route=%2Fwp%2Fv2%2Fcategories&post=236572"},{"taxonomy":"post_tag","embeddable":true,"href":"http:\/\/vertienteglobal.com\/index.php?rest_route=%2Fwp%2Fv2%2Ftags&post=236572"}],"curies":[{"name":"wp","href":"https:\/\/api.w.org\/{rel}","templated":true}]}}