{"id":236563,"date":"2024-01-09T16:21:00","date_gmt":"2024-01-09T22:21:00","guid":{"rendered":"http:\/\/vertienteglobal.com\/?p=236563"},"modified":"2024-01-10T17:07:26","modified_gmt":"2024-01-10T23:07:26","slug":"seguimos-consolidando-las-empresas-privadas-de-seguridad-en-tabasco-manuel-ordonez-buendia","status":"publish","type":"post","link":"http:\/\/vertienteglobal.com\/?p=236563","title":{"rendered":"Seguimos consolidando las Empresas Privadas de Seguridad en Tabasco: Manuel Ordo\u00f1ez Buend\u00eda"},"content":{"rendered":"\n<div class=\"twitterbutton\" style=\"float: right; padding-left: 5px;\"><a href=\"http:\/\/twitter.com\/share\" class=\"twitter-share-button\" data-count=\"horizontal\" data-text=\"Seguimos consolidando las Empresas Privadas de Seguridad en Tabasco: Manuel Ordo...\" data-via=\"https:\/\/twitter.com\/VertienteGloba1\" data-url=\"http:\/\/vertienteglobal.com\/?p=236563\" data-lang=\"es\" data-related=\"Informaci\u00f3n general:S\u00edguenos para que est\u00e9ss informado\"><\/a><\/div>\n<figure class=\"wp-block-image size-large\"><img loading=\"lazy\" decoding=\"async\" width=\"1024\" height=\"768\" src=\"http:\/\/vertienteglobal.com\/wp-content\/uploads\/2024\/01\/IMG-20240110-WA0004-1024x768.jpg\" alt=\"\" class=\"wp-image-236564\" srcset=\"http:\/\/vertienteglobal.com\/wp-content\/uploads\/2024\/01\/IMG-20240110-WA0004-1024x768.jpg 1024w, http:\/\/vertienteglobal.com\/wp-content\/uploads\/2024\/01\/IMG-20240110-WA0004-300x225.jpg 300w, http:\/\/vertienteglobal.com\/wp-content\/uploads\/2024\/01\/IMG-20240110-WA0004-150x113.jpg 150w, http:\/\/vertienteglobal.com\/wp-content\/uploads\/2024\/01\/IMG-20240110-WA0004-768x576.jpg 768w, http:\/\/vertienteglobal.com\/wp-content\/uploads\/2024\/01\/IMG-20240110-WA0004-1536x1152.jpg 1536w, http:\/\/vertienteglobal.com\/wp-content\/uploads\/2024\/01\/IMG-20240110-WA0004.jpg 1600w\" sizes=\"auto, (max-width: 1024px) 100vw, 1024px\" \/><\/figure>\n\n\n\n<p>(Redaccion)<\/p>\n\n\n\n<p>Ordo\u00f1ez Buend\u00eda, se\u00f1alo que acordaron la fecha y reuni\u00f3n para la realizaci\u00f3n del estado de fuerza de CEESPAC<\/p>\n\n\n\n<p>Villahermosa Tabasco a 09 de enero de 2014.- El presidente del Consejo Estatal de Empresas de Seguridad Privada(CEESPAC) el empresario Manuel Ordo\u00f1ez Buend\u00eda, inform\u00f3 que se realiz\u00f3 la primera reuni\u00f3n con 10 empresas privadas en la entidad, reafirmando continuar generando fuentes de empleos en la entidad.<\/p>\n\n\n\n<p>En el restaurante del Lienzo Charro de la capital tabasque\u00f1a, Ordo\u00f1ez Buend\u00eda, se\u00f1alo que acordaron la fecha y reuni\u00f3n para la realizaci\u00f3n del estado de fuerza de CEESPAC.<\/p>\n\n\n\n<p>Asimismo, reitero que el organismo se sigue consolidando en la entidad y generando fuentes de empleo.<\/p>\n\n\n\n<p>Por \u00faltimo en cuanto al nuevo encargado de Seguridad Ciudadana, las empresas privadas seguir\u00e1n trabajando en coordinaci\u00f3n con los tres \u00f3rdenes de gobierno.<\/p>\n","protected":false},"excerpt":{"rendered":"<p>(Redaccion) Ordo\u00f1ez Buend\u00eda, se\u00f1alo que acordaron la fecha y reuni\u00f3n para la realizaci\u00f3n del estado de fuerza de CEESPAC Villahermosa Tabasco a 09 de enero de 2014.- El presidente del Consejo Estatal de Empresas de Seguridad Privada(CEESPAC) el empresario Manuel Ordo\u00f1ez Buend\u00eda, inform\u00f3 que se realiz\u00f3 la primera reuni\u00f3n con 10 empresas privadas en la [&hellip;]<\/p>\n","protected":false},"author":1,"featured_media":236564,"comment_status":"open","ping_status":"open","sticky":false,"template":"","format":"standard","meta":{"footnotes":""},"categories":[5],"tags":[],"class_list":["post-236563","post","type-post","status-publish","format-standard","has-post-thumbnail","hentry","category-tabasco","entry","has-media"],"jetpack_featured_media_url":"http:\/\/vertienteglobal.com\/wp-content\/uploads\/2024\/01\/IMG-20240110-WA0004.jpg","_links":{"self":[{"href":"http:\/\/vertienteglobal.com\/index.php?rest_route=\/wp\/v2\/posts\/236563","targetHints":{"allow":["GET"]}}],"collection":[{"href":"http:\/\/vertienteglobal.com\/index.php?rest_route=\/wp\/v2\/posts"}],"about":[{"href":"http:\/\/vertienteglobal.com\/index.php?rest_route=\/wp\/v2\/types\/post"}],"author":[{"embeddable":true,"href":"http:\/\/vertienteglobal.com\/index.php?rest_route=\/wp\/v2\/users\/1"}],"replies":[{"embeddable":true,"href":"http:\/\/vertienteglobal.com\/index.php?rest_route=%2Fwp%2Fv2%2Fcomments&post=236563"}],"version-history":[{"count":0,"href":"http:\/\/vertienteglobal.com\/index.php?rest_route=\/wp\/v2\/posts\/236563\/revisions"}],"wp:featuredmedia":[{"embeddable":true,"href":"http:\/\/vertienteglobal.com\/index.php?rest_route=\/wp\/v2\/media\/236564"}],"wp:attachment":[{"href":"http:\/\/vertienteglobal.com\/index.php?rest_route=%2Fwp%2Fv2%2Fmedia&parent=236563"}],"wp:term":[{"taxonomy":"category","embeddable":true,"href":"http:\/\/vertienteglobal.com\/index.php?rest_route=%2Fwp%2Fv2%2Fcategories&post=236563"},{"taxonomy":"post_tag","embeddable":true,"href":"http:\/\/vertienteglobal.com\/index.php?rest_route=%2Fwp%2Fv2%2Ftags&post=236563"}],"curies":[{"name":"wp","href":"https:\/\/api.w.org\/{rel}","templated":true}]}}