{"id":236403,"date":"2024-01-08T08:24:00","date_gmt":"2024-01-08T14:24:00","guid":{"rendered":"http:\/\/vertienteglobal.com\/?p=236403"},"modified":"2024-01-09T13:17:22","modified_gmt":"2024-01-09T19:17:22","slug":"tren-maya-ha-trasladado-15-mil-pasajeros-desde-el-arranque-de-sus-operaciones-sedena","status":"publish","type":"post","link":"http:\/\/vertienteglobal.com\/?p=236403","title":{"rendered":"Tren Maya ha trasladado 15 mil pasajeros desde el arranque de sus operaciones: Sedena"},"content":{"rendered":"\n<div class=\"twitterbutton\" style=\"float: right; padding-left: 5px;\"><a href=\"http:\/\/twitter.com\/share\" class=\"twitter-share-button\" data-count=\"horizontal\" data-text=\"Tren Maya ha trasladado 15 mil pasajeros desde el arranque de sus operaciones: S...\" data-via=\"https:\/\/twitter.com\/VertienteGloba1\" data-url=\"http:\/\/vertienteglobal.com\/?p=236403\" data-lang=\"es\" data-related=\"Informaci\u00f3n general:S\u00edguenos para que est\u00e9ss informado\"><\/a><\/div>\n<figure class=\"wp-block-image size-full\"><img loading=\"lazy\" decoding=\"async\" width=\"1024\" height=\"683\" src=\"http:\/\/vertienteglobal.com\/wp-content\/uploads\/2024\/01\/223418.jpg\" alt=\"\" class=\"wp-image-236404\" srcset=\"http:\/\/vertienteglobal.com\/wp-content\/uploads\/2024\/01\/223418.jpg 1024w, http:\/\/vertienteglobal.com\/wp-content\/uploads\/2024\/01\/223418-300x200.jpg 300w, http:\/\/vertienteglobal.com\/wp-content\/uploads\/2024\/01\/223418-150x100.jpg 150w, http:\/\/vertienteglobal.com\/wp-content\/uploads\/2024\/01\/223418-768x512.jpg 768w\" sizes=\"auto, (max-width: 1024px) 100vw, 1024px\" \/><\/figure>\n\n\n\n<p>(Redacci\u00f3n)<\/p>\n\n\n\n<p>Detall\u00f3 que del total de 15 mil 579 pasajeros, 13 mil 152 adquirieron sus boletos en taquilla y 2 mil 427 en l\u00ednea<\/p>\n\n\n\n<p>Ciudad de M\u00e9xico 08 de enero de 2024.-El Tren Maya ha traslado a 15 mil 579 pasajeros en 144 viajes despu\u00e9s de 18 d\u00edas de su inauguraci\u00f3n, report\u00f3 este lunes el general \u00d3scar David Lozano \u00c1guila, encargado del Tren Maya.<\/p>\n\n\n\n<p>Inform\u00f3 que el tren comenz\u00f3 a operar el 16 de diciembre con cuatro servicios comerciales por d\u00eda, los cuales abarcan las rutas de San Francisco de Campeche a Canc\u00fan y Canc\u00fan a San Francisco de Campeche, ampliando una ruta hasta Palenque, Chiapas.<\/p>\n\n\n\n<p>Detall\u00f3 que del total de 15 mil 579 pasajeros, 13 mil 152 adquirieron sus boletos en taquilla y 2 mil 427 en l\u00ednea.<\/p>\n\n\n\n<p>Por \u00faltimo agreg\u00f3: \u201cTuristas nacionales, que ha sido lo que m\u00e1s se ha recibido en el Tren, son 8 mil 368, y 401 turistas internacionales\u201d.(Fuente: El Universal\/Foto: Tren Maya Facebook\/Xeva)<\/p>\n","protected":false},"excerpt":{"rendered":"<p>(Redacci\u00f3n) Detall\u00f3 que del total de 15 mil 579 pasajeros, 13 mil 152 adquirieron sus boletos en taquilla y 2 mil 427 en l\u00ednea Ciudad de M\u00e9xico 08 de enero de 2024.-El Tren Maya ha traslado a 15 mil 579 pasajeros en 144 viajes despu\u00e9s de 18 d\u00edas de su inauguraci\u00f3n, report\u00f3 este lunes el [&hellip;]<\/p>\n","protected":false},"author":1,"featured_media":236404,"comment_status":"open","ping_status":"open","sticky":false,"template":"","format":"standard","meta":{"footnotes":""},"categories":[4,6,8,3,5,2],"tags":[],"class_list":["post-236403","post","type-post","status-publish","format-standard","has-post-thumbnail","hentry","category-campeche","category-chiapas","category-pais","category-quintana-roo","category-tabasco","category-yucatan","entry","has-media"],"jetpack_featured_media_url":"http:\/\/vertienteglobal.com\/wp-content\/uploads\/2024\/01\/223418.jpg","_links":{"self":[{"href":"http:\/\/vertienteglobal.com\/index.php?rest_route=\/wp\/v2\/posts\/236403","targetHints":{"allow":["GET"]}}],"collection":[{"href":"http:\/\/vertienteglobal.com\/index.php?rest_route=\/wp\/v2\/posts"}],"about":[{"href":"http:\/\/vertienteglobal.com\/index.php?rest_route=\/wp\/v2\/types\/post"}],"author":[{"embeddable":true,"href":"http:\/\/vertienteglobal.com\/index.php?rest_route=\/wp\/v2\/users\/1"}],"replies":[{"embeddable":true,"href":"http:\/\/vertienteglobal.com\/index.php?rest_route=%2Fwp%2Fv2%2Fcomments&post=236403"}],"version-history":[{"count":0,"href":"http:\/\/vertienteglobal.com\/index.php?rest_route=\/wp\/v2\/posts\/236403\/revisions"}],"wp:featuredmedia":[{"embeddable":true,"href":"http:\/\/vertienteglobal.com\/index.php?rest_route=\/wp\/v2\/media\/236404"}],"wp:attachment":[{"href":"http:\/\/vertienteglobal.com\/index.php?rest_route=%2Fwp%2Fv2%2Fmedia&parent=236403"}],"wp:term":[{"taxonomy":"category","embeddable":true,"href":"http:\/\/vertienteglobal.com\/index.php?rest_route=%2Fwp%2Fv2%2Fcategories&post=236403"},{"taxonomy":"post_tag","embeddable":true,"href":"http:\/\/vertienteglobal.com\/index.php?rest_route=%2Fwp%2Fv2%2Ftags&post=236403"}],"curies":[{"name":"wp","href":"https:\/\/api.w.org\/{rel}","templated":true}]}}