{"id":236125,"date":"2024-01-01T22:53:00","date_gmt":"2024-01-02T04:53:00","guid":{"rendered":"http:\/\/vertienteglobal.com\/?p=236125"},"modified":"2024-01-04T14:41:30","modified_gmt":"2024-01-04T20:41:30","slug":"india-inaugura-el-2024-con-una-mision-espacial-para-el-estudio-de-los-agujeros-negros","status":"publish","type":"post","link":"http:\/\/vertienteglobal.com\/?p=236125","title":{"rendered":"India inaugura el 2024 con una misi\u00f3n espacial para el estudio de los agujeros negros"},"content":{"rendered":"\n<div class=\"twitterbutton\" style=\"float: right; padding-left: 5px;\"><a href=\"http:\/\/twitter.com\/share\" class=\"twitter-share-button\" data-count=\"horizontal\" data-text=\"India inaugura el 2024 con una misi\u00f3n espacial para el estudio de los agujeros ...\" data-via=\"https:\/\/twitter.com\/VertienteGloba1\" data-url=\"http:\/\/vertienteglobal.com\/?p=236125\" data-lang=\"es\" data-related=\"Informaci\u00f3n general:S\u00edguenos para que est\u00e9ss informado\"><\/a><\/div>\n<figure class=\"wp-block-image size-full\"><img loading=\"lazy\" decoding=\"async\" width=\"1024\" height=\"683\" src=\"http:\/\/vertienteglobal.com\/wp-content\/uploads\/2024\/01\/222957.jpg\" alt=\"\" class=\"wp-image-236126\" srcset=\"http:\/\/vertienteglobal.com\/wp-content\/uploads\/2024\/01\/222957.jpg 1024w, http:\/\/vertienteglobal.com\/wp-content\/uploads\/2024\/01\/222957-300x200.jpg 300w, http:\/\/vertienteglobal.com\/wp-content\/uploads\/2024\/01\/222957-150x100.jpg 150w, http:\/\/vertienteglobal.com\/wp-content\/uploads\/2024\/01\/222957-768x512.jpg 768w\" sizes=\"auto, (max-width: 1024px) 100vw, 1024px\" \/><\/figure>\n\n\n\n<p>(Redacci\u00f3n\/Agencias)<\/p>\n\n\n\n<p>El lanzamiento del sat\u00e9lite, propulsado por un cohete PSLV-C58, tuvo lugar a las 9:10 hora local (3:40 GMT) desde el centro de Sriharikota en el estado suroriental de Andhra Pradesh, y se situ\u00f3 en una \u00f3rbita circular de 350 kil\u00f3metros<\/p>\n\n\n\n<p>Ciudad de M\u00e9xico, a 01 de enero de 2024.-La India dio la bienvenida al 2024 con el lanzamiento de una misi\u00f3n espacial que contribuir\u00e1 al estudio de los agujeros negros, la primera del reci\u00e9n estrenado a\u00f1o, en el que el pa\u00eds asi\u00e1tico prev\u00e9 continuar con los preparativos de su primera misi\u00f3n tripulada al espacio.<\/p>\n\n\n\n<p>\u00abDespegue normal. El sat\u00e9lite XPoSat se lanz\u00f3 con \u00e9xito\u00bb, celebr\u00f3 este lunes la Organizaci\u00f3n de Investigaci\u00f3n Espacial de la India (ISRO) en la red social X.<\/p>\n\n\n\n<p>El lanzamiento del sat\u00e9lite, propulsado por un cohete PSLV-C58, tuvo lugar a las 9:10 hora local (3:40 GMT) desde el centro de Sriharikota en el estado suroriental de Andhra Pradesh, y se situ\u00f3 en una \u00f3rbita circular de 350 kil\u00f3metros.<\/p>\n\n\n\n<p>Desde all\u00ed, ISRO prev\u00e9 \u00abllevar a cabo investigaciones sobre mediciones de polarizaci\u00f3n de emisiones de rayos X procedentes de fuentes celestes\u00bb, entre ellos agujeros negros, mediante dos cargas \u00fatiles que transporta.<\/p>\n\n\n\n<p>Estas son POLIX, un instrumento polar\u00edmetro en rayos X, y XSPECT, destinado a la espectroscopia y temporizaci\u00f3n de rayos X, inform\u00f3 la agencia espacial en un comunicado.<\/p>\n\n\n\n<p>Esta primera misi\u00f3n del 2024 abre el camino a un a\u00f1o ambicioso para ISRO, que tendr\u00e1 como una de sus principales metas continuar con los preparativos de su primera misi\u00f3n tripulada al espacio, prevista para 2025, y que enviar\u00e1 a los astronautas a una \u00f3rbita a 400 km para una misi\u00f3n de tres d\u00edas.<\/p>\n\n\n\n<p>Estas nuevas aspiraciones suceden al exitoso lanzamiento y alunizaje de la misi\u00f3n espacial no tripulada Chandrayaan-3, que puso el pasado agosto un explorador cerca del polo sur de la Luna, una cara nunca antes explorada del sat\u00e9lite de la Tierra.<\/p>\n\n\n\n<p>Este hito convirti\u00f3 a la India en el cuarto pa\u00eds en lograr un alunizaje controlado en la superficie lunar. Posteriormente, el pasado septiembre, la naci\u00f3n asi\u00e1tico lanz\u00f3 su primera misi\u00f3n para estudiar el Sol, Aditya-L1 (Sol, en s\u00e1nscrito), que prev\u00e9 alcanzar su objetivo el pr\u00f3ximo 6 de enero.(Fuente: EFE\/Foto: X\/Xeva)<\/p>\n","protected":false},"excerpt":{"rendered":"<p>(Redacci\u00f3n\/Agencias) El lanzamiento del sat\u00e9lite, propulsado por un cohete PSLV-C58, tuvo lugar a las 9:10 hora local (3:40 GMT) desde el centro de Sriharikota en el estado suroriental de Andhra Pradesh, y se situ\u00f3 en una \u00f3rbita circular de 350 kil\u00f3metros Ciudad de M\u00e9xico, a 01 de enero de 2024.-La India dio la bienvenida al [&hellip;]<\/p>\n","protected":false},"author":1,"featured_media":236126,"comment_status":"open","ping_status":"open","sticky":false,"template":"","format":"standard","meta":{"footnotes":""},"categories":[8],"tags":[],"class_list":["post-236125","post","type-post","status-publish","format-standard","has-post-thumbnail","hentry","category-pais","entry","has-media"],"jetpack_featured_media_url":"http:\/\/vertienteglobal.com\/wp-content\/uploads\/2024\/01\/222957.jpg","_links":{"self":[{"href":"http:\/\/vertienteglobal.com\/index.php?rest_route=\/wp\/v2\/posts\/236125","targetHints":{"allow":["GET"]}}],"collection":[{"href":"http:\/\/vertienteglobal.com\/index.php?rest_route=\/wp\/v2\/posts"}],"about":[{"href":"http:\/\/vertienteglobal.com\/index.php?rest_route=\/wp\/v2\/types\/post"}],"author":[{"embeddable":true,"href":"http:\/\/vertienteglobal.com\/index.php?rest_route=\/wp\/v2\/users\/1"}],"replies":[{"embeddable":true,"href":"http:\/\/vertienteglobal.com\/index.php?rest_route=%2Fwp%2Fv2%2Fcomments&post=236125"}],"version-history":[{"count":0,"href":"http:\/\/vertienteglobal.com\/index.php?rest_route=\/wp\/v2\/posts\/236125\/revisions"}],"wp:featuredmedia":[{"embeddable":true,"href":"http:\/\/vertienteglobal.com\/index.php?rest_route=\/wp\/v2\/media\/236126"}],"wp:attachment":[{"href":"http:\/\/vertienteglobal.com\/index.php?rest_route=%2Fwp%2Fv2%2Fmedia&parent=236125"}],"wp:term":[{"taxonomy":"category","embeddable":true,"href":"http:\/\/vertienteglobal.com\/index.php?rest_route=%2Fwp%2Fv2%2Fcategories&post=236125"},{"taxonomy":"post_tag","embeddable":true,"href":"http:\/\/vertienteglobal.com\/index.php?rest_route=%2Fwp%2Fv2%2Ftags&post=236125"}],"curies":[{"name":"wp","href":"https:\/\/api.w.org\/{rel}","templated":true}]}}