{"id":236111,"date":"2024-01-01T12:24:00","date_gmt":"2024-01-01T18:24:00","guid":{"rendered":"http:\/\/vertienteglobal.com\/?p=236111"},"modified":"2024-01-01T23:24:44","modified_gmt":"2024-01-02T05:24:44","slug":"lopez-obrador-desea-que-les-vaya-bien-a-todos-los-mexicanos-en-2024","status":"publish","type":"post","link":"http:\/\/vertienteglobal.com\/?p=236111","title":{"rendered":"L\u00f3pez Obrador desea que les vaya \u201cbien a todos\u201d los mexicanos en 2024"},"content":{"rendered":"\n<div class=\"twitterbutton\" style=\"float: right; padding-left: 5px;\"><a href=\"http:\/\/twitter.com\/share\" class=\"twitter-share-button\" data-count=\"horizontal\" data-text=\"L\u00f3pez Obrador desea que les vaya \u201cbien a todos\u201d los mexicanos en 2024\" data-via=\"https:\/\/twitter.com\/VertienteGloba1\" data-url=\"http:\/\/vertienteglobal.com\/?p=236111\" data-lang=\"es\" data-related=\"Informaci\u00f3n general:S\u00edguenos para que est\u00e9ss informado\"><\/a><\/div>\n<figure class=\"wp-block-image size-full\"><img loading=\"lazy\" decoding=\"async\" width=\"1024\" height=\"683\" src=\"http:\/\/vertienteglobal.com\/wp-content\/uploads\/2024\/01\/1305138xeu20240101120024.webp\" alt=\"\" class=\"wp-image-236112\" srcset=\"http:\/\/vertienteglobal.com\/wp-content\/uploads\/2024\/01\/1305138xeu20240101120024.webp 1024w, http:\/\/vertienteglobal.com\/wp-content\/uploads\/2024\/01\/1305138xeu20240101120024-300x200.webp 300w, http:\/\/vertienteglobal.com\/wp-content\/uploads\/2024\/01\/1305138xeu20240101120024-150x100.webp 150w, http:\/\/vertienteglobal.com\/wp-content\/uploads\/2024\/01\/1305138xeu20240101120024-768x512.webp 768w\" sizes=\"auto, (max-width: 1024px) 100vw, 1024px\" \/><\/figure>\n\n\n\n<p>(Redaccion)<\/p>\n\n\n\n<p>El gobernante mexicano expres\u00f3 su deseo de que en M\u00e9xico \u201cno se sufra por ninguna calamidad, que haya mucha felicidad, mucha alegr\u00eda\u201d<\/p>\n\n\n\n<p>Palenque, Chiapas a 01 de enero de 2024.- El presidente de M\u00e9xico, Andr\u00e9s Manuel L\u00f3pez Obrador, envio un mensaje de A\u00f1o Nuevo en un video desde Palenque, en el sure\u00f1o estado de Chiapas, donde dese\u00f3 felicidad y que les vaya \u201cbien a todos\u201d los mexicanos en 2024.<\/p>\n\n\n\n<p>\u00abDesde este sitio m\u00edstico, sagrado, esta metr\u00f3poli pol\u00edtica, antigua, de tanta cultura, tanto conocimiento, env\u00edo a todos los mexicanos mi deseo de felicidad, eso es lo que m\u00e1s anhelo que nos vaya bien a todos en este a\u00f1o 2024,\u00bb, dijo el mandatario.<\/p>\n\n\n\n<p>En el video, publicado en sus redes sociales, L\u00f3pez Obrador se ubicaba en el Templo de las Inscripciones, en Palenque, donde pas\u00f3 la noche del 31 de diciembre para recibir 2024 luego de la inauguraci\u00f3n del segundo tramo del Tren Maya, una de las obras m\u00e1s emblem\u00e1ticas de su Administraci\u00f3n.<\/p>\n\n\n\n<p>El gobernante mexicano expres\u00f3 su deseo de que en M\u00e9xico \u201cno se sufra por ninguna calamidad, que haya mucha felicidad, mucha alegr\u00eda\u201d.<\/p>\n\n\n\n<p>Adem\u00e1s, pidi\u00f3 ver las cosas con optimismo pues augur\u00f3 \u201cel porvenir va a ser de nosotros, nos lo merecemos\u201d, asever\u00f3.<\/p>\n\n\n\n<p>L\u00f3pez Obrador arranca el \u00faltimo a\u00f1o de su Gobierno que comenz\u00f3 el 1 de diciembre de 2018 y culminar\u00e1 el pr\u00f3ximo 1 de octubre.<\/p>\n\n\n\n<figure class=\"wp-block-embed is-type-rich is-provider-twitter wp-block-embed-twitter\"><div class=\"wp-block-embed__wrapper\">\n<div class=\"oceanwp-oembed-wrap clr\"><blockquote class=\"twitter-tweet\" data-width=\"550\" data-dnt=\"true\"><p lang=\"pt\" dir=\"ltr\">Felicidades desde Palenque. <a href=\"https:\/\/t.co\/0eQrN6pZcG\">pic.twitter.com\/0eQrN6pZcG<\/a><\/p>&mdash; Andr\u00e9s Manuel (@lopezobrador_) <a href=\"https:\/\/twitter.com\/lopezobrador_\/status\/1741859398300140004?ref_src=twsrc%5Etfw\">January 1, 2024<\/a><\/blockquote><script async src=\"https:\/\/platform.twitter.com\/widgets.js\" charset=\"utf-8\"><\/script><\/div>\n<\/div><\/figure>\n","protected":false},"excerpt":{"rendered":"<p>(Redaccion) El gobernante mexicano expres\u00f3 su deseo de que en M\u00e9xico \u201cno se sufra por ninguna calamidad, que haya mucha felicidad, mucha alegr\u00eda\u201d Palenque, Chiapas a 01 de enero de 2024.- El presidente de M\u00e9xico, Andr\u00e9s Manuel L\u00f3pez Obrador, envio un mensaje de A\u00f1o Nuevo en un video desde Palenque, en el sure\u00f1o estado de [&hellip;]<\/p>\n","protected":false},"author":1,"featured_media":236112,"comment_status":"open","ping_status":"open","sticky":false,"template":"","format":"standard","meta":{"footnotes":""},"categories":[6,8],"tags":[],"class_list":["post-236111","post","type-post","status-publish","format-standard","has-post-thumbnail","hentry","category-chiapas","category-pais","entry","has-media"],"jetpack_featured_media_url":"http:\/\/vertienteglobal.com\/wp-content\/uploads\/2024\/01\/1305138xeu20240101120024.webp","_links":{"self":[{"href":"http:\/\/vertienteglobal.com\/index.php?rest_route=\/wp\/v2\/posts\/236111","targetHints":{"allow":["GET"]}}],"collection":[{"href":"http:\/\/vertienteglobal.com\/index.php?rest_route=\/wp\/v2\/posts"}],"about":[{"href":"http:\/\/vertienteglobal.com\/index.php?rest_route=\/wp\/v2\/types\/post"}],"author":[{"embeddable":true,"href":"http:\/\/vertienteglobal.com\/index.php?rest_route=\/wp\/v2\/users\/1"}],"replies":[{"embeddable":true,"href":"http:\/\/vertienteglobal.com\/index.php?rest_route=%2Fwp%2Fv2%2Fcomments&post=236111"}],"version-history":[{"count":0,"href":"http:\/\/vertienteglobal.com\/index.php?rest_route=\/wp\/v2\/posts\/236111\/revisions"}],"wp:featuredmedia":[{"embeddable":true,"href":"http:\/\/vertienteglobal.com\/index.php?rest_route=\/wp\/v2\/media\/236112"}],"wp:attachment":[{"href":"http:\/\/vertienteglobal.com\/index.php?rest_route=%2Fwp%2Fv2%2Fmedia&parent=236111"}],"wp:term":[{"taxonomy":"category","embeddable":true,"href":"http:\/\/vertienteglobal.com\/index.php?rest_route=%2Fwp%2Fv2%2Fcategories&post=236111"},{"taxonomy":"post_tag","embeddable":true,"href":"http:\/\/vertienteglobal.com\/index.php?rest_route=%2Fwp%2Fv2%2Ftags&post=236111"}],"curies":[{"name":"wp","href":"https:\/\/api.w.org\/{rel}","templated":true}]}}