{"id":235919,"date":"2023-12-25T21:51:00","date_gmt":"2023-12-26T03:51:00","guid":{"rendered":"http:\/\/vertienteglobal.com\/?p=235919"},"modified":"2023-12-29T10:53:29","modified_gmt":"2023-12-29T16:53:29","slug":"festeja-mara-lezama-con-ninas-ninos-adolescentes-y-adultos-mayores","status":"publish","type":"post","link":"http:\/\/vertienteglobal.com\/?p=235919","title":{"rendered":"Festeja Mara Lezama con ni\u00f1as, ni\u00f1os, adolescentes y adultos mayores"},"content":{"rendered":"\n<div class=\"twitterbutton\" style=\"float: right; padding-left: 5px;\"><a href=\"http:\/\/twitter.com\/share\" class=\"twitter-share-button\" data-count=\"horizontal\" data-text=\"Festeja Mara Lezama con ni\u00f1as, ni\u00f1os, adolescentes y adultos mayores\" data-via=\"https:\/\/twitter.com\/VertienteGloba1\" data-url=\"http:\/\/vertienteglobal.com\/?p=235919\" data-lang=\"es\" data-related=\"Informaci\u00f3n general:S\u00edguenos para que est\u00e9ss informado\"><\/a><\/div>\n<figure class=\"wp-block-image size-large\"><img loading=\"lazy\" decoding=\"async\" width=\"1024\" height=\"682\" src=\"http:\/\/vertienteglobal.com\/wp-content\/uploads\/2023\/12\/ninos-1024x682.jpg\" alt=\"\" class=\"wp-image-235920\" srcset=\"http:\/\/vertienteglobal.com\/wp-content\/uploads\/2023\/12\/ninos-1024x682.jpg 1024w, http:\/\/vertienteglobal.com\/wp-content\/uploads\/2023\/12\/ninos-300x200.jpg 300w, http:\/\/vertienteglobal.com\/wp-content\/uploads\/2023\/12\/ninos-150x100.jpg 150w, http:\/\/vertienteglobal.com\/wp-content\/uploads\/2023\/12\/ninos-768x512.jpg 768w, http:\/\/vertienteglobal.com\/wp-content\/uploads\/2023\/12\/ninos-1536x1023.jpg 1536w, http:\/\/vertienteglobal.com\/wp-content\/uploads\/2023\/12\/ninos.jpg 1600w\" sizes=\"auto, (max-width: 1024px) 100vw, 1024px\" \/><\/figure>\n\n\n\n<p>(Redaccion)<\/p>\n\n\n\n<p>En este encuentro celebr\u00f3 las fiestas decembrinas, cant\u00f3 las tradicionales posadas y entreg\u00f3 regalos<\/p>\n\n\n\n<p>Chetumal, Quintana Roo, a 25 de diciembre del 2023.- La gobernadora Mara Lezama Espinosa convivi\u00f3 con ni\u00f1as, ni\u00f1os y adolescentes de la Casa Hogar del Sistema DIF Quintana Roo, a quienes llev\u00f3 un mensaje de amor, de esperanza, de mejores deseos en la Navidad y el nuevo a\u00f1o, adem\u00e1s estuvo con los adultos mayores a quienes anunci\u00f3 los avances en la remodelaci\u00f3n de su estancia en la que se invierten casi 11 millones de pesos.<\/p>\n\n\n\n<p>Acompa\u00f1ada de la presidenta honoraria del DIF Quintana Roo, Ver\u00f3nica Lezama Espinosa, la titular del Ejecutivo destac\u00f3 que la Casa Hogar est\u00e1 cimentada en el amor. \u201cNo puedo dejar de agradecer a las y los padrinos de esta casa hogar, que son \u00e1ngeles que les cuidan y les procuran\u201d dijo.<\/p>\n\n\n\n<p>En el mensaje de amor, la gobernadora Mara Lezama les dijo que en este nuevo gobierno de la transformaci\u00f3n profunda, del cambio verdadero, se pone en la prioridad de lo p\u00fablico a los seres humanos, pero principalmente a quienes m\u00e1s lo necesitan, de acuerdo con el Nuevo Acuerdo por el Bienestar y Desarrollo de Quintana Roo.<\/p>\n\n\n\n<p>En un ambiente festivo, la gobernadora de Quintana Roo cant\u00f3 las tradicionales posadas y acompa\u00f1\u00f3 a los 57 ni\u00f1os, ni\u00f1as y adolescentes que viven en la Casa Hogar bajo la direcci\u00f3n de Laura V\u00e1zquez Handall.<\/p>\n\n\n\n<p>La presidenta honoraria del DIF Ver\u00f3nica Lezama exhort\u00f3 a la ni\u00f1ez a disfrutar de estas fechas, pero sobre todo a refrendar su fe y confianza para que sus sue\u00f1os se hagan realidad.<\/p>\n\n\n\n<p>Durante la convivencia, la gobernadora Mara Lezama dijo que el mejor regalo es la paz, que solo el amor nos muestra el camino, en tanto que la violencia y los vicios nos apartan del camino del bien y eso, por ning\u00fan motivo, se puede permitir.<\/p>\n\n\n\n<p>En tanto que al convivir con los adultos mayores, en donde disfrutaron de un delicioso escapeche, la Gobernadora anunci\u00f3 que se est\u00e1n realizando trabajos de remodelaci\u00f3n que tiene un avance del 60 por ciento y en la que se han invertido m\u00e1s de 11 millones de pesos en la Casa de los Adultos Mayores.<\/p>\n\n\n\n<figure class=\"wp-block-image size-full\"><img loading=\"lazy\" decoding=\"async\" width=\"585\" height=\"390\" src=\"http:\/\/vertienteglobal.com\/wp-content\/uploads\/2023\/12\/ninos2-585x390-1.jpg\" alt=\"\" class=\"wp-image-235921\" srcset=\"http:\/\/vertienteglobal.com\/wp-content\/uploads\/2023\/12\/ninos2-585x390-1.jpg 585w, http:\/\/vertienteglobal.com\/wp-content\/uploads\/2023\/12\/ninos2-585x390-1-300x200.jpg 300w, http:\/\/vertienteglobal.com\/wp-content\/uploads\/2023\/12\/ninos2-585x390-1-150x100.jpg 150w\" sizes=\"auto, (max-width: 585px) 100vw, 585px\" \/><\/figure>\n\n\n\n<figure class=\"wp-block-image size-full\"><img loading=\"lazy\" decoding=\"async\" width=\"585\" height=\"390\" src=\"http:\/\/vertienteglobal.com\/wp-content\/uploads\/2023\/12\/ninos3-585x390-1.jpg\" alt=\"\" class=\"wp-image-235922\" srcset=\"http:\/\/vertienteglobal.com\/wp-content\/uploads\/2023\/12\/ninos3-585x390-1.jpg 585w, http:\/\/vertienteglobal.com\/wp-content\/uploads\/2023\/12\/ninos3-585x390-1-300x200.jpg 300w, http:\/\/vertienteglobal.com\/wp-content\/uploads\/2023\/12\/ninos3-585x390-1-150x100.jpg 150w\" sizes=\"auto, (max-width: 585px) 100vw, 585px\" \/><\/figure>\n\n\n\n<figure class=\"wp-block-image size-full\"><img loading=\"lazy\" decoding=\"async\" width=\"585\" height=\"390\" src=\"http:\/\/vertienteglobal.com\/wp-content\/uploads\/2023\/12\/ninos4-585x390-1.jpg\" alt=\"\" class=\"wp-image-235923\" srcset=\"http:\/\/vertienteglobal.com\/wp-content\/uploads\/2023\/12\/ninos4-585x390-1.jpg 585w, http:\/\/vertienteglobal.com\/wp-content\/uploads\/2023\/12\/ninos4-585x390-1-300x200.jpg 300w, http:\/\/vertienteglobal.com\/wp-content\/uploads\/2023\/12\/ninos4-585x390-1-150x100.jpg 150w\" sizes=\"auto, (max-width: 585px) 100vw, 585px\" \/><\/figure>\n\n\n\n<figure class=\"wp-block-image size-full\"><img loading=\"lazy\" decoding=\"async\" width=\"585\" height=\"390\" src=\"http:\/\/vertienteglobal.com\/wp-content\/uploads\/2023\/12\/ninos5-585x390-1.jpg\" alt=\"\" class=\"wp-image-235924\" srcset=\"http:\/\/vertienteglobal.com\/wp-content\/uploads\/2023\/12\/ninos5-585x390-1.jpg 585w, http:\/\/vertienteglobal.com\/wp-content\/uploads\/2023\/12\/ninos5-585x390-1-300x200.jpg 300w, http:\/\/vertienteglobal.com\/wp-content\/uploads\/2023\/12\/ninos5-585x390-1-150x100.jpg 150w\" sizes=\"auto, (max-width: 585px) 100vw, 585px\" \/><\/figure>\n\n\n\n<figure class=\"wp-block-image size-full\"><img loading=\"lazy\" decoding=\"async\" width=\"585\" height=\"390\" src=\"http:\/\/vertienteglobal.com\/wp-content\/uploads\/2023\/12\/ninos6-585x390-1.jpg\" alt=\"\" class=\"wp-image-235925\" srcset=\"http:\/\/vertienteglobal.com\/wp-content\/uploads\/2023\/12\/ninos6-585x390-1.jpg 585w, http:\/\/vertienteglobal.com\/wp-content\/uploads\/2023\/12\/ninos6-585x390-1-300x200.jpg 300w, http:\/\/vertienteglobal.com\/wp-content\/uploads\/2023\/12\/ninos6-585x390-1-150x100.jpg 150w\" sizes=\"auto, (max-width: 585px) 100vw, 585px\" \/><\/figure>\n","protected":false},"excerpt":{"rendered":"<p>(Redaccion) En este encuentro celebr\u00f3 las fiestas decembrinas, cant\u00f3 las tradicionales posadas y entreg\u00f3 regalos Chetumal, Quintana Roo, a 25 de diciembre del 2023.- La gobernadora Mara Lezama Espinosa convivi\u00f3 con ni\u00f1as, ni\u00f1os y adolescentes de la Casa Hogar del Sistema DIF Quintana Roo, a quienes llev\u00f3 un mensaje de amor, de esperanza, de mejores [&hellip;]<\/p>\n","protected":false},"author":1,"featured_media":235920,"comment_status":"open","ping_status":"open","sticky":false,"template":"","format":"standard","meta":{"footnotes":""},"categories":[3],"tags":[],"class_list":["post-235919","post","type-post","status-publish","format-standard","has-post-thumbnail","hentry","category-quintana-roo","entry","has-media"],"jetpack_featured_media_url":"http:\/\/vertienteglobal.com\/wp-content\/uploads\/2023\/12\/ninos.jpg","_links":{"self":[{"href":"http:\/\/vertienteglobal.com\/index.php?rest_route=\/wp\/v2\/posts\/235919","targetHints":{"allow":["GET"]}}],"collection":[{"href":"http:\/\/vertienteglobal.com\/index.php?rest_route=\/wp\/v2\/posts"}],"about":[{"href":"http:\/\/vertienteglobal.com\/index.php?rest_route=\/wp\/v2\/types\/post"}],"author":[{"embeddable":true,"href":"http:\/\/vertienteglobal.com\/index.php?rest_route=\/wp\/v2\/users\/1"}],"replies":[{"embeddable":true,"href":"http:\/\/vertienteglobal.com\/index.php?rest_route=%2Fwp%2Fv2%2Fcomments&post=235919"}],"version-history":[{"count":0,"href":"http:\/\/vertienteglobal.com\/index.php?rest_route=\/wp\/v2\/posts\/235919\/revisions"}],"wp:featuredmedia":[{"embeddable":true,"href":"http:\/\/vertienteglobal.com\/index.php?rest_route=\/wp\/v2\/media\/235920"}],"wp:attachment":[{"href":"http:\/\/vertienteglobal.com\/index.php?rest_route=%2Fwp%2Fv2%2Fmedia&parent=235919"}],"wp:term":[{"taxonomy":"category","embeddable":true,"href":"http:\/\/vertienteglobal.com\/index.php?rest_route=%2Fwp%2Fv2%2Fcategories&post=235919"},{"taxonomy":"post_tag","embeddable":true,"href":"http:\/\/vertienteglobal.com\/index.php?rest_route=%2Fwp%2Fv2%2Ftags&post=235919"}],"curies":[{"name":"wp","href":"https:\/\/api.w.org\/{rel}","templated":true}]}}