{"id":235782,"date":"2023-12-16T21:19:00","date_gmt":"2023-12-17T03:19:00","guid":{"rendered":"http:\/\/vertienteglobal.com\/?p=235782"},"modified":"2023-12-18T11:43:40","modified_gmt":"2023-12-18T17:43:40","slug":"entrega-eric-arcila-diplomas-a-entrenadores-y-representantes-de-asociacion-de-quintana-roo","status":"publish","type":"post","link":"http:\/\/vertienteglobal.com\/?p=235782","title":{"rendered":"Entrega Eric Arcila diplomas a entrenadores y representantes de asociaci\u00f3n de Quintana Roo"},"content":{"rendered":"\n<div class=\"twitterbutton\" style=\"float: right; padding-left: 5px;\"><a href=\"http:\/\/twitter.com\/share\" class=\"twitter-share-button\" data-count=\"horizontal\" data-text=\"Entrega Eric Arcila diplomas a entrenadores y representantes de asociaci\u00f3n de Q...\" data-via=\"https:\/\/twitter.com\/VertienteGloba1\" data-url=\"http:\/\/vertienteglobal.com\/?p=235782\" data-lang=\"es\" data-related=\"Informaci\u00f3n general:S\u00edguenos para que est\u00e9ss informado\"><\/a><\/div>\n<figure class=\"wp-block-image size-large\"><img loading=\"lazy\" decoding=\"async\" width=\"1024\" height=\"682\" src=\"http:\/\/vertienteglobal.com\/wp-content\/uploads\/2023\/12\/codec2-1024x682.jpg\" alt=\"\" class=\"wp-image-235783\" srcset=\"http:\/\/vertienteglobal.com\/wp-content\/uploads\/2023\/12\/codec2-1024x682.jpg 1024w, http:\/\/vertienteglobal.com\/wp-content\/uploads\/2023\/12\/codec2-300x200.jpg 300w, http:\/\/vertienteglobal.com\/wp-content\/uploads\/2023\/12\/codec2-150x100.jpg 150w, http:\/\/vertienteglobal.com\/wp-content\/uploads\/2023\/12\/codec2-768x512.jpg 768w, http:\/\/vertienteglobal.com\/wp-content\/uploads\/2023\/12\/codec2-1536x1023.jpg 1536w, http:\/\/vertienteglobal.com\/wp-content\/uploads\/2023\/12\/codec2.jpg 1600w\" sizes=\"auto, (max-width: 1024px) 100vw, 1024px\" \/><\/figure>\n\n\n\n<p>(Redaccion)<\/p>\n\n\n\n<p>Tras finalizar con \u00e9xito el \u201cDiplomado de Metodolog\u00eda Aplicada al Deporte\u201d y el \u201cCurso de Administraci\u00f3n de Asociaciones y Entidades Deportivas\u201d<\/p>\n\n\n\n<p>Canc\u00fan, Quintana Roo, a 16 de diciembre del 2023.- Alrededor de 100 entrenadoras y entrenadores, as\u00ed como representantes de 125 asociaciones deportivas de la entidad, finalizaron con \u00e9xito el \u201cDiplomado de Metodolog\u00eda Aplicada al Deporte\u201d y el \u201cCurso de Administraci\u00f3n de Asociaciones y Entidades Deportivas\u201d, recibiendo sus respectivos reconocimientos y diplomas de manos de Eric Arcila Arjona, presidente de la Comisi\u00f3n del Deporte de Quintana Roo (CODEQ), durante la ceremonia de clausura de esta capacitaci\u00f3n.<\/p>\n\n\n\n<p>Tal como lo estipula el Nuevo Acuerdo por el Bienestar y Desarrollo, promovido por la gobernadora Mara Lezama Espinosa, uno de los objetivos en la CODEQ es capacitar constantemente a las y los entrenadores y participantes del deporte en Quintana Roo, buscando mejorar las condiciones de entrenamiento y preparaci\u00f3n de nuestras y nuestros deportistas.<\/p>\n\n\n\n<p>\u201cEstoy convencido de que el deporte es la suma de esfuerzos y voluntades, porque para tener buenos deportistas y grandes resultados, necesitamos de excelentes entrenadores y representantes de asociaciones, por eso como autoridades nos dimos a la tarea para mejorar el programa para el desarrollo deportivo de nuestra entidad y fue que se logr\u00f3 este diplomado y curso, que sabemos servir\u00e1 para el d\u00eda a d\u00eda\u201d, coment\u00f3 Eric Arcila.<\/p>\n\n\n\n<p>Cabe destacar que esta capacitaci\u00f3n, que es \u00fanico en el pa\u00eds, const\u00f3 de nueve m\u00f3dulos para el diplomado y seis sesiones para el curso, y se trat\u00f3 de un trabajo en conjunto de la CODEQ con el Instituto de Formaci\u00f3n Profesional \u201cVive del Deporte\u201d, beneficiando a m\u00e1s de 100 entrenadoras y entrenadores e integrantes de 125 asociaciones provenientes de los 11 municipios de la entidad.<\/p>\n\n\n\n<p>\u201cHoy quiero felicitarlos a todos los que finalizan con diplomado, porque no es f\u00e1cil ser parte del deporte y al mismo tiempo estarse capacitando, les expreso mi admiraci\u00f3n y con este primer curso estamos dando apertura para hacer m\u00e1s actualizaciones, porque el deporte est\u00e1 en un cambio constante y queremos que este espacio de aprendizaje crezca la invitaci\u00f3n a todas y todos los entrenadores de Quintana Roo\u201d, a\u00f1adi\u00f3 Arcila Arjona.<\/p>\n\n\n\n<p>Este diplomado adem\u00e1s de crear una actualizaci\u00f3n en el sector deportivo para las y los entrenadores, tambi\u00e9n abord\u00f3 temas de importancia para adquirir los principios y fundamentos de la metodolog\u00eda aplicada al deporte y con ello mejorar aspectos como los procesos de entrenamientos.<\/p>\n\n\n\n<p>La clausura del diplomado, tambi\u00e9n estuvieron presentes Karen Ivonne Rosado Cortez de la disciplina de karate; Sebasti\u00e1n Mu\u00f1oz de Fisicoconstructivismo; as\u00ed como Mario Alberto Reynoso Ochoa, de \u201cVive Del Deporte\u201d; y Heberth Can Murillo, director de Planeaci\u00f3n y Desarrollo de la CODEQ<\/p>\n\n\n\n<figure class=\"wp-block-image size-full\"><img loading=\"lazy\" decoding=\"async\" width=\"585\" height=\"390\" src=\"http:\/\/vertienteglobal.com\/wp-content\/uploads\/2023\/12\/codec3-585x390-1.jpg\" alt=\"\" class=\"wp-image-235784\" srcset=\"http:\/\/vertienteglobal.com\/wp-content\/uploads\/2023\/12\/codec3-585x390-1.jpg 585w, http:\/\/vertienteglobal.com\/wp-content\/uploads\/2023\/12\/codec3-585x390-1-300x200.jpg 300w, http:\/\/vertienteglobal.com\/wp-content\/uploads\/2023\/12\/codec3-585x390-1-150x100.jpg 150w\" sizes=\"auto, (max-width: 585px) 100vw, 585px\" \/><\/figure>\n\n\n\n<figure class=\"wp-block-image size-full\"><img loading=\"lazy\" decoding=\"async\" width=\"585\" height=\"390\" src=\"http:\/\/vertienteglobal.com\/wp-content\/uploads\/2023\/12\/codec-585x390-1.jpg\" alt=\"\" class=\"wp-image-235785\" srcset=\"http:\/\/vertienteglobal.com\/wp-content\/uploads\/2023\/12\/codec-585x390-1.jpg 585w, http:\/\/vertienteglobal.com\/wp-content\/uploads\/2023\/12\/codec-585x390-1-300x200.jpg 300w, http:\/\/vertienteglobal.com\/wp-content\/uploads\/2023\/12\/codec-585x390-1-150x100.jpg 150w\" sizes=\"auto, (max-width: 585px) 100vw, 585px\" \/><\/figure>\n","protected":false},"excerpt":{"rendered":"<p>(Redaccion) Tras finalizar con \u00e9xito el \u201cDiplomado de Metodolog\u00eda Aplicada al Deporte\u201d y el \u201cCurso de Administraci\u00f3n de Asociaciones y Entidades Deportivas\u201d Canc\u00fan, Quintana Roo, a 16 de diciembre del 2023.- Alrededor de 100 entrenadoras y entrenadores, as\u00ed como representantes de 125 asociaciones deportivas de la entidad, finalizaron con \u00e9xito el \u201cDiplomado de Metodolog\u00eda Aplicada [&hellip;]<\/p>\n","protected":false},"author":1,"featured_media":235783,"comment_status":"open","ping_status":"open","sticky":false,"template":"","format":"standard","meta":{"footnotes":""},"categories":[11,3],"tags":[],"class_list":["post-235782","post","type-post","status-publish","format-standard","has-post-thumbnail","hentry","category-deportes","category-quintana-roo","entry","has-media"],"jetpack_featured_media_url":"http:\/\/vertienteglobal.com\/wp-content\/uploads\/2023\/12\/codec2.jpg","_links":{"self":[{"href":"http:\/\/vertienteglobal.com\/index.php?rest_route=\/wp\/v2\/posts\/235782","targetHints":{"allow":["GET"]}}],"collection":[{"href":"http:\/\/vertienteglobal.com\/index.php?rest_route=\/wp\/v2\/posts"}],"about":[{"href":"http:\/\/vertienteglobal.com\/index.php?rest_route=\/wp\/v2\/types\/post"}],"author":[{"embeddable":true,"href":"http:\/\/vertienteglobal.com\/index.php?rest_route=\/wp\/v2\/users\/1"}],"replies":[{"embeddable":true,"href":"http:\/\/vertienteglobal.com\/index.php?rest_route=%2Fwp%2Fv2%2Fcomments&post=235782"}],"version-history":[{"count":0,"href":"http:\/\/vertienteglobal.com\/index.php?rest_route=\/wp\/v2\/posts\/235782\/revisions"}],"wp:featuredmedia":[{"embeddable":true,"href":"http:\/\/vertienteglobal.com\/index.php?rest_route=\/wp\/v2\/media\/235783"}],"wp:attachment":[{"href":"http:\/\/vertienteglobal.com\/index.php?rest_route=%2Fwp%2Fv2%2Fmedia&parent=235782"}],"wp:term":[{"taxonomy":"category","embeddable":true,"href":"http:\/\/vertienteglobal.com\/index.php?rest_route=%2Fwp%2Fv2%2Fcategories&post=235782"},{"taxonomy":"post_tag","embeddable":true,"href":"http:\/\/vertienteglobal.com\/index.php?rest_route=%2Fwp%2Fv2%2Ftags&post=235782"}],"curies":[{"name":"wp","href":"https:\/\/api.w.org\/{rel}","templated":true}]}}